{"id":92891,"date":"2026-09-04T09:27:59","date_gmt":"2026-09-04T09:27:59","guid":{"rendered":"https:\/\/www.ccdrc.pt\/?p=92891"},"modified":"2026-09-04T09:48:15","modified_gmt":"2026-09-04T09:48:15","slug":"polo-de-inovacao-de-viseu-prossegue-prospecao-de-variedades-regionais-de-macieira","status":"publish","type":"post","link":"https:\/\/www.ccdrc.pt\/pt\/polo-de-inovacao-de-viseu-prossegue-prospecao-de-variedades-regionais-de-macieira\/","title":{"rendered":"Polo de Inova\u00e7\u00e3o de Viseu prossegue prospe\u00e7\u00e3o de variedades regionais de macieira"},"content":{"rendered":"<div class=\"fusion-fullwidth fullwidth-box fusion-builder-row-1 fusion-flex-container nonhundred-percent-fullwidth non-hundred-percent-height-scrolling\" style=\"--awb-border-radius-top-left:0px;--awb-border-radius-top-right:0px;--awb-border-radius-bottom-right:0px;--awb-border-radius-bottom-left:0px;\" ><div class=\"fusion-builder-row fusion-row fusion-flex-align-items-flex-start\" style=\"max-width:1288px;margin-left: calc(-0% \/ 2 );margin-right: calc(-0% \/ 2 );\"><div class=\"fusion-layout-column fusion_builder_column fusion-builder-column-0 fusion_builder_column_1_1 1_1 fusion-flex-column\" style=\"--awb-bg-size:cover;--awb-width-large:100%;--awb-margin-top-large:0px;--awb-spacing-right-large:0%;--awb-margin-bottom-large:0px;--awb-spacing-left-large:0%;--awb-width-medium:100%;--awb-spacing-right-medium:0%;--awb-spacing-left-medium:0%;--awb-width-small:100%;--awb-spacing-right-small:0%;--awb-spacing-left-small:0%;\"><div class=\"fusion-column-wrapper fusion-flex-justify-content-flex-start fusion-content-layout-column\"><div class=\"fusion-text fusion-text-1\"><div class=\"x_elementToProof\">\n<div class=\"x_elementToProof\" data-olk-copy-source=\"MessageBody\">No \u00e2mbito do projeto&nbsp;<b>GERMallus \u2013 Programa de Conserva\u00e7\u00e3o e Melhoramento Gen\u00e9tico Vegetal de Macieira<\/b>, encontra-se a decorrer, durante os meses de agosto e setembro, uma a\u00e7\u00e3o de prospe\u00e7\u00e3o de variedades regionais de macieira na Regi\u00e3o Centro.<\/div>\n<div>&nbsp;<\/div>\n<div class=\"x_elementToProof\">A iniciativa tem como objetivo localizar, identificar e recolher variedades referenciadas na bibliografia que ainda n\u00e3o integram a cole\u00e7\u00e3o do Polo de Inova\u00e7\u00e3o de Viseu, contribuindo para a conserva\u00e7\u00e3o e valoriza\u00e7\u00e3o da diversidade gen\u00e9tica da macieira.<\/div>\n<div>&nbsp;<\/div>\n<div class=\"x_elementToProof\">A prospe\u00e7\u00e3o permite salvaguardar variedades tradicionais ou regionais, muitas delas associadas ao patrim\u00f3nio agr\u00edcola dos territ\u00f3rios, criando condi\u00e7\u00f5es para a sua posterior conserva\u00e7\u00e3o, caracteriza\u00e7\u00e3o e estudo.<\/div>\n<div>&nbsp;<\/div>\n<div class=\"x_elementToProof\">Com execu\u00e7\u00e3o entre 2026 e 2028, o projeto GERMallus, opera\u00e7\u00e3o PEPAC-C-115-009615, re\u00fane o Instituto Nacional de Investiga\u00e7\u00e3o Agr\u00e1ria e Veterin\u00e1ria, I.P. (INIAV), o Instituto Polit\u00e9cnico de Viana do Castelo (IPVC) e a CCDR Centro, num trabalho conjunto de conserva\u00e7\u00e3o, estudo e melhoramento gen\u00e9tico da macieira.<\/div>\n<div>&nbsp;<\/div>\n<div class=\"x_elementToProof\">Acompanhe este projeto e fique a conhecer o trabalho de inova\u00e7\u00e3o desenvolvido no Polo de Inova\u00e7\u00e3o de Viseu!<\/div>\n<div>&nbsp;<\/div>\n<\/div>\n<div>\n<div class=\"wp-block-image\"><img decoding=\"async\" class=\"wpa-warning wpa-image-missing-alt alignnone size-full wp-image-92894\" src=\"https:\/\/www.ccdrc.pt\/wp-content\/uploads\/2026\/09\/1.png\" alt=\"\" width=\"1536\" height=\"2048\" data-warning=\"Missing alt text\" srcset=\"https:\/\/www.ccdrc.pt\/wp-content\/uploads\/2026\/09\/1-9x12.png 9w, https:\/\/www.ccdrc.pt\/wp-content\/uploads\/2026\/09\/1-200x267.png 200w, https:\/\/www.ccdrc.pt\/wp-content\/uploads\/2026\/09\/1-400x533.png 400w, https:\/\/www.ccdrc.pt\/wp-content\/uploads\/2026\/09\/1-500x667.png 500w, https:\/\/www.ccdrc.pt\/wp-content\/uploads\/2026\/09\/1-600x800.png 600w, https:\/\/www.ccdrc.pt\/wp-content\/uploads\/2026\/09\/1-700x933.png 700w, https:\/\/www.ccdrc.pt\/wp-content\/uploads\/2026\/09\/1-768x1024.png 768w, https:\/\/www.ccdrc.pt\/wp-content\/uploads\/2026\/09\/1-800x1067.png 800w, https:\/\/www.ccdrc.pt\/wp-content\/uploads\/2026\/09\/1-1152x1536.png 1152w, https:\/\/www.ccdrc.pt\/wp-content\/uploads\/2026\/09\/1-1200x1600.png 1200w, https:\/\/www.ccdrc.pt\/wp-content\/uploads\/2026\/09\/1.png 1536w\" sizes=\"(max-width: 1536px) 100vw, 1536px\" \/><img decoding=\"async\" class=\"wpa-warning wpa-image-missing-alt alignnone size-full wp-image-92895\" src=\"https:\/\/www.ccdrc.pt\/wp-content\/uploads\/2026\/09\/3.png\" alt=\"\" width=\"1920\" height=\"1440\" data-warning=\"Missing alt text\" srcset=\"https:\/\/www.ccdrc.pt\/wp-content\/uploads\/2026\/09\/3-16x12.png 16w, https:\/\/www.ccdrc.pt\/wp-content\/uploads\/2026\/09\/3-200x150.png 200w, https:\/\/www.ccdrc.pt\/wp-content\/uploads\/2026\/09\/3-400x300.png 400w, https:\/\/www.ccdrc.pt\/wp-content\/uploads\/2026\/09\/3-500x375.png 500w, https:\/\/www.ccdrc.pt\/wp-content\/uploads\/2026\/09\/3-600x450.png 600w, https:\/\/www.ccdrc.pt\/wp-content\/uploads\/2026\/09\/3-700x525.png 700w, https:\/\/www.ccdrc.pt\/wp-content\/uploads\/2026\/09\/3-768x576.png 768w, https:\/\/www.ccdrc.pt\/wp-content\/uploads\/2026\/09\/3-800x600.png 800w, https:\/\/www.ccdrc.pt\/wp-content\/uploads\/2026\/09\/3-1200x900.png 1200w, https:\/\/www.ccdrc.pt\/wp-content\/uploads\/2026\/09\/3-1536x1152.png 1536w, https:\/\/www.ccdrc.pt\/wp-content\/uploads\/2026\/09\/3.png 1920w\" sizes=\"(max-width: 1920px) 100vw, 1920px\" \/><\/div>\n<\/div>\n<\/div><\/div><\/div><\/div><\/div>\n","protected":false},"excerpt":{"rendered":"","protected":false},"author":1455,"featured_media":92893,"comment_status":"closed","ping_status":"closed","sticky":false,"template":"","format":"standard","meta":{"_acf_changed":false,"_eb_attr":"","inline_featured_image":false,"iawp_total_views":1,"footnotes":""},"categories":[1023,815],"tags":[],"class_list":["post-92891","post","type-post","status-publish","format-standard","has-post-thumbnail","hentry","category-a-acontecer-nos-polos","category-agricultura-e-pescas"],"acf":[],"_links":{"self":[{"href":"https:\/\/www.ccdrc.pt\/pt\/wp-json\/wp\/v2\/posts\/92891","targetHints":{"allow":["GET"]}}],"collection":[{"href":"https:\/\/www.ccdrc.pt\/pt\/wp-json\/wp\/v2\/posts"}],"about":[{"href":"https:\/\/www.ccdrc.pt\/pt\/wp-json\/wp\/v2\/types\/post"}],"author":[{"embeddable":true,"href":"https:\/\/www.ccdrc.pt\/pt\/wp-json\/wp\/v2\/users\/1455"}],"replies":[{"embeddable":true,"href":"https:\/\/www.ccdrc.pt\/pt\/wp-json\/wp\/v2\/comments?post=92891"}],"version-history":[{"count":3,"href":"https:\/\/www.ccdrc.pt\/pt\/wp-json\/wp\/v2\/posts\/92891\/revisions"}],"predecessor-version":[{"id":92900,"href":"https:\/\/www.ccdrc.pt\/pt\/wp-json\/wp\/v2\/posts\/92891\/revisions\/92900"}],"wp:featuredmedia":[{"embeddable":true,"href":"https:\/\/www.ccdrc.pt\/pt\/wp-json\/wp\/v2\/media\/92893"}],"wp:attachment":[{"href":"https:\/\/www.ccdrc.pt\/pt\/wp-json\/wp\/v2\/media?parent=92891"}],"wp:term":[{"taxonomy":"category","embeddable":true,"href":"https:\/\/www.ccdrc.pt\/pt\/wp-json\/wp\/v2\/categories?post=92891"},{"taxonomy":"post_tag","embeddable":true,"href":"https:\/\/www.ccdrc.pt\/pt\/wp-json\/wp\/v2\/tags?post=92891"}],"curies":[{"name":"wp","href":"https:\/\/api.w.org\/{rel}","templated":true}]}}