{"id":92823,"date":"2026-09-02T11:26:22","date_gmt":"2026-09-02T11:26:22","guid":{"rendered":"https:\/\/www.ccdrc.pt\/?p=92823"},"modified":"2026-09-02T11:58:13","modified_gmt":"2026-09-02T11:58:13","slug":"exposicao-raizes-de-mulher-sementes-de-futuro-convidada-para-expomor","status":"publish","type":"post","link":"https:\/\/www.ccdrc.pt\/pt\/exposicao-raizes-de-mulher-sementes-de-futuro-convidada-para-expomor\/","title":{"rendered":"Exposi\u00e7\u00e3o &#8220;Ra\u00edzes de Mulher: Sementes de Futuro&#8221; convidada para EXPOMOR"},"content":{"rendered":"<div class=\"fusion-fullwidth fullwidth-box fusion-builder-row-1 fusion-flex-container nonhundred-percent-fullwidth non-hundred-percent-height-scrolling\" style=\"--awb-border-radius-top-left:0px;--awb-border-radius-top-right:0px;--awb-border-radius-bottom-right:0px;--awb-border-radius-bottom-left:0px;\" ><div class=\"fusion-builder-row fusion-row fusion-flex-align-items-flex-start\" style=\"max-width:1288px;margin-left: calc(-0% \/ 2 );margin-right: calc(-0% \/ 2 );\"><div class=\"fusion-layout-column fusion_builder_column fusion-builder-column-0 fusion_builder_column_1_1 1_1 fusion-flex-column\" style=\"--awb-bg-size:cover;--awb-width-large:100%;--awb-margin-top-large:0px;--awb-spacing-right-large:0%;--awb-margin-bottom-large:0px;--awb-spacing-left-large:0%;--awb-width-medium:100%;--awb-spacing-right-medium:0%;--awb-spacing-left-medium:0%;--awb-width-small:100%;--awb-spacing-right-small:0%;--awb-spacing-left-small:0%;\"><div class=\"fusion-column-wrapper fusion-flex-justify-content-flex-start fusion-content-layout-column\"><div class=\"fusion-text fusion-text-1\"><p class=\"x_x_MsoNormal\"><span data-olk-copy-source=\"MessageBody\">A exposi\u00e7\u00e3o de fotografia \u2018<b>Ra\u00edzes de Mulher:&nbsp;Sementes de Futuro<\/b>\u2019, promovida pela CCDR Centro,&nbsp;encontra-se agora patente na EXPOMOR \u2013 Feira da Luz, em Montemor-o-Novo.<\/span><\/p>\n<p class=\"x_x_MsoNormal\">Integrada nas comemora\u00e7\u00f5es do&nbsp;<b>Ano Internacional da Mulher na Agricultura 2026<\/b>, a mostra celebra as mulheres, as suas hist\u00f3rias e o seu lugar no mundo. A exposi\u00e7\u00e3o re\u00fane fotografias hist\u00f3ricas provenientes dos esp\u00f3lios do Arquivo Municipal de Lisboa e da Biblioteca de Arte da Funda\u00e7\u00e3o Calouste Gulbenkian, incluindo obras de fot\u00f3grafos como Artur Pastor, M\u00e1rio Novais e Hor\u00e1cio Novais.<\/p>\n<p class=\"x_x_MsoNormal\">No dia 7 de setembro, pelas 10h30, a CCDR Centro estar\u00e1 ainda presente na mesa-redonda do Col\u00f3quio \u2018Mulheres Agricultoras \u2013 Vozes, Experi\u00eancias e Desafios\u2019, promovido pela APORMOR &#8211; Associa\u00e7\u00e3o de Produtores do Mundo Rural da Regi\u00e3o de Montemor-o-Novo.<\/p>\n<p class=\"x_x_MsoNormal\">EXPOMOR 2026 | 2 a 7 de setembro | Parque de Leil\u00f5es, Montemor-o-Novo<\/p>\n<p class=\"x_x_MsoNormal\">Consulte aqui o programa completo da EXPOMOR:&nbsp;<a title=\"https:\/\/www.apormor.pt\/\" href=\"https:\/\/www.apormor.pt\/\" target=\"_blank\" rel=\"noopener noreferrer\" data-auth=\"NotApplicable\" data-linkindex=\"9\">https:\/\/www.apormor.pt\/<\/a><\/p>\n<p class=\"x_x_MsoNormal\">Saiba mais em&nbsp;<a title=\"https:\/\/www.ccdrc.pt\/pt\/raizes-de-mulher-sementes-de-futuro\/\" href=\"https:\/\/www.ccdrc.pt\/pt\/raizes-de-mulher-sementes-de-futuro\/\" target=\"_blank\" rel=\"noopener noreferrer\" data-auth=\"NotApplicable\" data-linkindex=\"10\">https:\/\/www.ccdrc.pt\/pt\/raizes-de-mulher-sementes-de-futuro\/&nbsp;<\/a><\/p>\n<div class=\"wp-block-image\">\n<div class=\"wp-block-image\">\n<div class=\"wp-block-image\"><img decoding=\"async\" class=\"wpa-warning wpa-image-missing-alt alignnone size-full wp-image-92834\" src=\"https:\/\/www.ccdrc.pt\/wp-content\/uploads\/2026\/09\/roda-grande.jpg\" alt=\"\" width=\"1900\" height=\"917\" data-warning=\"Missing alt text\" srcset=\"https:\/\/www.ccdrc.pt\/wp-content\/uploads\/2026\/09\/roda-grande-18x9.jpg 18w, https:\/\/www.ccdrc.pt\/wp-content\/uploads\/2026\/09\/roda-grande-200x97.jpg 200w, https:\/\/www.ccdrc.pt\/wp-content\/uploads\/2026\/09\/roda-grande-400x193.jpg 400w, https:\/\/www.ccdrc.pt\/wp-content\/uploads\/2026\/09\/roda-grande-500x241.jpg 500w, https:\/\/www.ccdrc.pt\/wp-content\/uploads\/2026\/09\/roda-grande-600x290.jpg 600w, https:\/\/www.ccdrc.pt\/wp-content\/uploads\/2026\/09\/roda-grande-700x338.jpg 700w, https:\/\/www.ccdrc.pt\/wp-content\/uploads\/2026\/09\/roda-grande-768x371.jpg 768w, https:\/\/www.ccdrc.pt\/wp-content\/uploads\/2026\/09\/roda-grande-800x386.jpg 800w, https:\/\/www.ccdrc.pt\/wp-content\/uploads\/2026\/09\/roda-grande-1200x579.jpg 1200w, https:\/\/www.ccdrc.pt\/wp-content\/uploads\/2026\/09\/roda-grande-1536x741.jpg 1536w, https:\/\/www.ccdrc.pt\/wp-content\/uploads\/2026\/09\/roda-grande.jpg 1900w\" sizes=\"(max-width: 1900px) 100vw, 1900px\" \/><\/div>\n<\/div>\n<\/div>\n<p class=\"x_x_MsoNormal\">&nbsp;<\/p>\n<\/div><\/div><\/div><\/div><\/div>\n","protected":false},"excerpt":{"rendered":"","protected":false},"author":1460,"featured_media":92831,"comment_status":"closed","ping_status":"closed","sticky":false,"template":"","format":"standard","meta":{"_acf_changed":false,"_eb_attr":"","inline_featured_image":false,"iawp_total_views":21,"footnotes":""},"categories":[763],"tags":[],"class_list":["post-92823","post","type-post","status-publish","format-standard","has-post-thumbnail","hentry","category-desenvolvimento-rural-e-agroalimentar"],"acf":[],"_links":{"self":[{"href":"https:\/\/www.ccdrc.pt\/pt\/wp-json\/wp\/v2\/posts\/92823","targetHints":{"allow":["GET"]}}],"collection":[{"href":"https:\/\/www.ccdrc.pt\/pt\/wp-json\/wp\/v2\/posts"}],"about":[{"href":"https:\/\/www.ccdrc.pt\/pt\/wp-json\/wp\/v2\/types\/post"}],"author":[{"embeddable":true,"href":"https:\/\/www.ccdrc.pt\/pt\/wp-json\/wp\/v2\/users\/1460"}],"replies":[{"embeddable":true,"href":"https:\/\/www.ccdrc.pt\/pt\/wp-json\/wp\/v2\/comments?post=92823"}],"version-history":[{"count":4,"href":"https:\/\/www.ccdrc.pt\/pt\/wp-json\/wp\/v2\/posts\/92823\/revisions"}],"predecessor-version":[{"id":92835,"href":"https:\/\/www.ccdrc.pt\/pt\/wp-json\/wp\/v2\/posts\/92823\/revisions\/92835"}],"wp:featuredmedia":[{"embeddable":true,"href":"https:\/\/www.ccdrc.pt\/pt\/wp-json\/wp\/v2\/media\/92831"}],"wp:attachment":[{"href":"https:\/\/www.ccdrc.pt\/pt\/wp-json\/wp\/v2\/media?parent=92823"}],"wp:term":[{"taxonomy":"category","embeddable":true,"href":"https:\/\/www.ccdrc.pt\/pt\/wp-json\/wp\/v2\/categories?post=92823"},{"taxonomy":"post_tag","embeddable":true,"href":"https:\/\/www.ccdrc.pt\/pt\/wp-json\/wp\/v2\/tags?post=92823"}],"curies":[{"name":"wp","href":"https:\/\/api.w.org\/{rel}","templated":true}]}}