{"id":92786,"date":"2026-09-04T09:39:19","date_gmt":"2026-09-04T09:39:19","guid":{"rendered":"https:\/\/www.ccdrc.pt\/?p=92786"},"modified":"2026-09-04T09:41:31","modified_gmt":"2026-09-04T09:41:31","slug":"com-o-apoio-da-ccdr-centro-drop-2026-leva-criacao-e-experimentacao-sonora-a-travasso","status":"publish","type":"post","link":"https:\/\/www.ccdrc.pt\/pt\/com-o-apoio-da-ccdr-centro-drop-2026-leva-criacao-e-experimentacao-sonora-a-travasso\/","title":{"rendered":"CCDR Centro apoia &#8220;DROP 2026&#8221;, festival para a cria\u00e7\u00e3o e experimenta\u00e7\u00e3o sonora"},"content":{"rendered":"<div class=\"fusion-fullwidth fullwidth-box fusion-builder-row-1 fusion-flex-container nonhundred-percent-fullwidth non-hundred-percent-height-scrolling\" style=\"--awb-border-radius-top-left:0px;--awb-border-radius-top-right:0px;--awb-border-radius-bottom-right:0px;--awb-border-radius-bottom-left:0px;\" ><div class=\"fusion-builder-row fusion-row fusion-flex-align-items-flex-start\" style=\"max-width:1288px;margin-left: calc(-0% \/ 2 );margin-right: calc(-0% \/ 2 );\"><div class=\"fusion-layout-column fusion_builder_column fusion-builder-column-0 fusion_builder_column_1_1 1_1 fusion-flex-column\" style=\"--awb-bg-size:cover;--awb-width-large:100%;--awb-margin-top-large:0px;--awb-spacing-right-large:0%;--awb-margin-bottom-large:0px;--awb-spacing-left-large:0%;--awb-width-medium:100%;--awb-spacing-right-medium:0%;--awb-spacing-left-medium:0%;--awb-width-small:100%;--awb-spacing-right-small:0%;--awb-spacing-left-small:0%;\"><div class=\"fusion-column-wrapper fusion-flex-justify-content-flex-start fusion-content-layout-column\"><div class=\"fusion-text fusion-text-1\"><p>&nbsp;A CCDR Centro apoia o DROP &#8211; Festival de Instrumentos de Sopro, um projeto da Luarky &#8211; Associa\u00e7\u00e3o Cultural e Recreativa &#8211; no \u00e2mbito do programa Cultura ao Centro 2026 &#8211; Apoio \u00e0 A\u00e7\u00e3o Cultural, na medida 2 &#8211; Programa\u00e7\u00e3o\/Difus\u00e3o. A iniciativa decorrer\u00e1 entre 4 e 6 de setembro de 2026, no Parque de Almear, em Travass\u00f4, no concelho de \u00c1gueda, com entrada livre.<\/p>\n<p>Em 2026, o projeto ser\u00e1 apresentado como DROP &#8211; Laborat\u00f3rio de Cria\u00e7\u00e3o e Experimenta\u00e7\u00e3o Sonora e colocar\u00e1 os instrumentos de sopro no centro de uma programa\u00e7\u00e3o que integrar\u00e1 m\u00fasica, performances, hist\u00f3rias, oficinas, conversas, instala\u00e7\u00f5es sonoras e momentos de cria\u00e7\u00e3o e participa\u00e7\u00e3o.<\/p>\n<p>Ao longo dos tr\u00eas dias do festival, o programa incluir\u00e1 espet\u00e1culos como &#8220;Love Against The Machine&#8221;, &#8220;Anti_Medo&#8221;, &#8220;Choro de Aveiro&#8221;, &#8220;Roda de Choro Quinteto&#8221; e &#8220;Anima Dixie&#8221;, bem como atividades dirigidas a crian\u00e7as e fam\u00edlias, de explora\u00e7\u00e3o da natureza e instala\u00e7\u00f5es sonoras. A edi\u00e7\u00e3o de 2026 incluir\u00e1 tamb\u00e9m a estreia da DROPestra, um projeto art\u00edstico que cruza m\u00fasica, teatro, movimento e cria\u00e7\u00e3o visual, com uma presen\u00e7a particular dos instrumentos de sopro.<\/p>\n<p>A iniciativa dirige-se, entre outros p\u00fablicos, a crian\u00e7as e jovens ligados ao ensino da m\u00fasica, m\u00fasicos, elementos de bandas filarm\u00f3nicas e fam\u00edlias. O projeto desenvolve tamb\u00e9m a\u00e7\u00f5es que articulam a programa\u00e7\u00e3o cultural com as \u00e1reas da educa\u00e7\u00e3o e do ambiente, nomeadamente atrav\u00e9s da leitura, da sensibiliza\u00e7\u00e3o ambiental, da reutiliza\u00e7\u00e3o de materiais e de atividades de contacto com a natureza.<\/p>\n<p>O projeto DROP desenvolve-se em colabora\u00e7\u00e3o com agentes culturais e entidades locais, valorizando a cria\u00e7\u00e3o art\u00edstica, a participa\u00e7\u00e3o da comunidade e a diversidade da oferta cultural no concelho de \u00c1gueda.<\/p>\n<p>Atrav\u00e9s deste apoio, a CCDR Centro refor\u00e7a a valoriza\u00e7\u00e3o dos agentes culturais da regi\u00e3o e a dinamiza\u00e7\u00e3o cultural do territ\u00f3rio no \u00e2mbito do programa Cultura ao Centro 2026 &#8211; Apoio \u00e0 A\u00e7\u00e3o Cultural.<\/p>\n<\/div><\/div><\/div><\/div><\/div>\n","protected":false},"excerpt":{"rendered":"","protected":false},"author":1455,"featured_media":92787,"comment_status":"closed","ping_status":"closed","sticky":false,"template":"","format":"standard","meta":{"_acf_changed":false,"_eb_attr":"","inline_featured_image":false,"iawp_total_views":4,"footnotes":""},"categories":[764],"tags":[],"class_list":["post-92786","post","type-post","status-publish","format-standard","has-post-thumbnail","hentry","category-cultura"],"acf":[],"_links":{"self":[{"href":"https:\/\/www.ccdrc.pt\/pt\/wp-json\/wp\/v2\/posts\/92786","targetHints":{"allow":["GET"]}}],"collection":[{"href":"https:\/\/www.ccdrc.pt\/pt\/wp-json\/wp\/v2\/posts"}],"about":[{"href":"https:\/\/www.ccdrc.pt\/pt\/wp-json\/wp\/v2\/types\/post"}],"author":[{"embeddable":true,"href":"https:\/\/www.ccdrc.pt\/pt\/wp-json\/wp\/v2\/users\/1455"}],"replies":[{"embeddable":true,"href":"https:\/\/www.ccdrc.pt\/pt\/wp-json\/wp\/v2\/comments?post=92786"}],"version-history":[{"count":4,"href":"https:\/\/www.ccdrc.pt\/pt\/wp-json\/wp\/v2\/posts\/92786\/revisions"}],"predecessor-version":[{"id":92899,"href":"https:\/\/www.ccdrc.pt\/pt\/wp-json\/wp\/v2\/posts\/92786\/revisions\/92899"}],"wp:featuredmedia":[{"embeddable":true,"href":"https:\/\/www.ccdrc.pt\/pt\/wp-json\/wp\/v2\/media\/92787"}],"wp:attachment":[{"href":"https:\/\/www.ccdrc.pt\/pt\/wp-json\/wp\/v2\/media?parent=92786"}],"wp:term":[{"taxonomy":"category","embeddable":true,"href":"https:\/\/www.ccdrc.pt\/pt\/wp-json\/wp\/v2\/categories?post=92786"},{"taxonomy":"post_tag","embeddable":true,"href":"https:\/\/www.ccdrc.pt\/pt\/wp-json\/wp\/v2\/tags?post=92786"}],"curies":[{"name":"wp","href":"https:\/\/api.w.org\/{rel}","templated":true}]}}