{"id":92772,"date":"2026-08-28T10:31:48","date_gmt":"2026-08-28T10:31:48","guid":{"rendered":"https:\/\/www.ccdrc.pt\/?p=92772"},"modified":"2026-08-28T10:34:25","modified_gmt":"2026-08-28T10:34:25","slug":"sardinhas-doces-de-trancoso-tradicao-tecnica-e-memoria-de-uma-docaria-singular","status":"publish","type":"post","link":"https:\/\/www.ccdrc.pt\/pt\/sardinhas-doces-de-trancoso-tradicao-tecnica-e-memoria-de-uma-docaria-singular\/","title":{"rendered":"Sardinhas Doces de Trancoso: tradi\u00e7\u00e3o, t\u00e9cnica e mem\u00f3ria de uma do\u00e7aria singular"},"content":{"rendered":"<div class=\"fusion-fullwidth fullwidth-box fusion-builder-row-1 fusion-flex-container nonhundred-percent-fullwidth non-hundred-percent-height-scrolling\" style=\"--awb-border-radius-top-left:0px;--awb-border-radius-top-right:0px;--awb-border-radius-bottom-right:0px;--awb-border-radius-bottom-left:0px;\" ><div class=\"fusion-builder-row fusion-row fusion-flex-align-items-flex-start\" style=\"max-width:1288px;margin-left: calc(-0% \/ 2 );margin-right: calc(-0% \/ 2 );\"><div class=\"fusion-layout-column fusion_builder_column fusion-builder-column-0 fusion_builder_column_1_1 1_1 fusion-flex-column\" style=\"--awb-bg-size:cover;--awb-width-large:100%;--awb-margin-top-large:0px;--awb-spacing-right-large:0%;--awb-margin-bottom-large:0px;--awb-spacing-left-large:0%;--awb-width-medium:100%;--awb-spacing-right-medium:0%;--awb-spacing-left-medium:0%;--awb-width-small:100%;--awb-spacing-right-small:0%;--awb-spacing-left-small:0%;\"><div class=\"fusion-column-wrapper fusion-flex-justify-content-flex-start fusion-content-layout-column\"><div class=\"fusion-text fusion-text-1\"><div class=\"wp-block-image\"><img decoding=\"async\" class=\"wpa-warning wpa-image-missing-alt alignnone size-full wp-image-92773\" src=\"https:\/\/www.ccdrc.pt\/wp-content\/uploads\/2026\/08\/sardinha_1200x600.jpg\" alt=\"\" width=\"1200\" height=\"601\" data-warning=\"Missing alt text\" srcset=\"https:\/\/www.ccdrc.pt\/wp-content\/uploads\/2026\/08\/sardinha_1200x600-18x9.jpg 18w, https:\/\/www.ccdrc.pt\/wp-content\/uploads\/2026\/08\/sardinha_1200x600-200x100.jpg 200w, https:\/\/www.ccdrc.pt\/wp-content\/uploads\/2026\/08\/sardinha_1200x600-400x200.jpg 400w, https:\/\/www.ccdrc.pt\/wp-content\/uploads\/2026\/08\/sardinha_1200x600-500x250.jpg 500w, https:\/\/www.ccdrc.pt\/wp-content\/uploads\/2026\/08\/sardinha_1200x600-600x301.jpg 600w, https:\/\/www.ccdrc.pt\/wp-content\/uploads\/2026\/08\/sardinha_1200x600-700x351.jpg 700w, https:\/\/www.ccdrc.pt\/wp-content\/uploads\/2026\/08\/sardinha_1200x600-768x385.jpg 768w, https:\/\/www.ccdrc.pt\/wp-content\/uploads\/2026\/08\/sardinha_1200x600-800x401.jpg 800w, https:\/\/www.ccdrc.pt\/wp-content\/uploads\/2026\/08\/sardinha_1200x600.jpg 1200w\" sizes=\"(max-width: 1200px) 100vw, 1200px\" \/><\/div>\n<p>&nbsp;<\/p>\n<p>H\u00e1 doces que se distinguem pelo sabor e outros pela forma. As Sardinhas Doces de Trancoso re\u00fanem as duas caracter\u00edsticas. S\u00e3o um doce tradicional associado a Trancoso, na Beira Interior, cuja forma reproduz a de uma sardinha, embora n\u00e3o contenha qualquer ingrediente de origem marinha.<\/p>\n<p>A Dire\u00e7\u00e3o-Geral de Agricultura e Desenvolvimento Rural (DGADR) inclui as Sardinhas Doces de Trancoso entre os produtos tradicionais da regi\u00e3o Centro. A ficha oficial caracteriza-as como um doce frito, com 13 a 16 cent\u00edmetros de comprimento e 120 a 150 gramas de peso, constitu\u00eddo por uma massa que envolve um recheio de ovos, a\u00e7\u00facar e am\u00eandoa. Depois da fritura, a cabe\u00e7a e a cauda s\u00e3o envolvidas em chocolate e passadas por a\u00e7\u00facar e canela.<\/p>\n<p>A prepara\u00e7\u00e3o assenta em duas componentes principais. A massa \u00e9 feita com farinha, azeite e \u00e1gua; o recheio combina a\u00e7\u00facar, ovos e am\u00eandoa ralada. Depois de envolvido pela massa, o recheio \u00e9 moldado em forma de sardinha e o conjunto \u00e9 frito em \u00f3leo. As extremidades s\u00e3o ent\u00e3o passadas por chocolate quente e, posteriormente, por a\u00e7\u00facar e canela. A DGADR inclui ainda o sal entre os ingredientes que caracterizam o produto. O processo determina a textura final: a fritura produz uma camada exterior relativamente estaladi\u00e7a, enquanto o recheio apresenta cor amarela, consist\u00eancia pastosa e homogeneidade interm\u00e9dia. A combina\u00e7\u00e3o de ovo, a\u00e7\u00facar e am\u00eandoa constitui o elemento central do recheio, tanto do ponto de vista da composi\u00e7\u00e3o como da textura.<\/p>\n<p>A forma \u00e9 parte integrante da identidade do doce. A massa \u00e9 moldada para representar o corpo do peixe, com cabe\u00e7a e cauda claramente definidas. O chocolate aplicado nas extremidades refor\u00e7a essa representa\u00e7\u00e3o, criando a caracter\u00edstica colora\u00e7\u00e3o escura dessas zonas.<\/p>\n<p>O Munic\u00edpio de Trancoso associa a receita ao antigo Convento de Santa Clara, extinto em 1864, e atribui a sua cria\u00e7\u00e3o \u00e0s religiosas que ali viviam. Esta informa\u00e7\u00e3o integra a mem\u00f3ria hist\u00f3rica local, mas n\u00e3o permite estabelecer, com seguran\u00e7a documental, a data exata em que a receita foi criada. A associa\u00e7\u00e3o \u00e0 tradi\u00e7\u00e3o conventual enquadra-se na hist\u00f3ria mais ampla da do\u00e7aria portuguesa. O uso de ingredientes como ovos, a\u00e7\u00facar e frutos secos \u00e9 recorrente em diferentes prepara\u00e7\u00f5es conventuais, desenvolvidas em contextos hist\u00f3ricos nos quais os conventos constitu\u00edram importantes espa\u00e7os de produ\u00e7\u00e3o e transmiss\u00e3o de conhecimento culin\u00e1rio.<\/p>\n<p>No caso das Sardinhas Doces, a receita ultrapassou o espa\u00e7o conventual e integrou-se progressivamente na alimenta\u00e7\u00e3o e na atividade econ\u00f3mica local. \u00c9 essa continuidade, associada \u00e0 transmiss\u00e3o do saber-fazer e \u00e0 liga\u00e7\u00e3o a um territ\u00f3rio espec\u00edfico, que permite entend\u00ea-las como patrim\u00f3nio alimentar de Trancoso.<\/p>\n<p>A forma de sardinha confere ao produto uma identidade facilmente reconhec\u00edvel e estabelece uma rela\u00e7\u00e3o direta entre a designa\u00e7\u00e3o, a apar\u00eancia e o territ\u00f3rio. N\u00e3o se trata apenas de uma receita: o modo de prepara\u00e7\u00e3o, a configura\u00e7\u00e3o do doce e a sua associa\u00e7\u00e3o hist\u00f3rica a Trancoso faz parte do seu valor patrimonial. Esta dimens\u00e3o \u00e9 tamb\u00e9m vis\u00edvel nas iniciativas desenvolvidas em torno do produto. A Confraria das Sardinhas Doces de Trancoso foi oficialmente constitu\u00edda em 7 de maio de 2011, com o objetivo de contribuir para a preserva\u00e7\u00e3o e divulga\u00e7\u00e3o deste patrim\u00f3nio gastron\u00f3mico. Em 2026, o Munic\u00edpio promoveu o primeiro roteiro gastron\u00f3mico \u201cSardinhas \u00e0 Sobremesa\u201d, envolvendo restaurantes do concelho na valoriza\u00e7\u00e3o e divulga\u00e7\u00e3o da especialidade. A iniciativa demonstra como um produto de origem tradicional pode continuar a desempenhar um papel ativo na gastronomia e na promo\u00e7\u00e3o tur\u00edstica do territ\u00f3rio.<\/p>\n<p>As Sardinhas Doces de Trancoso permanecem, assim, como express\u00e3o de uma tradi\u00e7\u00e3o alimentar transmitida entre gera\u00e7\u00f5es. A receita, a t\u00e9cnica, a forma e a liga\u00e7\u00e3o a Trancoso constituem um conjunto insepar\u00e1vel: \u00e9 nessa combina\u00e7\u00e3o entre saber-fazer e identidade territorial que reside o seu principal valor patrimonial.<\/p>\n<p>&nbsp;<\/p>\n<p><strong>Refer\u00eancias <\/strong><\/p>\n<p>Dias, P. B. (2019). Quando o doce \u00e9 corpo: Antropomorfismo e antropon\u00edmia na do\u00e7aria tradicional portuguesa. In C. Soares &amp; C. S. G. Ribeiro (Coords.), Mesas luso-brasileiras: Alimenta\u00e7\u00e3o, sa\u00fade &amp; cultura (Vol. 1). Imprensa da Universidade de Coimbra. <a href=\"https:\/\/doi.org\/10.14195\/978-989-26-1721-3_12\">https:\/\/doi.org\/10.14195\/978-989-26-1721-3_12<\/a><\/p>\n<p>Dire\u00e7\u00e3o-Geral de Agricultura e Desenvolvimento Rural. (2001). Produtos tradicionais portugueses: Sardinhas Doces de Trancoso. Minist\u00e9rio da Agricultura, Desenvolvimento Rural e Pescas.<\/p>\n<p>Saramago, A., &amp; Fialho, M. (1997). Do\u00e7aria dos conventos de Portugal. Ass\u00edrio &amp; Alvim.<\/p>\n<p>Valag\u00e3o, M. M. (2024). Patrim\u00f3nio alimentar de Portugal. Funda\u00e7\u00e3o Francisco Manuel dos Santos.<\/p>\n<\/div><\/div><\/div><\/div><\/div>\n","protected":false},"excerpt":{"rendered":"","protected":false},"author":1460,"featured_media":92774,"comment_status":"closed","ping_status":"closed","sticky":false,"template":"","format":"standard","meta":{"_acf_changed":false,"_eb_attr":"","inline_featured_image":false,"iawp_total_views":39,"footnotes":""},"categories":[172],"tags":[],"class_list":["post-92772","post","type-post","status-publish","format-standard","has-post-thumbnail","hentry","category-sem-categoria"],"acf":[],"_links":{"self":[{"href":"https:\/\/www.ccdrc.pt\/pt\/wp-json\/wp\/v2\/posts\/92772","targetHints":{"allow":["GET"]}}],"collection":[{"href":"https:\/\/www.ccdrc.pt\/pt\/wp-json\/wp\/v2\/posts"}],"about":[{"href":"https:\/\/www.ccdrc.pt\/pt\/wp-json\/wp\/v2\/types\/post"}],"author":[{"embeddable":true,"href":"https:\/\/www.ccdrc.pt\/pt\/wp-json\/wp\/v2\/users\/1460"}],"replies":[{"embeddable":true,"href":"https:\/\/www.ccdrc.pt\/pt\/wp-json\/wp\/v2\/comments?post=92772"}],"version-history":[{"count":2,"href":"https:\/\/www.ccdrc.pt\/pt\/wp-json\/wp\/v2\/posts\/92772\/revisions"}],"predecessor-version":[{"id":92777,"href":"https:\/\/www.ccdrc.pt\/pt\/wp-json\/wp\/v2\/posts\/92772\/revisions\/92777"}],"wp:featuredmedia":[{"embeddable":true,"href":"https:\/\/www.ccdrc.pt\/pt\/wp-json\/wp\/v2\/media\/92774"}],"wp:attachment":[{"href":"https:\/\/www.ccdrc.pt\/pt\/wp-json\/wp\/v2\/media?parent=92772"}],"wp:term":[{"taxonomy":"category","embeddable":true,"href":"https:\/\/www.ccdrc.pt\/pt\/wp-json\/wp\/v2\/categories?post=92772"},{"taxonomy":"post_tag","embeddable":true,"href":"https:\/\/www.ccdrc.pt\/pt\/wp-json\/wp\/v2\/tags?post=92772"}],"curies":[{"name":"wp","href":"https:\/\/api.w.org\/{rel}","templated":true}]}}