{"id":92304,"date":"2026-08-17T10:18:37","date_gmt":"2026-08-17T10:18:37","guid":{"rendered":"https:\/\/www.ccdrc.pt\/?p=92304"},"modified":"2026-08-26T09:56:46","modified_gmt":"2026-08-26T09:56:46","slug":"cronicas-de-fatauncos-memoria-patrimonio-e-comunidade-em-vouzela-com-apoio-da-ccdr-centro","status":"publish","type":"post","link":"https:\/\/www.ccdrc.pt\/pt\/cronicas-de-fatauncos-memoria-patrimonio-e-comunidade-em-vouzela-com-apoio-da-ccdr-centro\/","title":{"rendered":"\u201cCr\u00f3nicas de Fataun\u00e7os: Mem\u00f3ria, Patrim\u00f3nio e Comunidade\u201d, em Vouzela com apoio da CCDR Centro"},"content":{"rendered":"<div class=\"fusion-fullwidth fullwidth-box fusion-builder-row-1 fusion-flex-container nonhundred-percent-fullwidth non-hundred-percent-height-scrolling\" style=\"--awb-border-radius-top-left:0px;--awb-border-radius-top-right:0px;--awb-border-radius-bottom-right:0px;--awb-border-radius-bottom-left:0px;\" ><div class=\"fusion-builder-row fusion-row fusion-flex-align-items-flex-start\" style=\"max-width:1288px;margin-left: calc(-0% \/ 2 );margin-right: calc(-0% \/ 2 );\"><div class=\"fusion-layout-column fusion_builder_column fusion-builder-column-0 fusion_builder_column_1_1 1_1 fusion-flex-column\" style=\"--awb-bg-size:cover;--awb-width-large:100%;--awb-margin-top-large:0px;--awb-spacing-right-large:0%;--awb-margin-bottom-large:0px;--awb-spacing-left-large:0%;--awb-width-medium:100%;--awb-spacing-right-medium:0%;--awb-spacing-left-medium:0%;--awb-width-small:100%;--awb-spacing-right-small:0%;--awb-spacing-left-small:0%;\"><div class=\"fusion-column-wrapper fusion-flex-justify-content-flex-start fusion-content-layout-column\"><div class=\"fusion-text fusion-text-1\"><p>A Comiss\u00e3o de Coordena\u00e7\u00e3o e Desenvolvimento Regional do Centro, I.P. (CCDR Centro) apoia o projeto \u201cCr\u00f3nicas de Fataun\u00e7os: Mem\u00f3ria, Patrim\u00f3nio e Comunidade\u201d, promovido pela Associa\u00e7\u00e3o Cultural Desportiva e Recreativa Doutor Amorim Gir\u00e3o, no \u00e2mbito do Cultura ao Centro 2026 &#8211; Apoio \u00e0 A\u00e7\u00e3o Cultural, Medida 1 &#8211; Cria\u00e7\u00e3o Art\u00edstica\/Produ\u00e7\u00e3o. A primeira apresenta\u00e7\u00e3o p\u00fablica realiza-se no dia 5 de setembro, em Fataun\u00e7os, no concelho de Vouzela.<\/p>\n<p>De car\u00e1ter multidisciplinar, o projeto valoriza o patrim\u00f3nio hist\u00f3rico, arqueol\u00f3gico e cultural de Fataun\u00e7os atrav\u00e9s da articula\u00e7\u00e3o entre tradi\u00e7\u00e3o oral, teatro comunit\u00e1rio, recria\u00e7\u00e3o hist\u00f3rica, m\u00fasica e dan\u00e7a de inspira\u00e7\u00e3o medieval.<\/p>\n<p>A iniciativa integra, entre outros elementos, a representa\u00e7\u00e3o da Lenda da Caninha Verde de Fataun\u00e7os e a recria\u00e7\u00e3o da Pisa da Uva, estabelecendo uma liga\u00e7\u00e3o entre a mem\u00f3ria da comunidade, o patrim\u00f3nio local e pr\u00e1ticas tradicionais associadas ao territ\u00f3rio.<\/p>\n<p>A apresenta\u00e7\u00e3o p\u00fablica do projeto insere-se na IV Recria\u00e7\u00e3o Hist\u00f3rica da Pisa da Uva, que decorre na Lagareta da Tapada e no Parque de Merendas da Cheira, em Fataun\u00e7os.<\/p>\n<p>O projeto envolve habitantes da comunidade na concretiza\u00e7\u00e3o das atividades e dirige-se tamb\u00e9m a crian\u00e7as e jovens, produtores e artes\u00e3os e visitantes, contribuindo para a valoriza\u00e7\u00e3o da mem\u00f3ria e do patrim\u00f3nio cultural local.<\/p>\n<p>Com este apoio, a CCDR Centro refor\u00e7a a valoriza\u00e7\u00e3o dos agentes culturais da regi\u00e3o e a dinamiza\u00e7\u00e3o da oferta cultural nos territ\u00f3rios da Regi\u00e3o Centro.<\/p>\n<\/div><\/div><\/div><\/div><\/div>\n","protected":false},"excerpt":{"rendered":"","protected":false},"author":1455,"featured_media":92305,"comment_status":"closed","ping_status":"closed","sticky":false,"template":"","format":"standard","meta":{"_acf_changed":false,"_eb_attr":"","inline_featured_image":false,"iawp_total_views":14,"footnotes":""},"categories":[764],"tags":[],"class_list":["post-92304","post","type-post","status-publish","format-standard","has-post-thumbnail","hentry","category-cultura"],"acf":[],"_links":{"self":[{"href":"https:\/\/www.ccdrc.pt\/pt\/wp-json\/wp\/v2\/posts\/92304","targetHints":{"allow":["GET"]}}],"collection":[{"href":"https:\/\/www.ccdrc.pt\/pt\/wp-json\/wp\/v2\/posts"}],"about":[{"href":"https:\/\/www.ccdrc.pt\/pt\/wp-json\/wp\/v2\/types\/post"}],"author":[{"embeddable":true,"href":"https:\/\/www.ccdrc.pt\/pt\/wp-json\/wp\/v2\/users\/1455"}],"replies":[{"embeddable":true,"href":"https:\/\/www.ccdrc.pt\/pt\/wp-json\/wp\/v2\/comments?post=92304"}],"version-history":[{"count":1,"href":"https:\/\/www.ccdrc.pt\/pt\/wp-json\/wp\/v2\/posts\/92304\/revisions"}],"predecessor-version":[{"id":92621,"href":"https:\/\/www.ccdrc.pt\/pt\/wp-json\/wp\/v2\/posts\/92304\/revisions\/92621"}],"wp:featuredmedia":[{"embeddable":true,"href":"https:\/\/www.ccdrc.pt\/pt\/wp-json\/wp\/v2\/media\/92305"}],"wp:attachment":[{"href":"https:\/\/www.ccdrc.pt\/pt\/wp-json\/wp\/v2\/media?parent=92304"}],"wp:term":[{"taxonomy":"category","embeddable":true,"href":"https:\/\/www.ccdrc.pt\/pt\/wp-json\/wp\/v2\/categories?post=92304"},{"taxonomy":"post_tag","embeddable":true,"href":"https:\/\/www.ccdrc.pt\/pt\/wp-json\/wp\/v2\/tags?post=92304"}],"curies":[{"name":"wp","href":"https:\/\/api.w.org\/{rel}","templated":true}]}}