{"id":91254,"date":"2026-07-23T10:26:05","date_gmt":"2026-07-23T10:26:05","guid":{"rendered":"https:\/\/www.ccdrc.pt\/?p=91254"},"modified":"2026-07-23T10:26:05","modified_gmt":"2026-07-23T10:26:05","slug":"eiras-para-secagem-e-malha-dos-cereais-na-regiao-centro","status":"publish","type":"post","link":"https:\/\/www.ccdrc.pt\/pt\/eiras-para-secagem-e-malha-dos-cereais-na-regiao-centro\/","title":{"rendered":"Eiras para secagem e malha dos cereais na Regi\u00e3o Centro"},"content":{"rendered":"<div class=\"wp-block-image\"><img decoding=\"async\" class=\"wpa-warning wpa-image-missing-alt alignnone size-full wp-image-91256\" src=\"https:\/\/www.ccdrc.pt\/wp-content\/uploads\/2026\/07\/Eira_dentro.jpg\" alt=\"\" width=\"1496\" height=\"722\" data-warning=\"Missing alt text\" srcset=\"https:\/\/www.ccdrc.pt\/wp-content\/uploads\/2026\/07\/Eira_dentro-18x9.jpg 18w, https:\/\/www.ccdrc.pt\/wp-content\/uploads\/2026\/07\/Eira_dentro-200x97.jpg 200w, https:\/\/www.ccdrc.pt\/wp-content\/uploads\/2026\/07\/Eira_dentro-400x193.jpg 400w, https:\/\/www.ccdrc.pt\/wp-content\/uploads\/2026\/07\/Eira_dentro-500x241.jpg 500w, https:\/\/www.ccdrc.pt\/wp-content\/uploads\/2026\/07\/Eira_dentro-600x290.jpg 600w, https:\/\/www.ccdrc.pt\/wp-content\/uploads\/2026\/07\/Eira_dentro-700x338.jpg 700w, https:\/\/www.ccdrc.pt\/wp-content\/uploads\/2026\/07\/Eira_dentro-768x371.jpg 768w, https:\/\/www.ccdrc.pt\/wp-content\/uploads\/2026\/07\/Eira_dentro-800x386.jpg 800w, https:\/\/www.ccdrc.pt\/wp-content\/uploads\/2026\/07\/Eira_dentro-1200x579.jpg 1200w, https:\/\/www.ccdrc.pt\/wp-content\/uploads\/2026\/07\/Eira_dentro.jpg 1496w\" sizes=\"(max-width: 1496px) 100vw, 1496px\" \/><\/div>\n<p>&nbsp;<\/p>\n<p>As eiras constituem um elemento marcante da paisagem rural da Regi\u00e3o Centro de Portugal e testemunham a import\u00e2ncia que a cultura dos cereais assumiu na organiza\u00e7\u00e3o econ\u00f3mica e social das comunidades ao longo de s\u00e9culos. Integradas no sistema agr\u00edcola tradicional, desempenhavam um papel essencial nas opera\u00e7\u00f5es de secagem, malha e limpeza dos cereais, etapas fundamentais para garantir a sua conserva\u00e7\u00e3o antes do armazenamento e posterior transforma\u00e7\u00e3o.<\/p>\n<p>Na Regi\u00e3o Centro, a produ\u00e7\u00e3o cereal\u00edfera variava em fun\u00e7\u00e3o das caracter\u00edsticas ambientais de cada territ\u00f3rio. O trigo predominava nas \u00e1reas de solos mais f\u00e9rteis e menor altitude, enquanto o centeio assumia maior import\u00e2ncia nas zonas montanhosas e de clima mais rigoroso, nomeadamente na Beira Interior. A cevada e a aveia eram tamb\u00e9m cultivadas, embora com menor express\u00e3o e frequentemente destinadas \u00e0 alimenta\u00e7\u00e3o animal.<\/p>\n<p>A implanta\u00e7\u00e3o das eiras obedecia a crit\u00e9rios pr\u00e1ticos, resultantes da experi\u00eancia acumulada pelas comunidades rurais. Eram geralmente constru\u00eddas em locais elevados ou bem expostos ao sol e \u00e0 circula\u00e7\u00e3o do vento, favorecendo a secagem natural dos cereais e reduzindo o risco de deteriora\u00e7\u00e3o durante o armazenamento. A diminui\u00e7\u00e3o do teor de humidade dos gr\u00e3os era determinante para limitar o desenvolvimento de fungos, a prolifera\u00e7\u00e3o de insetos e outras causas de perda da qualidade da colheita.<\/p>\n<p>As eiras apresentavam superf\u00edcies regulares e resistentes, preparadas para suportar as opera\u00e7\u00f5es agr\u00edcolas e facilitar a recolha dos gr\u00e3os. Nas \u00e1reas de geologia gran\u00edtica s\u00e3o frequentes as eiras pavimentadas com lajes de granito, enquanto nos territ\u00f3rios de substrato xistoso predominam pavimentos em xisto. Em algumas localidades existiam ainda eiras de terra batida cuidadosamente compactada. A utiliza\u00e7\u00e3o de materiais dispon\u00edveis localmente constitui um exemplo da adapta\u00e7\u00e3o das comunidades \u00e0s caracter\u00edsticas geol\u00f3gicas de cada regi\u00e3o e uma express\u00e3o da arquitetura vernacular.<\/p>\n<p>Ap\u00f3s a ceifa, os feixes de cereal eram transportados para a eira, onde completavam a secagem, quando necess\u00e1rio, antes da malha. Esta opera\u00e7\u00e3o destinava-se a separar o gr\u00e3o da espiga e era realizada manualmente com recurso ao mangual ou, em algumas localidades, atrav\u00e9s da circula\u00e7\u00e3o de animais de trabalho sobre os feixes. A partir do final do s\u00e9culo XIX e, sobretudo, durante a primeira metade do s\u00e9culo XX, a introdu\u00e7\u00e3o gradual das debulhadoras mecanizou este processo, embora a eira continuasse a desempenhar um papel importante nas opera\u00e7\u00f5es de secagem, limpeza e prepara\u00e7\u00e3o do cereal.<\/p>\n<p>Conclu\u00edda a malha, procedia-se \u00e0 joeira, aproveitando a a\u00e7\u00e3o do vento ou utilizando p\u00e1s e joeiras para separar o gr\u00e3o das palhas e de outras impurezas. S\u00f3 depois destas opera\u00e7\u00f5es o cereal era armazenado em celeiros, arcas ou outras estruturas destinadas \u00e0 sua conserva\u00e7\u00e3o. Atualmente, a ci\u00eancia p\u00f3s-colheita reconhece que o controlo do teor de humidade constitui um dos principais fatores para preservar a qualidade e a capacidade de conserva\u00e7\u00e3o dos gr\u00e3os armazenados.<\/p>\n<p>Para al\u00e9m da sua fun\u00e7\u00e3o agr\u00edcola, as eiras desempenhavam uma relevante fun\u00e7\u00e3o social. Em muitas aldeias da Regi\u00e3o Centro coexistiam eiras familiares e eiras comunit\u00e1rias, onde as tarefas da malha eram frequentemente realizadas em regime de entreajuda. Estes momentos promoviam a coopera\u00e7\u00e3o entre vizinhos e permitiam a transmiss\u00e3o de conhecimentos t\u00e9cnicos e pr\u00e1ticas agr\u00edcolas entre gera\u00e7\u00f5es.<\/p>\n<p>A progressiva mecaniza\u00e7\u00e3o da agricultura, em particular com a generaliza\u00e7\u00e3o das ceifeiras-debulhadoras e a moderniza\u00e7\u00e3o dos sistemas de secagem e armazenamento, conduziu ao abandono gradual da utiliza\u00e7\u00e3o tradicional das eiras ao longo da segunda metade do s\u00e9culo XX. Apesar desta transforma\u00e7\u00e3o, muitas permanecem preservadas como testemunhos da hist\u00f3ria agr\u00edcola regional e da evolu\u00e7\u00e3o das t\u00e9cnicas de produ\u00e7\u00e3o cereal\u00edfera.<\/p>\n<p>Hoje, as eiras da Regi\u00e3o Centro representam um patrim\u00f3nio de elevado valor hist\u00f3rico, etnogr\u00e1fico e paisag\u00edstico. A sua preserva\u00e7\u00e3o contribui para compreender a adapta\u00e7\u00e3o das comunidades rurais \u00e0s condi\u00e7\u00f5es naturais, a evolu\u00e7\u00e3o das pr\u00e1ticas agr\u00edcolas e o conhecimento t\u00e9cnico desenvolvido ao longo de gera\u00e7\u00f5es, constituindo um importante legado da cultura material e da identidade rural portuguesa.<\/p>\n<p><strong>Refer\u00eancias<\/strong><\/p>\n<p>Brito, J. P. (Ed.). (1996). O Voo do Arado. Lisboa: Museu Nacional de Etnologia.<\/p>\n<p>Daveau, S. (1995). Portugal Geogr\u00e1fico. Lisboa: Edi\u00e7\u00f5es S\u00e1 da Costa.<\/p>\n<p>Dias, J. (1981). Estudos de Antropologia. Lisboa: Imprensa Nacional-Casa da Moeda.<\/p>\n<p>Dias, J., Oliveira, E. V., &amp; Galhano, F. (1994). Espigueiros portugueses: Sistemas primitivos de secagem e armazenagem de produtos agr\u00edcolas. Lisboa: Publica\u00e7\u00f5es Dom Quixote.<\/p>\n<p>Oliveira, E. V., Galhano, F., &amp; Pereira, B. (1988). Constru\u00e7\u00f5es primitivas em Portugal (2.\u00aa ed.). Lisboa: Publica\u00e7\u00f5es Dom Quixote. (Obra originalmente publicada em 1969.)<\/p>\n<p>Orlando Ribeiro, Lautensach, H., &amp; Daveau, S. (1991). Geografia de Portugal (Vols. I\u2013IV). Lisboa: Edi\u00e7\u00f5es Jo\u00e3o S\u00e1 da Costa.<\/p>\n<p>Pereira, B. (2010). Museu Nacional de Etnologia: 50 anos. Lisboa: Museu Nacional de Etnologia.<\/p>\n<p>Saraiva, A. (2015). Casas (p\u00f3s-)rurais entre 1900 e 2015 (Tese de Doutoramento). Faculdade de Ci\u00eancias e Tecnologia, Universidade NOVA de Lisbo<\/p>\n","protected":false},"excerpt":{"rendered":"<p>&nbsp; As eiras constituem um elemento marcante da paisagem rural [&hellip;]<\/p>\n","protected":false},"author":1451,"featured_media":91255,"comment_status":"closed","ping_status":"closed","sticky":false,"template":"","format":"standard","meta":{"_acf_changed":false,"_eb_attr":"","inline_featured_image":false,"iawp_total_views":35,"footnotes":""},"categories":[172],"tags":[],"class_list":["post-91254","post","type-post","status-publish","format-standard","has-post-thumbnail","hentry","category-sem-categoria"],"acf":[],"_links":{"self":[{"href":"https:\/\/www.ccdrc.pt\/pt\/wp-json\/wp\/v2\/posts\/91254","targetHints":{"allow":["GET"]}}],"collection":[{"href":"https:\/\/www.ccdrc.pt\/pt\/wp-json\/wp\/v2\/posts"}],"about":[{"href":"https:\/\/www.ccdrc.pt\/pt\/wp-json\/wp\/v2\/types\/post"}],"author":[{"embeddable":true,"href":"https:\/\/www.ccdrc.pt\/pt\/wp-json\/wp\/v2\/users\/1451"}],"replies":[{"embeddable":true,"href":"https:\/\/www.ccdrc.pt\/pt\/wp-json\/wp\/v2\/comments?post=91254"}],"version-history":[{"count":1,"href":"https:\/\/www.ccdrc.pt\/pt\/wp-json\/wp\/v2\/posts\/91254\/revisions"}],"predecessor-version":[{"id":91258,"href":"https:\/\/www.ccdrc.pt\/pt\/wp-json\/wp\/v2\/posts\/91254\/revisions\/91258"}],"wp:featuredmedia":[{"embeddable":true,"href":"https:\/\/www.ccdrc.pt\/pt\/wp-json\/wp\/v2\/media\/91255"}],"wp:attachment":[{"href":"https:\/\/www.ccdrc.pt\/pt\/wp-json\/wp\/v2\/media?parent=91254"}],"wp:term":[{"taxonomy":"category","embeddable":true,"href":"https:\/\/www.ccdrc.pt\/pt\/wp-json\/wp\/v2\/categories?post=91254"},{"taxonomy":"post_tag","embeddable":true,"href":"https:\/\/www.ccdrc.pt\/pt\/wp-json\/wp\/v2\/tags?post=91254"}],"curies":[{"name":"wp","href":"https:\/\/api.w.org\/{rel}","templated":true}]}}