{"id":88882,"date":"2026-04-29T16:18:51","date_gmt":"2026-04-29T16:18:51","guid":{"rendered":"https:\/\/www.ccdrc.pt\/?p=88882"},"modified":"2026-04-29T16:21:28","modified_gmt":"2026-04-29T16:21:28","slug":"concurso-regional-mobiliza-cerca-de-900-alunos-para-os-principios-da-economia-circular","status":"publish","type":"post","link":"https:\/\/www.ccdrc.pt\/pt\/concurso-regional-mobiliza-cerca-de-900-alunos-para-os-principios-da-economia-circular\/","title":{"rendered":"Concurso Regional mobiliza cerca de 900 alunos para os princ\u00edpios da Economia Circular"},"content":{"rendered":"<div class=\"fusion-fullwidth fullwidth-box fusion-builder-row-1 fusion-flex-container nonhundred-percent-fullwidth non-hundred-percent-height-scrolling\" style=\"--awb-border-radius-top-left:0px;--awb-border-radius-top-right:0px;--awb-border-radius-bottom-right:0px;--awb-border-radius-bottom-left:0px;\" ><div class=\"fusion-builder-row fusion-row fusion-flex-align-items-flex-start\" style=\"max-width:1288px;margin-left: calc(-0% \/ 2 );margin-right: calc(-0% \/ 2 );\"><div class=\"fusion-layout-column fusion_builder_column fusion-builder-column-0 fusion_builder_column_1_1 1_1 fusion-flex-column\" style=\"--awb-bg-size:cover;--awb-width-large:100%;--awb-margin-top-large:0px;--awb-spacing-right-large:0%;--awb-margin-bottom-large:0px;--awb-spacing-left-large:0%;--awb-width-medium:100%;--awb-spacing-right-medium:0%;--awb-spacing-left-medium:0%;--awb-width-small:100%;--awb-spacing-right-small:0%;--awb-spacing-left-small:0%;\"><div class=\"fusion-column-wrapper fusion-flex-justify-content-flex-start fusion-content-layout-column\"><div class=\"fusion-text fusion-text-1\"><div>A Comiss\u00e3o de Coordena\u00e7\u00e3o e Desenvolvimento Regional do Centro, I.P. (CCDR Centro) promoveu hoje, dia 29 de abril, em Coimbra, a final da 5.\u00aa edi\u00e7\u00e3o do Concurso Regional Centro Circular, disputada por 37 alunos finalistas, de 16 escolas da regi\u00e3o Centro. Esta edi\u00e7\u00e3o mobilizou cerca de 900 alunos (257 alunos do 2.\u00ba ciclo e 635 alunos do 3.\u00ba ciclo) e 76 professores de 73 escolas diferentes.&nbsp;<\/div>\n<div>&nbsp;<\/div>\n<div>\n<div class=\"wp-block-image\">O Centro Circular \u00e9 um jogo educativo &nbsp;<strong><a id=\"OWA0a6d2c17-06b7-b127-977b-67a4b8ccc950\" class=\"x_x_OWAAutoLink\" title=\"https:\/\/www.centrocircular.pt\/\" href=\"https:\/\/www.centrocircular.pt\/\" target=\"_blank\" rel=\"noopener noreferrer\" data-auth=\"NotApplicable\" data-linkindex=\"0\"><em>online<\/em><\/a><\/strong>\u200b , desenvolvido&nbsp; pela CCDR Centro, com o objetivo de sensibilizar a comunidade escolar da regi\u00e3o para os princ\u00edpios da economia circular, atrav\u00e9s de uma abordagem inovadora baseada na gamifica\u00e7\u00e3o.<\/div>\n<\/div>\n<div>\n<div class=\"wp-block-image\">\n<div class=\"wp-block-image\">&nbsp;<\/div>\n<\/div>\n<\/div>\n<div>Dirigido a alunos do 2.\u00ba e 3.\u00ba ciclos do ensino b\u00e1sico dos 100 munic\u00edpios da Regi\u00e3o Centro, o concurso registou uma elevada ades\u00e3o. Durante a fase de competi\u00e7\u00e3o qualificativa,&nbsp;aberta a todas as escolas da regi\u00e3o, que decorreu entre 23 de fevereiro e 23 de mar\u00e7o, foram criados mais de quatro mil jogos de tabuleiro, evidenciando o sucesso da plataforma como ferramenta de aprendizagem e sensibiliza\u00e7\u00e3o para a economia circular. Neste per\u00edodo, os alunos (em colabora\u00e7\u00e3o com os professores), tiveram a possibilidade de jogar na plataforma online, acumulando pontos que contribu\u00edram para a seria\u00e7\u00e3o dos pr\u00f3prios alunos, mas tamb\u00e9m das escolas participantes.<\/div>\n<div>&nbsp;<\/div>\n<div>Os 12 melhores alunos de cada ciclo, por Comunidade Intermunicipal (CIM), tiveram a possibilidade de jogar presencialmente nas semifinais intermunicipais, que decorreram entre 20 e 24 de abril. Atrav\u00e9s destas semifinais foram selecionados os alunos para representa\u00e7\u00e3o de cada uma das CIM na final regional.<\/div>\n<div>&nbsp;<\/div>\n<div>&nbsp;<strong>Os vencedores da 5.\u00aa edi\u00e7\u00e3o do Concurso Regional Centro Circular s\u00e3o<\/strong>:<\/div>\n<div>&nbsp;<\/div>\n<div><b>&nbsp;2.\u00ba ciclo<\/b><\/div>\n<div>1.\u00ba lugar &#8211; Jo\u00e3o Tiago dos Santos Martins Monteiro, Col\u00e9gio de S. Teot\u00f3nio, Coimbra<\/div>\n<div>2.\u00ba lugar &#8211; Daniel Lopes Dinis, Col\u00e9gio de S. Teot\u00f3nio, Coimbra<\/div>\n<div>3.\u00ba lugar &#8211; Santiago Vieira Martins, Col\u00e9gio de S. Teot\u00f3nio, Coimbra<\/div>\n<div aria-hidden=\"true\">&nbsp;<\/div>\n<div><b>3.\u00ba ciclo<\/b><\/div>\n<div>1.\u00ba lugar &#8211; David Shanguiny Mbiyavanga Abel, Escola B\u00e1sica e Secund\u00e1ria de Sever do Vouga<\/div>\n<div>2.\u00ba lugar &#8211; Maria Pina dos Santos Mendes, Escola B\u00e1sica e Secund\u00e1ria Pedro \u00c1lvares Cabral, Belmonte<\/div>\n<div>3.\u00ba lugar &#8211; Daniel Tavares de Almeida, Escola B\u00e1sica e Secund\u00e1ria de Sever do Vouga<\/div>\n<div aria-hidden=\"true\">&nbsp;<\/div>\n<div><strong>Os professores vencedores s\u00e3o<\/strong>:<\/div>\n<div>Rui Miguel Batista Bulha, da Escola B\u00e1sica e Secund\u00e1ria Pedro \u00c1lvares Cabral, de Belmonte<\/div>\n<div>Ana Carla Mendon\u00e7a Carvalho, da Escola B\u00e1sica e Secund\u00e1ria Fern\u00e3o do P\u00f3, do Bombarral<\/div>\n<div>Alexandrina Maria Morgadinha Candeias, da Escola B\u00e1sica Carolina Beatriz \u00c2ngelo e da Escola B\u00e1sica e Secund\u00e1ria da S\u00e9, da Guarda<\/div>\n<div>&nbsp;<\/div>\n<div><strong>A Escola vencedora de 2026<\/strong> \u00e9 a Escola B\u00e1sica e Secund\u00e1ria Pedro \u00c1lvares Cabral, de Belmonte.<\/div>\n<div aria-hidden=\"true\">&nbsp;<\/div>\n<\/div><\/div><\/div><\/div><\/div>\n","protected":false},"excerpt":{"rendered":"","protected":false},"author":1455,"featured_media":88891,"comment_status":"closed","ping_status":"closed","sticky":false,"template":"","format":"standard","meta":{"_acf_changed":false,"_eb_attr":"","inline_featured_image":false,"iawp_total_views":3,"footnotes":""},"categories":[212],"tags":[],"class_list":["post-88882","post","type-post","status-publish","format-standard","has-post-thumbnail","hentry","category-desenvolvimento-regional"],"acf":[],"_links":{"self":[{"href":"https:\/\/www.ccdrc.pt\/pt\/wp-json\/wp\/v2\/posts\/88882","targetHints":{"allow":["GET"]}}],"collection":[{"href":"https:\/\/www.ccdrc.pt\/pt\/wp-json\/wp\/v2\/posts"}],"about":[{"href":"https:\/\/www.ccdrc.pt\/pt\/wp-json\/wp\/v2\/types\/post"}],"author":[{"embeddable":true,"href":"https:\/\/www.ccdrc.pt\/pt\/wp-json\/wp\/v2\/users\/1455"}],"replies":[{"embeddable":true,"href":"https:\/\/www.ccdrc.pt\/pt\/wp-json\/wp\/v2\/comments?post=88882"}],"version-history":[{"count":4,"href":"https:\/\/www.ccdrc.pt\/pt\/wp-json\/wp\/v2\/posts\/88882\/revisions"}],"predecessor-version":[{"id":88897,"href":"https:\/\/www.ccdrc.pt\/pt\/wp-json\/wp\/v2\/posts\/88882\/revisions\/88897"}],"wp:featuredmedia":[{"embeddable":true,"href":"https:\/\/www.ccdrc.pt\/pt\/wp-json\/wp\/v2\/media\/88891"}],"wp:attachment":[{"href":"https:\/\/www.ccdrc.pt\/pt\/wp-json\/wp\/v2\/media?parent=88882"}],"wp:term":[{"taxonomy":"category","embeddable":true,"href":"https:\/\/www.ccdrc.pt\/pt\/wp-json\/wp\/v2\/categories?post=88882"},{"taxonomy":"post_tag","embeddable":true,"href":"https:\/\/www.ccdrc.pt\/pt\/wp-json\/wp\/v2\/tags?post=88882"}],"curies":[{"name":"wp","href":"https:\/\/api.w.org\/{rel}","templated":true}]}}