{"id":88844,"date":"2026-04-28T14:41:08","date_gmt":"2026-04-28T14:41:08","guid":{"rendered":"https:\/\/www.ccdrc.pt\/?p=88844"},"modified":"2026-04-28T15:19:13","modified_gmt":"2026-04-28T15:19:13","slug":"99-330-projetos-e-38-mil-milhoes-de-euros-do-prr-contratados-para-a-regiao-centro-no-primeiro-trimestre-de-2026","status":"publish","type":"post","link":"https:\/\/www.ccdrc.pt\/pt\/99-330-projetos-e-38-mil-milhoes-de-euros-do-prr-contratados-para-a-regiao-centro-no-primeiro-trimestre-de-2026\/","title":{"rendered":"99.330 projetos e 3,8 mil milh\u00f5es de euros do PRR contratados para a regi\u00e3o Centro no primeiro trimestre de 2026"},"content":{"rendered":"<div class=\"fusion-fullwidth fullwidth-box fusion-builder-row-1 fusion-flex-container nonhundred-percent-fullwidth non-hundred-percent-height-scrolling\" style=\"--awb-border-radius-top-left:0px;--awb-border-radius-top-right:0px;--awb-border-radius-bottom-right:0px;--awb-border-radius-bottom-left:0px;\" ><div class=\"fusion-builder-row fusion-row fusion-flex-align-items-flex-start\" style=\"max-width:1288px;margin-left: calc(-0% \/ 2 );margin-right: calc(-0% \/ 2 );\"><div class=\"fusion-layout-column fusion_builder_column fusion-builder-column-0 fusion_builder_column_1_1 1_1 fusion-flex-column\" style=\"--awb-bg-size:cover;--awb-width-large:100%;--awb-margin-top-large:0px;--awb-spacing-right-large:0%;--awb-margin-bottom-large:0px;--awb-spacing-left-large:0%;--awb-width-medium:100%;--awb-spacing-right-medium:0%;--awb-spacing-left-medium:0%;--awb-width-small:100%;--awb-spacing-right-small:0%;--awb-spacing-left-small:0%;\"><div class=\"fusion-column-wrapper fusion-flex-justify-content-flex-start fusion-content-layout-column\"><div class=\"fusion-text fusion-text-1\"><p>No Plano de Recupera\u00e7\u00e3o e Resili\u00eancia (PRR), at\u00e9 31 de mar\u00e7o de 2025, estavam aprovados 4,1 mil milh\u00f5es de euros para aplica\u00e7\u00e3o na regi\u00e3o Centro, dos quais 3,8 mil milh\u00f5es de euros estavam j\u00e1 contratados (tratam-se apenas de investimentos aplicados diretamente na regi\u00e3o Centro). Os projetos contratados totalizavam 99.330 e os pagamentos aos benefici\u00e1rios ascendiam a 1,8 mil milh\u00f5es de euros, o que corresponde a 49% do valor contratado.<\/p>\n<p>A dimens\u00e3o Resili\u00eancia, associada a um aumento da capacidade de rea\u00e7\u00e3o e de supera\u00e7\u00e3o face a crises eminentes e aos desafios atuais e futuros, destaca-se pelo maior valor de montante contratado (2,9 mil milh\u00f5es de euros), correspondendo a 76,6% do total da regi\u00e3o. Segue-se a dimens\u00e3o da Transi\u00e7\u00e3o Clim\u00e1tica, com 666,2 milh\u00f5es de euros contratados (17,4%) e a dimens\u00e3o da Transi\u00e7\u00e3o Digital, com 226,3 milh\u00f5es de euros contratados (5,9%).<\/p>\n<p style=\"text-align: center;\"><strong>Peso do montante contratado na regi\u00e3o Centro por Dimens\u00e3o (%)<\/strong><\/p>\n<div class=\"wp-block-image\"><img decoding=\"async\" class=\"wpa-warning wpa-image-missing-alt size-full wp-image-88848 aligncenter\" src=\"https:\/\/www.ccdrc.pt\/wp-content\/uploads\/2026\/04\/01_Grafico-dimensao.jpg\" alt=\"\" width=\"715\" height=\"525\" data-warning=\"Missing alt text\" srcset=\"https:\/\/www.ccdrc.pt\/wp-content\/uploads\/2026\/04\/01_Grafico-dimensao-16x12.jpg 16w, https:\/\/www.ccdrc.pt\/wp-content\/uploads\/2026\/04\/01_Grafico-dimensao-200x147.jpg 200w, https:\/\/www.ccdrc.pt\/wp-content\/uploads\/2026\/04\/01_Grafico-dimensao-400x294.jpg 400w, https:\/\/www.ccdrc.pt\/wp-content\/uploads\/2026\/04\/01_Grafico-dimensao-500x367.jpg 500w, https:\/\/www.ccdrc.pt\/wp-content\/uploads\/2026\/04\/01_Grafico-dimensao-600x441.jpg 600w, https:\/\/www.ccdrc.pt\/wp-content\/uploads\/2026\/04\/01_Grafico-dimensao-700x514.jpg 700w, https:\/\/www.ccdrc.pt\/wp-content\/uploads\/2026\/04\/01_Grafico-dimensao.jpg 715w\" sizes=\"(max-width: 715px) 100vw, 715px\" \/><\/div>\n<p>Pelos elevados montantes contratados, destaca-se a componente de Investimento e inova\u00e7\u00e3o (995 milh\u00f5es de euros contratados, 26,0% do total regional), com investimentos associados, sobretudo, \u00e0s Agendas\/Alian\u00e7as mobilizadoras e verdes para a inova\u00e7\u00e3o empresarial (767 milh\u00f5es de euros). Seguem-se as componentes das Qualifica\u00e7\u00f5es e Compet\u00eancias (591 milh\u00f5es de euros, 15,5% do total da regi\u00e3o); do Servi\u00e7o Nacional de Sa\u00fade (430 milh\u00f5es de euros, 11,3% do total regional) e da Habita\u00e7\u00e3o (388 milh\u00f5es de euros contratados, 10,2% do total regional).<\/p>\n<p style=\"text-align: center;\"><strong>Montantes contratados na regi\u00e3o Centro por Componente (M\u20ac)<\/strong><\/p>\n<p><img decoding=\"async\" class=\"wpa-warning wpa-image-missing-alt size-full wp-image-88847\" src=\"https:\/\/www.ccdrc.pt\/wp-content\/uploads\/2026\/04\/02_Grafico-componentes.jpg\" alt=\"\" width=\"725\" height=\"693\" data-warning=\"Missing alt text\" srcset=\"https:\/\/www.ccdrc.pt\/wp-content\/uploads\/2026\/04\/02_Grafico-componentes-13x12.jpg 13w, https:\/\/www.ccdrc.pt\/wp-content\/uploads\/2026\/04\/02_Grafico-componentes-200x191.jpg 200w, https:\/\/www.ccdrc.pt\/wp-content\/uploads\/2026\/04\/02_Grafico-componentes-400x382.jpg 400w, https:\/\/www.ccdrc.pt\/wp-content\/uploads\/2026\/04\/02_Grafico-componentes-500x478.jpg 500w, https:\/\/www.ccdrc.pt\/wp-content\/uploads\/2026\/04\/02_Grafico-componentes-600x574.jpg 600w, https:\/\/www.ccdrc.pt\/wp-content\/uploads\/2026\/04\/02_Grafico-componentes-700x669.jpg 700w, https:\/\/www.ccdrc.pt\/wp-content\/uploads\/2026\/04\/02_Grafico-componentes.jpg 725w\" sizes=\"(max-width: 725px) 100vw, 725px\" \/><\/p>\n<p>Em termos sub-regionais, a Regi\u00e3o de Coimbra e a Regi\u00e3o de Aveiro apresentam os maiores montantes contratados da regi\u00e3o, concentrando 25,0% e 20,8% do total regional, respetivamente, sendo tamb\u00e9m estas duas sub-regi\u00f5es que registaram os maiores valores contratados por habitante, superando os 2.100 euros por habitante, acima da m\u00e9dia regional de 1.715 euros por habitante.<\/p>\n<p style=\"text-align: center;\"><strong>Montantes contratados por sub-regi\u00e3o do Centro (M\u20ac)<\/strong><\/p>\n<p><img decoding=\"async\" class=\"wpa-warning wpa-image-missing-alt size-full wp-image-88846\" src=\"https:\/\/www.ccdrc.pt\/wp-content\/uploads\/2026\/04\/03_Grafico-Subregioes.jpg\" alt=\"\" width=\"799\" height=\"518\" data-warning=\"Missing alt text\" srcset=\"https:\/\/www.ccdrc.pt\/wp-content\/uploads\/2026\/04\/03_Grafico-Subregioes-18x12.jpg 18w, https:\/\/www.ccdrc.pt\/wp-content\/uploads\/2026\/04\/03_Grafico-Subregioes-200x130.jpg 200w, https:\/\/www.ccdrc.pt\/wp-content\/uploads\/2026\/04\/03_Grafico-Subregioes-400x259.jpg 400w, https:\/\/www.ccdrc.pt\/wp-content\/uploads\/2026\/04\/03_Grafico-Subregioes-500x324.jpg 500w, https:\/\/www.ccdrc.pt\/wp-content\/uploads\/2026\/04\/03_Grafico-Subregioes-600x389.jpg 600w, https:\/\/www.ccdrc.pt\/wp-content\/uploads\/2026\/04\/03_Grafico-Subregioes-700x454.jpg 700w, https:\/\/www.ccdrc.pt\/wp-content\/uploads\/2026\/04\/03_Grafico-Subregioes-768x498.jpg 768w, https:\/\/www.ccdrc.pt\/wp-content\/uploads\/2026\/04\/03_Grafico-Subregioes.jpg 799w\" sizes=\"(max-width: 799px) 100vw, 799px\" \/><\/p>\n<p>\u00c0 escala municipal, na regi\u00e3o, continuam a destacar-se os munic\u00edpios de Coimbra, Aveiro, Leiria, \u00c1gueda, Viseu Figueira da Foz, Marinha Grande, \u00cdlhavo, Guarda e Covilh\u00e3 pelos elevados montantes contratados e pagos.<\/p>\n<p style=\"text-align: center;\"><strong>Montantes contratados por munic\u00edpios do Centro (M\u20ac)<\/strong><\/p>\n<p><img decoding=\"async\" class=\"wpa-warning wpa-image-missing-alt size-full wp-image-88845\" src=\"https:\/\/www.ccdrc.pt\/wp-content\/uploads\/2026\/04\/04_Mapa-por-municipio.jpg\" alt=\"\" width=\"961\" height=\"842\" data-warning=\"Missing alt text\" srcset=\"https:\/\/www.ccdrc.pt\/wp-content\/uploads\/2026\/04\/04_Mapa-por-municipio-14x12.jpg 14w, https:\/\/www.ccdrc.pt\/wp-content\/uploads\/2026\/04\/04_Mapa-por-municipio-200x175.jpg 200w, https:\/\/www.ccdrc.pt\/wp-content\/uploads\/2026\/04\/04_Mapa-por-municipio-400x350.jpg 400w, https:\/\/www.ccdrc.pt\/wp-content\/uploads\/2026\/04\/04_Mapa-por-municipio-500x438.jpg 500w, https:\/\/www.ccdrc.pt\/wp-content\/uploads\/2026\/04\/04_Mapa-por-municipio-600x526.jpg 600w, https:\/\/www.ccdrc.pt\/wp-content\/uploads\/2026\/04\/04_Mapa-por-municipio-700x613.jpg 700w, https:\/\/www.ccdrc.pt\/wp-content\/uploads\/2026\/04\/04_Mapa-por-municipio-768x673.jpg 768w, https:\/\/www.ccdrc.pt\/wp-content\/uploads\/2026\/04\/04_Mapa-por-municipio-800x701.jpg 800w, https:\/\/www.ccdrc.pt\/wp-content\/uploads\/2026\/04\/04_Mapa-por-municipio.jpg 961w\" sizes=\"(max-width: 961px) 100vw, 961px\" \/><\/p>\n<p>Esta informa\u00e7\u00e3o encontra-se dispon\u00edvel na nova edi\u00e7\u00e3o da infografia \u201cPlano de Recupera\u00e7\u00e3o e Resili\u00eancia (PRR) na regi\u00e3o Centro\u201d, referente ao primeiro trimestre de 2026, que acompanha os investimentos financiados pelo PRR na regi\u00e3o Centro. Para al\u00e9m de sintetizar os principais agregados para a regi\u00e3o Centro, \u00e9 tamb\u00e9m apresentada informa\u00e7\u00e3o para cada uma das oito sub-regi\u00f5es. Note-se, no entanto, que, sendo o PRR um programa nacional, existem projetos de implementa\u00e7\u00e3o nacional, com montantes significativos de fundos aplicados em investimentos transversais ao pa\u00eds. Esses fundos n\u00e3o se encontram regionalizados, pelo que n\u00e3o s\u00e3o considerados nesta an\u00e1lise, sendo, apenas, monitorizados os projetos com investimentos aplicados diretamente na regi\u00e3o Centro.<\/p>\n<p>Consulte <a href=\"https:\/\/www.ccdrc.pt\/wp-content\/uploads\/2026\/04\/Infografia-PRR-1T2026.pdf\">aqui<\/a> a infografia \u201cPlano de Recupera\u00e7\u00e3o e Resili\u00eancia (PRR) na regi\u00e3o Centro \u2013 1.\u00ba trimestre de 2026\u201d.<\/p>\n<\/div><\/div><\/div><\/div><\/div>\n","protected":false},"excerpt":{"rendered":"","protected":false},"author":1451,"featured_media":88849,"comment_status":"closed","ping_status":"closed","sticky":false,"template":"","format":"standard","meta":{"_acf_changed":false,"_eb_attr":"","inline_featured_image":false,"iawp_total_views":19,"footnotes":""},"categories":[212],"tags":[],"class_list":["post-88844","post","type-post","status-publish","format-standard","has-post-thumbnail","hentry","category-desenvolvimento-regional"],"acf":[],"_links":{"self":[{"href":"https:\/\/www.ccdrc.pt\/pt\/wp-json\/wp\/v2\/posts\/88844","targetHints":{"allow":["GET"]}}],"collection":[{"href":"https:\/\/www.ccdrc.pt\/pt\/wp-json\/wp\/v2\/posts"}],"about":[{"href":"https:\/\/www.ccdrc.pt\/pt\/wp-json\/wp\/v2\/types\/post"}],"author":[{"embeddable":true,"href":"https:\/\/www.ccdrc.pt\/pt\/wp-json\/wp\/v2\/users\/1451"}],"replies":[{"embeddable":true,"href":"https:\/\/www.ccdrc.pt\/pt\/wp-json\/wp\/v2\/comments?post=88844"}],"version-history":[{"count":3,"href":"https:\/\/www.ccdrc.pt\/pt\/wp-json\/wp\/v2\/posts\/88844\/revisions"}],"predecessor-version":[{"id":88858,"href":"https:\/\/www.ccdrc.pt\/pt\/wp-json\/wp\/v2\/posts\/88844\/revisions\/88858"}],"wp:featuredmedia":[{"embeddable":true,"href":"https:\/\/www.ccdrc.pt\/pt\/wp-json\/wp\/v2\/media\/88849"}],"wp:attachment":[{"href":"https:\/\/www.ccdrc.pt\/pt\/wp-json\/wp\/v2\/media?parent=88844"}],"wp:term":[{"taxonomy":"category","embeddable":true,"href":"https:\/\/www.ccdrc.pt\/pt\/wp-json\/wp\/v2\/categories?post=88844"},{"taxonomy":"post_tag","embeddable":true,"href":"https:\/\/www.ccdrc.pt\/pt\/wp-json\/wp\/v2\/tags?post=88844"}],"curies":[{"name":"wp","href":"https:\/\/api.w.org\/{rel}","templated":true}]}}