{"id":88804,"date":"2026-04-27T13:06:53","date_gmt":"2026-04-27T13:06:53","guid":{"rendered":"https:\/\/www.ccdrc.pt\/?p=88804"},"modified":"2026-04-27T13:06:53","modified_gmt":"2026-04-27T13:06:53","slug":"ad-urbem-debate-planeamento-regional-o-contributo-dos-prot","status":"publish","type":"post","link":"https:\/\/www.ccdrc.pt\/pt\/ad-urbem-debate-planeamento-regional-o-contributo-dos-prot\/","title":{"rendered":"AD URBEM debate Planeamento Regional: o contributo dos PROT"},"content":{"rendered":"<div class=\"fusion-fullwidth fullwidth-box fusion-builder-row-1 fusion-flex-container nonhundred-percent-fullwidth non-hundred-percent-height-scrolling\" style=\"--awb-border-radius-top-left:0px;--awb-border-radius-top-right:0px;--awb-border-radius-bottom-right:0px;--awb-border-radius-bottom-left:0px;\" ><div class=\"fusion-builder-row fusion-row fusion-flex-align-items-flex-start\" style=\"max-width:1288px;margin-left: calc(-0% \/ 2 );margin-right: calc(-0% \/ 2 );\"><div class=\"fusion-layout-column fusion_builder_column fusion-builder-column-0 fusion_builder_column_1_1 1_1 fusion-flex-column\" style=\"--awb-bg-size:cover;--awb-width-large:100%;--awb-margin-top-large:0px;--awb-spacing-right-large:0%;--awb-margin-bottom-large:0px;--awb-spacing-left-large:0%;--awb-width-medium:100%;--awb-spacing-right-medium:0%;--awb-spacing-left-medium:0%;--awb-width-small:100%;--awb-spacing-right-small:0%;--awb-spacing-left-small:0%;\"><div class=\"fusion-column-wrapper fusion-flex-justify-content-flex-start fusion-content-layout-column\"><div class=\"fusion-text fusion-text-1\"><div>&nbsp;A AD URBEM&nbsp;promove, no pr\u00f3ximo dia 27 de maio<b>,<\/b>&nbsp;no audit\u00f3rio da CCDR Centro, em Coimbra, uma sess\u00e3o de debate dedicada ao papel do planeamento regional e o contributo dos Programas Regionais de Ordenamento do Territ\u00f3rio.<\/div>\n<div>&nbsp;<\/div>\n<div>Foram recentemente aprovados os Programas Regionais de Ordenamento do Territ\u00f3rio (PROT) do Centro e do Norte, encontrando\u2011se em elabora\u00e7\u00e3o o PROT de Lisboa, Oeste e Vale do Tejo. Estes instrumentos assumem atualmente um papel estruturante na orienta\u00e7\u00e3o das pol\u00edticas p\u00fablicas e na defini\u00e7\u00e3o de investimentos com incid\u00eancia territorial.<\/div>\n<div>&nbsp;<\/div>\n<div>Num contexto em que os territ\u00f3rios adquirem crescente relev\u00e2ncia pol\u00edtica, econ\u00f3mica e ambiental, quer pela necessidade de refor\u00e7o da coes\u00e3o interna, quer pelos desafios associados \u00e0s transi\u00e7\u00f5es clim\u00e1tica, energ\u00e9tica e demogr\u00e1fica, a AD URBEM sublinha a import\u00e2ncia de promover um debate p\u00fablico informado e plural sobre o contributo dos PROT para o futuro das regi\u00f5es e do pa\u00eds.<\/div>\n<div>A sess\u00e3o ter\u00e1 lugar no Audit\u00f3rio da Comiss\u00e3o de Coordena\u00e7\u00e3o e Desenvolvimento Regional do Centro (CCDR Centro), entre as 9h30 e as 17h00.&nbsp;<\/div>\n<div>&nbsp;<\/div>\n<div>Para mais informa\u00e7\u00e3o:&nbsp;<br \/>\n&#8211; <a id=\"OWAf54410f0-aee4-f158-e4da-512904ce939c\" class=\"OWAAutoLink\" title=\"Inscri\u00e7\u00f5es\" href=\"http:\/\/www.adurbem.pt\/content\/view\/1345\/1227\/\">Inscri\u00e7\u00f5es<\/a>&nbsp;<br \/>\n&#8211; <a id=\"OWA07e5ceb6-da3b-6577-a2c9-b4dcb0d0ee8b\" class=\"OWAAutoLink\" href=\"http:\/\/www.adurbem.pt\/content\/view\/1344\/1226\/\">Programa<\/a><\/div>\n<\/div><\/div><\/div><\/div><\/div>\n","protected":false},"excerpt":{"rendered":"","protected":false},"author":1460,"featured_media":88805,"comment_status":"closed","ping_status":"closed","sticky":false,"template":"","format":"standard","meta":{"_acf_changed":false,"_eb_attr":"","inline_featured_image":false,"iawp_total_views":5,"footnotes":""},"categories":[220],"tags":[],"class_list":["post-88804","post","type-post","status-publish","format-standard","has-post-thumbnail","hentry","category-ordenamento"],"acf":[],"_links":{"self":[{"href":"https:\/\/www.ccdrc.pt\/pt\/wp-json\/wp\/v2\/posts\/88804","targetHints":{"allow":["GET"]}}],"collection":[{"href":"https:\/\/www.ccdrc.pt\/pt\/wp-json\/wp\/v2\/posts"}],"about":[{"href":"https:\/\/www.ccdrc.pt\/pt\/wp-json\/wp\/v2\/types\/post"}],"author":[{"embeddable":true,"href":"https:\/\/www.ccdrc.pt\/pt\/wp-json\/wp\/v2\/users\/1460"}],"replies":[{"embeddable":true,"href":"https:\/\/www.ccdrc.pt\/pt\/wp-json\/wp\/v2\/comments?post=88804"}],"version-history":[{"count":2,"href":"https:\/\/www.ccdrc.pt\/pt\/wp-json\/wp\/v2\/posts\/88804\/revisions"}],"predecessor-version":[{"id":88807,"href":"https:\/\/www.ccdrc.pt\/pt\/wp-json\/wp\/v2\/posts\/88804\/revisions\/88807"}],"wp:featuredmedia":[{"embeddable":true,"href":"https:\/\/www.ccdrc.pt\/pt\/wp-json\/wp\/v2\/media\/88805"}],"wp:attachment":[{"href":"https:\/\/www.ccdrc.pt\/pt\/wp-json\/wp\/v2\/media?parent=88804"}],"wp:term":[{"taxonomy":"category","embeddable":true,"href":"https:\/\/www.ccdrc.pt\/pt\/wp-json\/wp\/v2\/categories?post=88804"},{"taxonomy":"post_tag","embeddable":true,"href":"https:\/\/www.ccdrc.pt\/pt\/wp-json\/wp\/v2\/tags?post=88804"}],"curies":[{"name":"wp","href":"https:\/\/api.w.org\/{rel}","templated":true}]}}