{"id":85618,"date":"2026-01-06T14:39:32","date_gmt":"2026-01-06T14:39:32","guid":{"rendered":"https:\/\/www.ccdrc.pt\/?p=85618"},"modified":"2026-01-06T14:40:47","modified_gmt":"2026-01-06T14:40:47","slug":"cerca-de-39-mil-me-vao-ser-lancados-a-concurso-nos-proximos-12-meses","status":"publish","type":"post","link":"https:\/\/www.ccdrc.pt\/pt\/cerca-de-39-mil-me-vao-ser-lancados-a-concurso-nos-proximos-12-meses\/","title":{"rendered":"Cerca de 3,9 mil M\u20ac v\u00e3o ser lan\u00e7ados a concurso nos pr\u00f3ximos 12 meses"},"content":{"rendered":"<div class=\"fusion-fullwidth fullwidth-box fusion-builder-row-1 fusion-flex-container nonhundred-percent-fullwidth non-hundred-percent-height-scrolling\" style=\"--awb-border-radius-top-left:0px;--awb-border-radius-top-right:0px;--awb-border-radius-bottom-right:0px;--awb-border-radius-bottom-left:0px;\" ><div class=\"fusion-builder-row fusion-row fusion-flex-align-items-flex-start\" style=\"max-width:1288px;margin-left: calc(-0% \/ 2 );margin-right: calc(-0% \/ 2 );\"><div class=\"fusion-layout-column fusion_builder_column fusion-builder-column-0 fusion_builder_column_1_1 1_1 fusion-flex-column\" style=\"--awb-bg-size:cover;--awb-width-large:100%;--awb-margin-top-large:0px;--awb-spacing-right-large:0%;--awb-margin-bottom-large:0px;--awb-spacing-left-large:0%;--awb-width-medium:100%;--awb-spacing-right-medium:0%;--awb-spacing-left-medium:0%;--awb-width-small:100%;--awb-spacing-right-small:0%;--awb-spacing-left-small:0%;\"><div class=\"fusion-column-wrapper fusion-flex-justify-content-flex-start fusion-content-layout-column\"><div class=\"fusion-text fusion-text-1\"><p>A Comiss\u00e3o Interministerial do Portugal&nbsp;2030 aprovou a atualiza\u00e7\u00e3o do&nbsp;<a href=\"https:\/\/portugal2030.pt\/plano-anual-de-avisos\/\" target=\"_blank\" rel=\"noopener\"><strong>Plano Anual de Avisos<\/strong><\/a>, atrav\u00e9s da <a href=\"https:\/\/portugal2030.pt\/wp-content\/uploads\/sites\/3\/2026\/01\/Deb_CIC_PAA_202601_assMECT.pdf\" target=\"_blank\" rel=\"noopener\">Delibera\u00e7\u00e3o CIC n.\u00ba 1\/2026\/PL<\/a>.<\/p>\n<p>O&nbsp;<a href=\"https:\/\/portugal2030.pt\/plano-anual-de-avisos\/\" target=\"_blank\" rel=\"noopener\"><strong>Plano Anual de Avisos<\/strong><\/a> do Portugal 2030 e do FAMI &#8211; Fundo para o Asilo, a Migra\u00e7\u00e3o e a Integra\u00e7\u00e3o, permite <strong>conhecer quais os pr\u00f3ximos avisos&nbsp;que ser\u00e3o lan\u00e7ados<\/strong>, sendo, assim, poss\u00edvel&nbsp;<strong>planear atividades e investimentos<\/strong>, refor\u00e7ando a <strong>transpar\u00eancia e previsibilidade<\/strong> na abertura de concursos e convites para candidaturas a fundos europeus.<\/p>\n<h5><strong><br \/>\nPERTO DE 3,9 MIL M\u20ac DE FUNDOS EUROPEUS PARA APOIAR PROJETOS<\/strong><\/h5>\n<p>Entre janeiro e dezembro de 2026,&nbsp;est\u00e1 prevista a publica\u00e7\u00e3o de<strong> 220 Avisos de concurso<\/strong>, mobilizando cerca de<strong> 3,9 mil milh\u00f5es de euros<\/strong>, distribu\u00eddos pelas v\u00e1rias regi\u00f5es do pa\u00eds, nas \u00e1reas sociais, da economia, do ambiente, do mar e do territ\u00f3rio.<\/p>\n<p>Em 2026, para o <strong>conjunto dos tr\u00eas quadrimestres<\/strong>, est\u00e3o previstos um total de <strong>171 Avisos de concurso<\/strong>, no \u00e2mbito dos <a href=\"https:\/\/portugal2030.pt\/programas\/\" target=\"_blank\" rel=\"noopener\">Programas do Portugal 2030<\/a> do Continente e do FAMI, com uma dota\u00e7\u00e3o associada de <strong>3,7 mil milh\u00f5es de euros<\/strong>.<\/p>\n<p>Os Programas com maior dota\u00e7\u00e3o s\u00e3o o <a href=\"https:\/\/www.compete2030.gov.pt\/\" target=\"_blank\" rel=\"noopener\">Compete 2030<\/a> (cerca de 1,3 mil milh\u00f5es de euros), o <a href=\"https:\/\/pessoas2030.gov.pt\/\" target=\"_blank\" rel=\"noopener\">Pessoas 2030<\/a> (com quase 1,1 mil milh\u00f5es) e o <a href=\"https:\/\/sustentavel2030.gov.pt\/\" target=\"_blank\" rel=\"noopener\">Sustent\u00e1vel 2030<\/a> (com mais de 920 milh\u00f5es de euros).<\/p>\n<p>Os concursos v\u00e3o abarcar projetos em diversas \u00e1reas, como<strong> inova\u00e7\u00e3o produtiva, investiga\u00e7\u00e3o na \u00e1rea digital e biotecnologia, infraestruturas e equipamentos tecnol\u00f3gicos, descarboniza\u00e7\u00e3o, efici\u00eancia energ\u00e9tica na habita\u00e7\u00e3o social, mobilidade sustent\u00e1vel e gest\u00e3o da \u00e1gua e conserva\u00e7\u00e3o de recursos h\u00eddricos.<\/strong><\/p>\n<p>&nbsp;<\/p>\n<table style=\"height: 427px;\" width=\"716\">\n<tbody>\n<tr>\n<td style=\"text-align: center;\" width=\"189\"><strong>PROGRAMA<\/strong><\/td>\n<td style=\"text-align: center;\" width=\"189\"><strong>AVISOS A LAN\u00c7AR<\/strong><\/td>\n<td style=\"text-align: center;\" width=\"189\"><strong>MONTANTE A CONCURSO<\/strong><\/td>\n<\/tr>\n<tr>\n<td style=\"text-align: center;\" width=\"189\">PESSOAS 2030<\/td>\n<td style=\"text-align: center;\" width=\"189\">28<\/td>\n<td style=\"text-align: center;\" width=\"189\">1.098.712.300\u20ac<\/td>\n<\/tr>\n<tr>\n<td style=\"text-align: center;\" width=\"189\">Compete 2030<\/td>\n<td style=\"text-align: center;\" width=\"189\">16<\/td>\n<td style=\"text-align: center;\" width=\"189\">1.345.935.000\u20ac<\/td>\n<\/tr>\n<tr>\n<td style=\"text-align: center;\" width=\"189\">Sustent\u00e1vel 2030<\/td>\n<td style=\"text-align: center;\" width=\"189\">29<\/td>\n<td style=\"text-align: center;\" width=\"189\">907.469.067\u20ac<\/td>\n<\/tr>\n<tr>\n<td style=\"text-align: center;\" width=\"189\">Mar 2030<\/td>\n<td style=\"text-align: center;\" width=\"189\">16<\/td>\n<td style=\"text-align: center;\" width=\"189\">14.363.598\u20ac<\/td>\n<\/tr>\n<tr>\n<td style=\"text-align: center;\" width=\"189\">Norte 2030<\/td>\n<td style=\"text-align: center;\" width=\"189\">12<\/td>\n<td style=\"text-align: center;\" width=\"189\">40.071.680\u20ac<\/td>\n<\/tr>\n<tr>\n<td style=\"text-align: center;\" width=\"189\">Centro 2030<\/td>\n<td style=\"text-align: center;\" width=\"189\">12<\/td>\n<td style=\"text-align: center;\" width=\"189\">91.355.926\u20ac<\/td>\n<\/tr>\n<tr>\n<td style=\"text-align: center;\" width=\"189\">Lisboa 2030<\/td>\n<td style=\"text-align: center;\" width=\"189\">5<\/td>\n<td style=\"text-align: center;\" width=\"189\">23.315.000\u20ac<\/td>\n<\/tr>\n<tr>\n<td style=\"text-align: center;\" width=\"189\">Alentejo 2030<\/td>\n<td style=\"text-align: center;\" width=\"189\">42<\/td>\n<td style=\"text-align: center;\" width=\"189\">81.103.881\u20ac<\/td>\n<\/tr>\n<tr>\n<td style=\"text-align: center;\" width=\"189\">Algarve 2030<\/td>\n<td style=\"text-align: center;\" width=\"189\">20<\/td>\n<td style=\"text-align: center;\" width=\"189\">45.569.000\u20ac<\/td>\n<\/tr>\n<tr>\n<td style=\"text-align: center;\" width=\"189\">A\u00e7ores 2030<\/td>\n<td style=\"text-align: center;\" width=\"189\">22<\/td>\n<td style=\"text-align: center;\" width=\"189\">114.350.000\u20ac<\/td>\n<\/tr>\n<tr>\n<td style=\"text-align: center;\" width=\"189\">Madeira 2030<\/td>\n<td style=\"text-align: center;\" width=\"189\">27<\/td>\n<td style=\"text-align: center;\" width=\"189\">87.760.000\u20ac<\/td>\n<\/tr>\n<tr>\n<td style=\"text-align: center;\" width=\"189\">PAT 2030<\/td>\n<td style=\"text-align: center;\" width=\"189\">1<\/td>\n<td style=\"text-align: center;\" width=\"189\">1.500.000\u20ac<\/td>\n<\/tr>\n<tr>\n<td style=\"text-align: center;\" width=\"189\">FAMI 2030<\/td>\n<td style=\"text-align: center;\" width=\"189\">5<\/td>\n<td style=\"text-align: center;\" width=\"189\">17.354.388\u20ac<\/td>\n<\/tr>\n<\/tbody>\n<\/table>\n<p>&nbsp;<\/p>\n<p>Entre janeiro e abril, destacam-se Avisos com financiamento expressivo, sobretudo nos Programas <a href=\"https:\/\/www.compete2030.gov.pt\/\" target=\"_blank\" rel=\"noopener\">Compete 2030<\/a> e <a href=\"https:\/\/sustentavel2030.gov.pt\/\" target=\"_blank\" rel=\"noopener\">Sustent\u00e1vel 2030<\/a>:<\/p>\n<ul>\n<li><strong>STEP \u2013 Inova\u00e7\u00e3o Produtiva<\/strong> (Energia): 400 M\u20ac<\/li>\n<li><strong>STEP \u2013 I&amp;D&amp;I Empresarial<\/strong> (Energia): 115 M\u20ac<\/li>\n<li><strong>STEP \u2013 Inova\u00e7\u00e3o Produtiva<\/strong> (Digital e Biotecnologia): 401 M\u20ac<\/li>\n<li><strong>STEP \u2013 I&amp;D&amp;I Empresarial<\/strong> (Digital e Biotecnologia): 210 M\u20ac<\/li>\n<li><strong>Avisos Sustent\u00e1vel 2030 para efici\u00eancia energ\u00e9tica e mobilidade<\/strong>: dezenas de milh\u00f5es de euros em projetos estruturantes.<\/li>\n<\/ul>\n<p>S\u00f3 em janeiro, os quatro avisos do Compete 2030 representam 94% do investimento previsto para o m\u00eas, num total superior a 1.115 M\u20ac.<\/p>\n<p>No <strong>final de 2025<\/strong>, o <strong>volume de fundos<\/strong> <strong>colocados a concurso<\/strong> <strong>ascendeu a cerca de 13,5 mil milh\u00f5es de euros<\/strong>, valor que corresponde a 64% do envelope financeiro global do Portugal 2030.<\/p>\n<h5><strong><br \/>\nPLANEIE OS SEUS INVESTIMENTOS!<\/strong><\/h5>\n<p>O Plano Anual de Avisos constitui um relevante instrumento de planeamento&nbsp;para todos os atores do ecossistema dos fundos.<\/p>\n<p>Assume particular relev\u00e2ncia para os benefici\u00e1rios&nbsp;pela perspetiva que fornece a m\u00e9dio prazo sobre oportunidades de financiamento, num modelo que valoriza transpar\u00eancia.<\/p>\n<p><strong>O Plano Anual de Avisos&nbsp;\u00e9 atualizado todos os quadrimestres<\/strong>, sendo, em cada um, publicada uma vers\u00e3o atualizada do Plano para os 12 meses subsequentes, com maior detalhe de informa\u00e7\u00e3o para o 1\u00ba quadrimestre de cada atualiza\u00e7\u00e3o.<\/p>\n<p>Na p\u00e1gina do <strong><a href=\"https:\/\/portugal2030.pt\/plano-anual-de-avisos\/\" target=\"_blank\" rel=\"noopener\">Plano Anual de Avisos<\/a><\/strong>&nbsp;poder\u00e1 encontrar<strong> informa\u00e7\u00e3o sobre todos estes avisos<\/strong>&nbsp;e saber quando ser\u00e3o lan\u00e7ados, quem se pode candidatar e quais as a\u00e7\u00f5es eleg\u00edveis em cada um.<\/p>\n<p>Pode contar, ainda, com a ajuda do assistente virtual IVO, dispon\u00edvel para apoiar as suas pesquisas.<\/p>\n<\/div><\/div><\/div><\/div><\/div>\n","protected":false},"excerpt":{"rendered":"","protected":false},"author":1451,"featured_media":85619,"comment_status":"closed","ping_status":"closed","sticky":false,"template":"","format":"standard","meta":{"_acf_changed":false,"_eb_attr":"","inline_featured_image":false,"iawp_total_views":29,"footnotes":""},"categories":[216],"tags":[],"class_list":["post-85618","post","type-post","status-publish","format-standard","has-post-thumbnail","hentry","category-fundos-europeus"],"acf":[],"_links":{"self":[{"href":"https:\/\/www.ccdrc.pt\/pt\/wp-json\/wp\/v2\/posts\/85618","targetHints":{"allow":["GET"]}}],"collection":[{"href":"https:\/\/www.ccdrc.pt\/pt\/wp-json\/wp\/v2\/posts"}],"about":[{"href":"https:\/\/www.ccdrc.pt\/pt\/wp-json\/wp\/v2\/types\/post"}],"author":[{"embeddable":true,"href":"https:\/\/www.ccdrc.pt\/pt\/wp-json\/wp\/v2\/users\/1451"}],"replies":[{"embeddable":true,"href":"https:\/\/www.ccdrc.pt\/pt\/wp-json\/wp\/v2\/comments?post=85618"}],"version-history":[{"count":3,"href":"https:\/\/www.ccdrc.pt\/pt\/wp-json\/wp\/v2\/posts\/85618\/revisions"}],"predecessor-version":[{"id":85623,"href":"https:\/\/www.ccdrc.pt\/pt\/wp-json\/wp\/v2\/posts\/85618\/revisions\/85623"}],"wp:featuredmedia":[{"embeddable":true,"href":"https:\/\/www.ccdrc.pt\/pt\/wp-json\/wp\/v2\/media\/85619"}],"wp:attachment":[{"href":"https:\/\/www.ccdrc.pt\/pt\/wp-json\/wp\/v2\/media?parent=85618"}],"wp:term":[{"taxonomy":"category","embeddable":true,"href":"https:\/\/www.ccdrc.pt\/pt\/wp-json\/wp\/v2\/categories?post=85618"},{"taxonomy":"post_tag","embeddable":true,"href":"https:\/\/www.ccdrc.pt\/pt\/wp-json\/wp\/v2\/tags?post=85618"}],"curies":[{"name":"wp","href":"https:\/\/api.w.org\/{rel}","templated":true}]}}