{"id":74369,"date":"2025-03-22T08:01:41","date_gmt":"2025-03-22T08:01:41","guid":{"rendered":"https:\/\/www.ccdrc.pt\/?p=74369"},"modified":"2025-03-21T17:16:02","modified_gmt":"2025-03-21T17:16:02","slug":"dia-mundial-da-agua","status":"publish","type":"post","link":"https:\/\/www.ccdrc.pt\/pt\/dia-mundial-da-agua\/","title":{"rendered":"Dia Mundial da \u00c1gua"},"content":{"rendered":"<div class=\"fusion-fullwidth fullwidth-box fusion-builder-row-1 fusion-flex-container nonhundred-percent-fullwidth non-hundred-percent-height-scrolling\" style=\"--awb-border-radius-top-left:0px;--awb-border-radius-top-right:0px;--awb-border-radius-bottom-right:0px;--awb-border-radius-bottom-left:0px;\" ><div class=\"fusion-builder-row fusion-row fusion-flex-align-items-flex-start\" style=\"max-width:1288px;margin-left: calc(-0% \/ 2 );margin-right: calc(-0% \/ 2 );\"><div class=\"fusion-layout-column fusion_builder_column fusion-builder-column-0 fusion_builder_column_1_1 1_1 fusion-flex-column\" style=\"--awb-bg-size:cover;--awb-width-large:100%;--awb-margin-top-large:0px;--awb-spacing-right-large:0%;--awb-margin-bottom-large:0px;--awb-spacing-left-large:0%;--awb-width-medium:100%;--awb-spacing-right-medium:0%;--awb-spacing-left-medium:0%;--awb-width-small:100%;--awb-spacing-right-small:0%;--awb-spacing-left-small:0%;\"><div class=\"fusion-column-wrapper fusion-flex-justify-content-flex-start fusion-content-layout-column\"><div class=\"fusion-text fusion-text-1\"><div>O Dia Mundial da \u00c1gua, celebrado anualmente a 22 de mar\u00e7o, destaca a import\u00e2ncia da \u00e1gua doce e promove a sua gest\u00e3o sustent\u00e1vel. Em 2025, o tema central \u00e9 a preserva\u00e7\u00e3o dos glaciares, sublinhando o seu papel essencial na garantia de \u00e1gua pot\u00e1vel, na agricultura, na produ\u00e7\u00e3o de energia e na manuten\u00e7\u00e3o dos ecossistemas globais.<\/div>\n<div>&nbsp;<\/div>\n<div>A CCDR Centro assinala este dia enfatizando a import\u00e2ncia da \u00e1gua na agricultura, principal fator na produ\u00e7\u00e3o de alimentos. Embora o setor agr\u00edcola seja um dos maiores consumidores deste recurso a n\u00edvel mundial, a ado\u00e7\u00e3o de novas t\u00e9cnicas e tecnologias de agricultura de precis\u00e3o tem permitido reduzir significativamente o consumo de \u00e1gua.<\/div>\n<div>&nbsp;<\/div>\n<div class=\"x_elementToProof\">Com o envolvimento da comunidade e dos seus trabalhadores, a CCDR Centro tem promovido v\u00e1rias a\u00e7\u00f5es de sensibiliza\u00e7\u00e3o sobre a \u00c1gua: o bem maior na produ\u00e7\u00e3o de alimentos, refor\u00e7ando a necessidade de um uso mais eficiente e sustent\u00e1vel deste recurso vital.<\/div>\n<div>&nbsp;<\/div>\n<div>\n<div class=\"wp-block-image\"><img decoding=\"async\" class=\"wpa-warning wpa-image-missing-alt alignnone size-full wp-image-74375\" src=\"https:\/\/www.ccdrc.pt\/wp-content\/uploads\/2025\/03\/2.jpg\" alt=\"\" width=\"900\" height=\"900\" data-warning=\"Missing alt text\" srcset=\"https:\/\/www.ccdrc.pt\/wp-content\/uploads\/2025\/03\/2-12x12.jpg 12w, https:\/\/www.ccdrc.pt\/wp-content\/uploads\/2025\/03\/2-66x66.jpg 66w, https:\/\/www.ccdrc.pt\/wp-content\/uploads\/2025\/03\/2-200x200.jpg 200w, https:\/\/www.ccdrc.pt\/wp-content\/uploads\/2025\/03\/2-400x400.jpg 400w, https:\/\/www.ccdrc.pt\/wp-content\/uploads\/2025\/03\/2-500x500.jpg 500w, https:\/\/www.ccdrc.pt\/wp-content\/uploads\/2025\/03\/2-600x600.jpg 600w, https:\/\/www.ccdrc.pt\/wp-content\/uploads\/2025\/03\/2-700x700.jpg 700w, https:\/\/www.ccdrc.pt\/wp-content\/uploads\/2025\/03\/2-768x768.jpg 768w, https:\/\/www.ccdrc.pt\/wp-content\/uploads\/2025\/03\/2-800x800.jpg 800w, https:\/\/www.ccdrc.pt\/wp-content\/uploads\/2025\/03\/2.jpg 900w\" sizes=\"(max-width: 900px) 100vw, 900px\" \/><\/div>\n<div>\n<div class=\"wp-block-image\"><img decoding=\"async\" class=\"wpa-warning wpa-image-missing-alt alignnone size-full wp-image-74374\" src=\"https:\/\/www.ccdrc.pt\/wp-content\/uploads\/2025\/03\/3.jpg\" alt=\"\" width=\"900\" height=\"881\" data-warning=\"Missing alt text\" srcset=\"https:\/\/www.ccdrc.pt\/wp-content\/uploads\/2025\/03\/3-12x12.jpg 12w, https:\/\/www.ccdrc.pt\/wp-content\/uploads\/2025\/03\/3-66x66.jpg 66w, https:\/\/www.ccdrc.pt\/wp-content\/uploads\/2025\/03\/3-200x196.jpg 200w, https:\/\/www.ccdrc.pt\/wp-content\/uploads\/2025\/03\/3-400x392.jpg 400w, https:\/\/www.ccdrc.pt\/wp-content\/uploads\/2025\/03\/3-500x489.jpg 500w, https:\/\/www.ccdrc.pt\/wp-content\/uploads\/2025\/03\/3-600x587.jpg 600w, https:\/\/www.ccdrc.pt\/wp-content\/uploads\/2025\/03\/3-700x685.jpg 700w, https:\/\/www.ccdrc.pt\/wp-content\/uploads\/2025\/03\/3-768x752.jpg 768w, https:\/\/www.ccdrc.pt\/wp-content\/uploads\/2025\/03\/3-800x783.jpg 800w, https:\/\/www.ccdrc.pt\/wp-content\/uploads\/2025\/03\/3.jpg 900w\" sizes=\"(max-width: 900px) 100vw, 900px\" \/><\/div>\n<div>\n<div class=\"wp-block-image\"><img decoding=\"async\" class=\"wpa-warning wpa-image-missing-alt alignnone size-full wp-image-74373\" src=\"https:\/\/www.ccdrc.pt\/wp-content\/uploads\/2025\/03\/4.jpg\" alt=\"\" width=\"900\" height=\"715\" data-warning=\"Missing alt text\" srcset=\"https:\/\/www.ccdrc.pt\/wp-content\/uploads\/2025\/03\/4-15x12.jpg 15w, https:\/\/www.ccdrc.pt\/wp-content\/uploads\/2025\/03\/4-177x142.jpg 177w, https:\/\/www.ccdrc.pt\/wp-content\/uploads\/2025\/03\/4-200x159.jpg 200w, https:\/\/www.ccdrc.pt\/wp-content\/uploads\/2025\/03\/4-400x318.jpg 400w, https:\/\/www.ccdrc.pt\/wp-content\/uploads\/2025\/03\/4-500x397.jpg 500w, https:\/\/www.ccdrc.pt\/wp-content\/uploads\/2025\/03\/4-600x477.jpg 600w, https:\/\/www.ccdrc.pt\/wp-content\/uploads\/2025\/03\/4-700x556.jpg 700w, https:\/\/www.ccdrc.pt\/wp-content\/uploads\/2025\/03\/4-768x610.jpg 768w, https:\/\/www.ccdrc.pt\/wp-content\/uploads\/2025\/03\/4-800x636.jpg 800w, https:\/\/www.ccdrc.pt\/wp-content\/uploads\/2025\/03\/4.jpg 900w\" sizes=\"(max-width: 900px) 100vw, 900px\" \/><\/div>\n<div>\n<div class=\"wp-block-image\"><img decoding=\"async\" class=\"wpa-warning wpa-image-missing-alt alignnone size-full wp-image-74372\" src=\"https:\/\/www.ccdrc.pt\/wp-content\/uploads\/2025\/03\/5.jpg\" alt=\"\" width=\"900\" height=\"590\" data-warning=\"Missing alt text\" srcset=\"https:\/\/www.ccdrc.pt\/wp-content\/uploads\/2025\/03\/5-18x12.jpg 18w, https:\/\/www.ccdrc.pt\/wp-content\/uploads\/2025\/03\/5-200x131.jpg 200w, https:\/\/www.ccdrc.pt\/wp-content\/uploads\/2025\/03\/5-400x262.jpg 400w, https:\/\/www.ccdrc.pt\/wp-content\/uploads\/2025\/03\/5-500x328.jpg 500w, https:\/\/www.ccdrc.pt\/wp-content\/uploads\/2025\/03\/5-600x393.jpg 600w, https:\/\/www.ccdrc.pt\/wp-content\/uploads\/2025\/03\/5-700x459.jpg 700w, https:\/\/www.ccdrc.pt\/wp-content\/uploads\/2025\/03\/5-768x503.jpg 768w, https:\/\/www.ccdrc.pt\/wp-content\/uploads\/2025\/03\/5-800x524.jpg 800w, https:\/\/www.ccdrc.pt\/wp-content\/uploads\/2025\/03\/5.jpg 900w\" sizes=\"(max-width: 900px) 100vw, 900px\" \/><img decoding=\"async\" class=\"wpa-warning wpa-image-missing-alt alignnone wp-image-74385\" src=\"https:\/\/www.ccdrc.pt\/wp-content\/uploads\/2025\/03\/foto7.jpg\" alt=\"\" width=\"905\" height=\"366\" data-warning=\"Missing alt text\" srcset=\"https:\/\/www.ccdrc.pt\/wp-content\/uploads\/2025\/03\/foto7-18x7.jpg 18w, https:\/\/www.ccdrc.pt\/wp-content\/uploads\/2025\/03\/foto7-200x81.jpg 200w, https:\/\/www.ccdrc.pt\/wp-content\/uploads\/2025\/03\/foto7-400x162.jpg 400w, https:\/\/www.ccdrc.pt\/wp-content\/uploads\/2025\/03\/foto7-500x202.jpg 500w, https:\/\/www.ccdrc.pt\/wp-content\/uploads\/2025\/03\/foto7-600x242.jpg 600w, https:\/\/www.ccdrc.pt\/wp-content\/uploads\/2025\/03\/foto7-669x272.jpg 669w, https:\/\/www.ccdrc.pt\/wp-content\/uploads\/2025\/03\/foto7-700x283.jpg 700w, https:\/\/www.ccdrc.pt\/wp-content\/uploads\/2025\/03\/foto7.jpg 745w\" sizes=\"(max-width: 905px) 100vw, 905px\" \/><\/div>\n<div>\n<div><strong>Veja <a href=\"https:\/\/www.flickr.com\/photos\/ccdrc\/albums\/72177720324560822\" target=\"_blank\" rel=\"noopener\">aqui<\/a> todas fotografias.<\/strong><\/div>\n<\/div>\n<\/div>\n<\/div>\n<\/div>\n<\/div>\n<\/div><\/div><\/div><\/div><\/div>\n","protected":false},"excerpt":{"rendered":"","protected":false},"author":1451,"featured_media":74376,"comment_status":"closed","ping_status":"closed","sticky":false,"template":"","format":"standard","meta":{"_acf_changed":false,"_eb_attr":"","inline_featured_image":false,"iawp_total_views":51,"footnotes":""},"categories":[763,307],"tags":[],"class_list":["post-74369","post","type-post","status-publish","format-standard","has-post-thumbnail","hentry","category-desenvolvimento-rural-e-agroalimentar","category-informacao"],"acf":[],"_links":{"self":[{"href":"https:\/\/www.ccdrc.pt\/pt\/wp-json\/wp\/v2\/posts\/74369","targetHints":{"allow":["GET"]}}],"collection":[{"href":"https:\/\/www.ccdrc.pt\/pt\/wp-json\/wp\/v2\/posts"}],"about":[{"href":"https:\/\/www.ccdrc.pt\/pt\/wp-json\/wp\/v2\/types\/post"}],"author":[{"embeddable":true,"href":"https:\/\/www.ccdrc.pt\/pt\/wp-json\/wp\/v2\/users\/1451"}],"replies":[{"embeddable":true,"href":"https:\/\/www.ccdrc.pt\/pt\/wp-json\/wp\/v2\/comments?post=74369"}],"version-history":[{"count":7,"href":"https:\/\/www.ccdrc.pt\/pt\/wp-json\/wp\/v2\/posts\/74369\/revisions"}],"predecessor-version":[{"id":74386,"href":"https:\/\/www.ccdrc.pt\/pt\/wp-json\/wp\/v2\/posts\/74369\/revisions\/74386"}],"wp:featuredmedia":[{"embeddable":true,"href":"https:\/\/www.ccdrc.pt\/pt\/wp-json\/wp\/v2\/media\/74376"}],"wp:attachment":[{"href":"https:\/\/www.ccdrc.pt\/pt\/wp-json\/wp\/v2\/media?parent=74369"}],"wp:term":[{"taxonomy":"category","embeddable":true,"href":"https:\/\/www.ccdrc.pt\/pt\/wp-json\/wp\/v2\/categories?post=74369"},{"taxonomy":"post_tag","embeddable":true,"href":"https:\/\/www.ccdrc.pt\/pt\/wp-json\/wp\/v2\/tags?post=74369"}],"curies":[{"name":"wp","href":"https:\/\/api.w.org\/{rel}","templated":true}]}}