{"id":71558,"date":"2025-02-14T10:33:48","date_gmt":"2025-02-14T10:33:48","guid":{"rendered":"https:\/\/www.ccdrc.pt\/?p=71558"},"modified":"2025-02-14T10:36:17","modified_gmt":"2025-02-14T10:36:17","slug":"programa-apicola-nacional","status":"publish","type":"post","link":"https:\/\/www.ccdrc.pt\/pt\/programa-apicola-nacional\/","title":{"rendered":"Programa Ap\u00edcola Nacional"},"content":{"rendered":"<div class=\"fusion-fullwidth fullwidth-box fusion-builder-row-1 fusion-flex-container nonhundred-percent-fullwidth non-hundred-percent-height-scrolling\" style=\"--awb-border-radius-top-left:0px;--awb-border-radius-top-right:0px;--awb-border-radius-bottom-right:0px;--awb-border-radius-bottom-left:0px;\" ><div class=\"fusion-builder-row fusion-row fusion-flex-align-items-flex-start\" style=\"max-width:1288px;margin-left: calc(-0% \/ 2 );margin-right: calc(-0% \/ 2 );\"><div class=\"fusion-layout-column fusion_builder_column fusion-builder-column-0 fusion_builder_column_1_1 1_1 fusion-flex-column\" style=\"--awb-bg-size:cover;--awb-width-large:100%;--awb-margin-top-large:0px;--awb-spacing-right-large:0%;--awb-margin-bottom-large:0px;--awb-spacing-left-large:0%;--awb-width-medium:100%;--awb-spacing-right-medium:0%;--awb-spacing-left-medium:0%;--awb-width-small:100%;--awb-spacing-right-small:0%;--awb-spacing-left-small:0%;\"><div class=\"fusion-column-wrapper fusion-flex-justify-content-flex-start fusion-content-layout-column\"><div class=\"fusion-text fusion-text-1\"><div class=\"wp-block-image\"><img decoding=\"async\" class=\"wpa-warning wpa-image-missing-alt size-full wp-image-71559 aligncenter\" src=\"https:\/\/www.ccdrc.pt\/wp-content\/uploads\/2025\/02\/apicultura.jpg\" alt=\"\" width=\"740\" height=\"284\" data-warning=\"Missing alt text\" srcset=\"https:\/\/www.ccdrc.pt\/wp-content\/uploads\/2025\/02\/apicultura-18x7.jpg 18w, https:\/\/www.ccdrc.pt\/wp-content\/uploads\/2025\/02\/apicultura-200x77.jpg 200w, https:\/\/www.ccdrc.pt\/wp-content\/uploads\/2025\/02\/apicultura-400x154.jpg 400w, https:\/\/www.ccdrc.pt\/wp-content\/uploads\/2025\/02\/apicultura-500x192.jpg 500w, https:\/\/www.ccdrc.pt\/wp-content\/uploads\/2025\/02\/apicultura-600x230.jpg 600w, https:\/\/www.ccdrc.pt\/wp-content\/uploads\/2025\/02\/apicultura-700x269.jpg 700w, https:\/\/www.ccdrc.pt\/wp-content\/uploads\/2025\/02\/apicultura.jpg 740w\" sizes=\"(max-width: 740px) 100vw, 740px\" \/><\/div>\n<p>O Programa Nacional para Apoio ao setor da Apicultura para o per\u00edodo 2023-2027, Dom\u00ednio B.2, visa a moderniza\u00e7\u00e3o do setor do setor da apicultura, a inova\u00e7\u00e3o e a digitaliza\u00e7\u00e3o na agricultura e nas zonas rurais, a contribui\u00e7\u00e3o para travar e inverter a perda de biodiversidade, o refor\u00e7o da orienta\u00e7\u00e3o para o mercado e aumento da competitividade das explora\u00e7\u00f5es agr\u00edcolas, a melhoria da resposta dada pela agricultura \u00e0s exig\u00eancias da sociedade nos dom\u00ednios da alimenta\u00e7\u00e3o, da sa\u00fade e do ambiente.<\/p>\n<p>Para mais informa\u00e7\u00e3o e submiss\u00e3o de candidatura aceda aos seguintes links:<\/p>\n<p><a href=\"https:\/\/www.dgadr.gov.pt\/programas-operacionais\/apicultura\">https:\/\/www.dgadr.gov.pt\/programas-operacionais\/apicultura<\/a><\/p>\n<p><a href=\"https:\/\/www.ifap.pt\/portal\/programa-apicola-pna-2023-2027-candidatura-pagamento\">https:\/\/www.ifap.pt\/portal\/programa-apicola-pna-2023-2027-candidatura-pagamento<\/a><\/p>\n<\/div><\/div><\/div><\/div><\/div>\n","protected":false},"excerpt":{"rendered":"","protected":false},"author":1451,"featured_media":0,"comment_status":"closed","ping_status":"closed","sticky":false,"template":"","format":"standard","meta":{"_acf_changed":false,"_eb_attr":"","inline_featured_image":false,"iawp_total_views":14,"footnotes":""},"categories":[172],"tags":[],"class_list":["post-71558","post","type-post","status-publish","format-standard","hentry","category-sem-categoria"],"acf":[],"_links":{"self":[{"href":"https:\/\/www.ccdrc.pt\/pt\/wp-json\/wp\/v2\/posts\/71558","targetHints":{"allow":["GET"]}}],"collection":[{"href":"https:\/\/www.ccdrc.pt\/pt\/wp-json\/wp\/v2\/posts"}],"about":[{"href":"https:\/\/www.ccdrc.pt\/pt\/wp-json\/wp\/v2\/types\/post"}],"author":[{"embeddable":true,"href":"https:\/\/www.ccdrc.pt\/pt\/wp-json\/wp\/v2\/users\/1451"}],"replies":[{"embeddable":true,"href":"https:\/\/www.ccdrc.pt\/pt\/wp-json\/wp\/v2\/comments?post=71558"}],"version-history":[{"count":2,"href":"https:\/\/www.ccdrc.pt\/pt\/wp-json\/wp\/v2\/posts\/71558\/revisions"}],"predecessor-version":[{"id":71562,"href":"https:\/\/www.ccdrc.pt\/pt\/wp-json\/wp\/v2\/posts\/71558\/revisions\/71562"}],"wp:attachment":[{"href":"https:\/\/www.ccdrc.pt\/pt\/wp-json\/wp\/v2\/media?parent=71558"}],"wp:term":[{"taxonomy":"category","embeddable":true,"href":"https:\/\/www.ccdrc.pt\/pt\/wp-json\/wp\/v2\/categories?post=71558"},{"taxonomy":"post_tag","embeddable":true,"href":"https:\/\/www.ccdrc.pt\/pt\/wp-json\/wp\/v2\/tags?post=71558"}],"curies":[{"name":"wp","href":"https:\/\/api.w.org\/{rel}","templated":true}]}}