{"id":70708,"date":"2025-01-31T09:25:18","date_gmt":"2025-01-31T09:25:18","guid":{"rendered":"https:\/\/www.ccdrc.pt\/?p=70708"},"modified":"2025-01-31T10:40:41","modified_gmt":"2025-01-31T10:40:41","slug":"webinar-de-esclarecimentos-sobre-a-6-a-convocatoria-para-o-poctep-2021-2027","status":"publish","type":"post","link":"https:\/\/www.ccdrc.pt\/pt\/webinar-de-esclarecimentos-sobre-a-6-a-convocatoria-para-o-poctep-2021-2027\/","title":{"rendered":"Webinar de esclarecimentos sobre a 6.\u00aa convocat\u00f3ria para o POCTEP 2021-2027"},"content":{"rendered":"<div class=\"fusion-fullwidth fullwidth-box fusion-builder-row-1 fusion-flex-container nonhundred-percent-fullwidth non-hundred-percent-height-scrolling\" style=\"--awb-border-radius-top-left:0px;--awb-border-radius-top-right:0px;--awb-border-radius-bottom-right:0px;--awb-border-radius-bottom-left:0px;\" ><div class=\"fusion-builder-row fusion-row fusion-flex-align-items-flex-start\" style=\"max-width:1288px;margin-left: calc(-0% \/ 2 );margin-right: calc(-0% \/ 2 );\"><div class=\"fusion-layout-column fusion_builder_column fusion-builder-column-0 fusion_builder_column_1_1 1_1 fusion-flex-column\" style=\"--awb-bg-size:cover;--awb-width-large:100%;--awb-margin-top-large:0px;--awb-spacing-right-large:0%;--awb-margin-bottom-large:0px;--awb-spacing-left-large:0%;--awb-width-medium:100%;--awb-spacing-right-medium:0%;--awb-spacing-left-medium:0%;--awb-width-small:100%;--awb-spacing-right-small:0%;--awb-spacing-left-small:0%;\"><div class=\"fusion-column-wrapper fusion-flex-justify-content-flex-start fusion-content-layout-column\"><div class=\"fusion-text fusion-text-1\"><p>No pr\u00f3ximo dia 10 de fevereiro de 2025, das 11:00 \u00e0s 13:00 (hora de Portugal), o Programa Interreg Espanha-Portugal \u2013 POCTEP \u2013 2021-2027 vai realizar um webinar com o objetivo de ajudar na prepara\u00e7\u00e3o das candidaturas \u00e0 <a href=\"https:\/\/www.ccdrc.pt\/pt\/abertura-da-6a-convocatoria-poctep-2021-2027-a-15-de-janeiro-2025\/\" target=\"_blank\" rel=\"noopener\"><strong>6.\u00aa convocat\u00f3ria de projetos<\/strong><\/a>, que se encontra aberta a projetos enquadrados nos objetivos pol\u00edticos: OP 1, 2, 4 e OE Interreg.<\/p>\n<p>A participa\u00e7\u00e3o no webinar \u00e9 gratuita, mas requer <strong>inscri\u00e7\u00e3o obrigat\u00f3ria at\u00e9 6 de fevereiro de 2025.<\/strong><\/p>\n<p>Inscreva-se <a href=\"https:\/\/forms.gle\/3dH48ejJCJahoiaV9\" target=\"_blank\" rel=\"noopener\">aqui<\/a>!<\/p>\n<p><strong>As candidaturas devem ser submetidas atrav\u00e9s da aplica\u00e7\u00e3o CoFFEE Interreg at\u00e9 \u00e0s 13:00h (hora de Portugal) do dia 14 de mar\u00e7o de 2025.<\/strong><\/p>\n<p>Mais informa\u00e7\u00e3o <a href=\"https:\/\/www.poctep.eu\/wp-content\/uploads\/2025\/01\/Bases_Adm_Convo6_VF_CA_PT.pdf\" target=\"_blank\" rel=\"noopener\">aqui.<\/a><\/p>\n<\/div><\/div><\/div><\/div><\/div>\n","protected":false},"excerpt":{"rendered":"","protected":false},"author":1,"featured_media":70709,"comment_status":"closed","ping_status":"closed","sticky":false,"template":"","format":"standard","meta":{"_acf_changed":false,"_eb_attr":"","inline_featured_image":false,"iawp_total_views":10,"footnotes":""},"categories":[216,307],"tags":[793,795,794],"class_list":["post-70708","post","type-post","status-publish","format-standard","has-post-thumbnail","hentry","category-fundos-europeus","category-informacao","tag-6-a-convocatoria-para-o-poctep-2021-2027","tag-poctep","tag-webinar"],"acf":[],"_links":{"self":[{"href":"https:\/\/www.ccdrc.pt\/pt\/wp-json\/wp\/v2\/posts\/70708","targetHints":{"allow":["GET"]}}],"collection":[{"href":"https:\/\/www.ccdrc.pt\/pt\/wp-json\/wp\/v2\/posts"}],"about":[{"href":"https:\/\/www.ccdrc.pt\/pt\/wp-json\/wp\/v2\/types\/post"}],"author":[{"embeddable":true,"href":"https:\/\/www.ccdrc.pt\/pt\/wp-json\/wp\/v2\/users\/1"}],"replies":[{"embeddable":true,"href":"https:\/\/www.ccdrc.pt\/pt\/wp-json\/wp\/v2\/comments?post=70708"}],"version-history":[{"count":2,"href":"https:\/\/www.ccdrc.pt\/pt\/wp-json\/wp\/v2\/posts\/70708\/revisions"}],"predecessor-version":[{"id":70711,"href":"https:\/\/www.ccdrc.pt\/pt\/wp-json\/wp\/v2\/posts\/70708\/revisions\/70711"}],"wp:featuredmedia":[{"embeddable":true,"href":"https:\/\/www.ccdrc.pt\/pt\/wp-json\/wp\/v2\/media\/70709"}],"wp:attachment":[{"href":"https:\/\/www.ccdrc.pt\/pt\/wp-json\/wp\/v2\/media?parent=70708"}],"wp:term":[{"taxonomy":"category","embeddable":true,"href":"https:\/\/www.ccdrc.pt\/pt\/wp-json\/wp\/v2\/categories?post=70708"},{"taxonomy":"post_tag","embeddable":true,"href":"https:\/\/www.ccdrc.pt\/pt\/wp-json\/wp\/v2\/tags?post=70708"}],"curies":[{"name":"wp","href":"https:\/\/api.w.org\/{rel}","templated":true}]}}