{"id":70014,"date":"2025-01-14T17:19:11","date_gmt":"2025-01-14T17:19:11","guid":{"rendered":"https:\/\/www.ccdrc.pt\/?p=70014"},"modified":"2025-01-15T14:47:38","modified_gmt":"2025-01-15T14:47:38","slug":"abertura-da-6a-convocatoria-poctep-2021-2027-a-15-de-janeiro-2025","status":"publish","type":"post","link":"https:\/\/www.ccdrc.pt\/pt\/abertura-da-6a-convocatoria-poctep-2021-2027-a-15-de-janeiro-2025\/","title":{"rendered":"Abertura da 6\u00aa convocat\u00f3ria POCTEP 2021\/2027 a 15 de janeiro 2025"},"content":{"rendered":"<div class=\"fusion-fullwidth fullwidth-box fusion-builder-row-1 fusion-flex-container nonhundred-percent-fullwidth non-hundred-percent-height-scrolling\" style=\"--awb-border-radius-top-left:0px;--awb-border-radius-top-right:0px;--awb-border-radius-bottom-right:0px;--awb-border-radius-bottom-left:0px;\" ><div class=\"fusion-builder-row fusion-row fusion-flex-align-items-flex-start\" style=\"max-width:1288px;margin-left: calc(-0% \/ 2 );margin-right: calc(-0% \/ 2 );\"><div class=\"fusion-layout-column fusion_builder_column fusion-builder-column-0 fusion_builder_column_1_1 1_1 fusion-flex-column\" style=\"--awb-bg-size:cover;--awb-width-large:100%;--awb-margin-top-large:0px;--awb-spacing-right-large:0%;--awb-margin-bottom-large:0px;--awb-spacing-left-large:0%;--awb-width-medium:100%;--awb-spacing-right-medium:0%;--awb-spacing-left-medium:0%;--awb-width-small:100%;--awb-spacing-right-small:0%;--awb-spacing-left-small:0%;\"><div class=\"fusion-column-wrapper fusion-flex-justify-content-flex-start fusion-content-layout-column\"><div class=\"fusion-text fusion-text-1\"><p>O <a href=\"https:\/\/www.poctep.eu\/pt\/presentacion-poctep-2021-2027-pt\/\">Programa de Coopera\u00e7\u00e3o Interreg Espanha-Portugal (POCTEP)<\/a> aprovou, no seu 4.\u00ba Comit\u00e9 de Acompanhamento, a 12 de dezembro de 2024, as bases da 6.\u00aa convocat\u00f3ria de projetos. Os requisitos s\u00e3o os seguintes:<\/p>\n<ul>\n<li>Os projetos devem estar enquadrados nos <strong>objetivos pol\u00edticos<\/strong> OP 1, 2, 4 e OE Interreg.<\/li>\n<li>Destina-se \u00e0s 6 \u00e1reas de coopera\u00e7\u00e3o do programa, abrangendo 8 regi\u00f5es de Portugal e Espanha.<\/li>\n<li>Contar\u00e1 com um apoio FEDER de quase 111 milh\u00f5es de euros.<\/li>\n<li>A apresenta\u00e7\u00e3o de candidaturas poder\u00e1 ser realizada na plataforma <strong>CoFFEE<\/strong> entre 15 de janeiro e 14 de mar\u00e7o de 2025.<\/li>\n<li>A data de in\u00edcio de elegibilidade \u00e9 <strong>1 de janeiro de 2022<\/strong>, enquanto a data limite de execu\u00e7\u00e3o ser\u00e1 31 de dezembro de 2028.<\/li>\n<\/ul>\n<p>A apresenta\u00e7\u00e3o das candidaturas ser\u00e1 realizada exclusivamente atrav\u00e9s da aplica\u00e7\u00e3o CoFFEE Interreg.<\/p>\n<p>Mais informa\u00e7\u00f5es <a href=\"https:\/\/www.poctep.eu\/pt\/portada-pt\/publicadas-las-bases-de-la-6a-convocatoria\/\" target=\"_blank\" rel=\"noopener\">aqui<\/a><\/p>\n<\/div><\/div><\/div><\/div><\/div>\n","protected":false},"excerpt":{"rendered":"","protected":false},"author":1,"featured_media":70091,"comment_status":"closed","ping_status":"closed","sticky":false,"template":"","format":"standard","meta":{"_acf_changed":false,"_eb_attr":"","inline_featured_image":false,"iawp_total_views":10,"footnotes":""},"categories":[216,307],"tags":[],"class_list":["post-70014","post","type-post","status-publish","format-standard","has-post-thumbnail","hentry","category-fundos-europeus","category-informacao"],"acf":[],"_links":{"self":[{"href":"https:\/\/www.ccdrc.pt\/pt\/wp-json\/wp\/v2\/posts\/70014","targetHints":{"allow":["GET"]}}],"collection":[{"href":"https:\/\/www.ccdrc.pt\/pt\/wp-json\/wp\/v2\/posts"}],"about":[{"href":"https:\/\/www.ccdrc.pt\/pt\/wp-json\/wp\/v2\/types\/post"}],"author":[{"embeddable":true,"href":"https:\/\/www.ccdrc.pt\/pt\/wp-json\/wp\/v2\/users\/1"}],"replies":[{"embeddable":true,"href":"https:\/\/www.ccdrc.pt\/pt\/wp-json\/wp\/v2\/comments?post=70014"}],"version-history":[{"count":3,"href":"https:\/\/www.ccdrc.pt\/pt\/wp-json\/wp\/v2\/posts\/70014\/revisions"}],"predecessor-version":[{"id":70020,"href":"https:\/\/www.ccdrc.pt\/pt\/wp-json\/wp\/v2\/posts\/70014\/revisions\/70020"}],"wp:featuredmedia":[{"embeddable":true,"href":"https:\/\/www.ccdrc.pt\/pt\/wp-json\/wp\/v2\/media\/70091"}],"wp:attachment":[{"href":"https:\/\/www.ccdrc.pt\/pt\/wp-json\/wp\/v2\/media?parent=70014"}],"wp:term":[{"taxonomy":"category","embeddable":true,"href":"https:\/\/www.ccdrc.pt\/pt\/wp-json\/wp\/v2\/categories?post=70014"},{"taxonomy":"post_tag","embeddable":true,"href":"https:\/\/www.ccdrc.pt\/pt\/wp-json\/wp\/v2\/tags?post=70014"}],"curies":[{"name":"wp","href":"https:\/\/api.w.org\/{rel}","templated":true}]}}