{"id":33971,"date":"2009-04-03T13:03:00","date_gmt":"2009-04-03T13:03:00","guid":{"rendered":""},"modified":"2023-10-23T17:13:46","modified_gmt":"2023-10-23T17:13:46","slug":"33971","status":"publish","type":"post","link":"https:\/\/www.ccdrc.pt\/pt\/33971\/","title":{"rendered":"Dura\u00e7\u00e3o de trabalho, trabalho extraordin\u00e1rio, regime e limites."},"content":{"rendered":"<div class=\"fusion-fullwidth fullwidth-box fusion-builder-row-1 fusion-flex-container nonhundred-percent-fullwidth non-hundred-percent-height-scrolling\" style=\"--awb-border-radius-top-left:0px;--awb-border-radius-top-right:0px;--awb-border-radius-bottom-right:0px;--awb-border-radius-bottom-left:0px;\" ><div class=\"fusion-builder-row fusion-row fusion-flex-align-items-flex-start\" style=\"max-width:1288px;margin-left: calc(-0% \/ 2 );margin-right: calc(-0% \/ 2 );\"><div class=\"fusion-layout-column fusion_builder_column fusion-builder-column-0 fusion_builder_column_1_1 1_1 fusion-flex-column\" style=\"--awb-bg-size:cover;--awb-width-large:100%;--awb-margin-top-large:0px;--awb-spacing-right-large:0%;--awb-margin-bottom-large:0px;--awb-spacing-left-large:0%;--awb-width-medium:100%;--awb-spacing-right-medium:0%;--awb-spacing-left-medium:0%;--awb-width-small:100%;--awb-spacing-right-small:0%;--awb-spacing-left-small:0%;\"><div class=\"fusion-column-wrapper fusion-flex-justify-content-flex-start fusion-content-layout-column\"><div class=\"fusion-text fusion-text-1\"><div class=\"searchbox\">\n<div class=\"value\">Data:&nbsp;&nbsp;<strong>sexta, 03 abril 2009<\/strong><\/div>\n<div class=\"value\">N\u00famero:&nbsp;<strong>DAJ 57\/09<\/strong><\/div>\n<div class=\"value\">Respons\u00e1veis:&nbsp;&nbsp;<strong>Jos\u00e9 Manuel Martins de Lima<\/strong><\/div>\n<\/div>\n<div class=\"article_content\">\n<div class=\"fulltext\">\n<p align=\"justify\">A C\u00e2mara Municipal da \u2026, pelo of\u00edcio n.\u00ba \u2026, de \u2026, coloca a quest\u00e3o de saber por que princ\u00edpios se deve reger a interpreta\u00e7\u00e3o dos preceitos limitativos da presta\u00e7\u00e3o de trabalho extraordin\u00e1rio.<\/p>\n<p align=\"justify\">Sobre o assunto cumpre-nos tecer as seguintes considera\u00e7\u00f5es:<\/p>\n<p align=\"justify\">O hor\u00e1rio de trabalho delimita o per\u00edodo de trabalho di\u00e1rio e semanal, determinando as horas do in\u00edcio e do termo do per\u00edodo normal de trabalho di\u00e1rio, bem como dos intervalos de descanso, sendo que o Regime do Contrato de Trabalho em Fun\u00e7\u00f5es P\u00fablicas \u2013 abreviadamente, RCTFP, contendo os respectivos \u201cRegime\u201d e \u201cRegulamento\u201d\u2013 aprovado pela Lei n.\u00ba 59\/2008, de 11 de Setembro, n\u00e3o regulamenta os hor\u00e1rios de trabalho (n\u00e3o os enumera ou tipifica), permitindo \u00e0 entidade empregadora p\u00fablica fixar os hor\u00e1rios de trabalho que, em concreto, forem mais adaptados \u00e0s suas necessidades e \u00e0s dos trabalhadores (artigos 121.\u00ba, e 132.\u00ba a 141.\u00ba do \u201cRegime\u201d \u2013 anexo I) e mant\u00e9m os limites m\u00e1ximos dos per\u00edodos normais de trabalho que, em 31 de Dezembro de 2008, vigoravam genericamente na Administra\u00e7\u00e3o P\u00fablica, a saber, 7 horas de trabalho por dia e 35 horas de trabalho por semana, correspondendo o trabalho a tempo completo ao per\u00edodo normal de trabalho semanal (35 horas), constituindo este o regime regra dos trabalhadores integrados nas carreiras gerais (artigos 126.\u00ba e 129.\u00ba a 131.\u00ba do \u201cRegime\u201d \u2013 anexo I).<\/p>\n<p align=\"justify\">Por seu turno, da conjuga\u00e7\u00e3o dos artigos 158.\u00ba a 163.\u00ba e 212.\u00ba do \u201cRegime\u201d (anexo I) conclui-se que:<br \/>\n1 &#8211; Considera-se trabalho extraordin\u00e1rio:<br \/>\n\u2022&nbsp;O trabalho prestado fora do hor\u00e1rio de trabalho;<br \/>\n\u2022&nbsp;Nos casos em que tenha sido limitada a isen\u00e7\u00e3o de hor\u00e1rio de trabalho a um determinado n\u00famero de horas de trabalho, di\u00e1rio ou semanal, aquele que seja prestado fora desse per\u00edodo;<br \/>\n\u2022&nbsp;Nos casos de isen\u00e7\u00e3o de hor\u00e1rio em que tenha sido estipulado que a mesma n\u00e3o prejudica o per\u00edodo normal de trabalho di\u00e1rio ou semanal, aquele que exceda a dura\u00e7\u00e3o desse per\u00edodo.<br \/>\n2 &#8211; A defini\u00e7\u00e3o de trabalho extraordin\u00e1rio compreende o trabalho prestado nos dias de descanso semanal, obrigat\u00f3rio ou complementar, e nos feriados.<br \/>\n&nbsp;3 &#8211; A presta\u00e7\u00e3o de todo e qualquer trabalho extraordin\u00e1rio \u00e9 excepcional e deve ser sempre fundamentada.<br \/>\n&nbsp;4 &#8211; O trabalhador \u00e9 obrigado a realizar a presta\u00e7\u00e3o de trabalho extraordin\u00e1rio, mas este est\u00e1 sujeito a limites, a saber:<br \/>\n&#8211; Em regra, e para todas as carreiras, duas horas por dia normal de trabalho, um n\u00famero de horas igual ao per\u00edodo normal de trabalho di\u00e1rio se for prestado em dia de descanso semanal, obrigat\u00f3rio ou complementar, e em dia feriado, e 100 horas de trabalho por ano (que poder\u00e1 ser aumentado at\u00e9 200 horas por ano, por instrumento de regulamenta\u00e7\u00e3o colectiva de trabalho).<br \/>\n5 &#8211; A presta\u00e7\u00e3o de trabalho extraordin\u00e1rio confere ao trabalhador o direito aos seguintes acr\u00e9scimos remunerat\u00f3rios:<br \/>\n\u2022&nbsp;Em dia normal de trabalho, 50% da remunera\u00e7\u00e3o na primeira hora e 75% nas horas ou frac\u00e7\u00f5es subsequentes;<br \/>\n\u2022&nbsp;Em dia de descanso semanal, obrigat\u00f3rio ou complementar, e em dia feriado, 100% da remunera\u00e7\u00e3o por cada hora de trabalho efectuado.<br \/>\n6 &#8211; A presta\u00e7\u00e3o de trabalho extraordin\u00e1rio confere, ainda, o direito a descanso compensat\u00f3rio, nos termos do art.\u00ba 163.\u00ba.<br \/>\n7 \u2013 Excepcionalmente, os limites acima referidos podem ser ultrapassados, desde que n\u00e3o impliquem uma remunera\u00e7\u00e3o por trabalho extraordin\u00e1rio superior a 60 % da remunera\u00e7\u00e3o base do trabalhador quando se trate de trabalhadores que ocupem postos de trabalho de motoristas ou telefonistas e de outros trabalhadores integrados nas carreiras de assistente operacional e de assistente t\u00e9cnico, cuja manuten\u00e7\u00e3o ao servi\u00e7o para al\u00e9m do hor\u00e1rio de trabalho seja fundamentadamente reconhecida como indispens\u00e1vel [al\u00ednea a) do n.\u00ba 2 do art.\u00ba 161.\u00ba do \u201cRegime\u201d].<\/p>\n<p align=\"justify\">Em face do exposto, afigura-se-nos que a resposta \u00e0s quest\u00f5es submetidas \u00e0 nossa aprecia\u00e7\u00e3o resultam directamente do que das normas citadas decorre, tornando-se indispens\u00e1vel, em ordem a satisfazer as necessidades dos servi\u00e7os, articular os instrumentos e observar os limites previstos na lei em sede de dura\u00e7\u00e3o e organiza\u00e7\u00e3o do tempo de trabalho \u2013 artigos 117.\u00ba a 167.\u00bado RCTFP \u2013 ou, quando tal n\u00e3o se revele adequado ou suficiente, recorrer ao recrutamento de trabalhadores em termos de permitir a satisfa\u00e7\u00e3o dessas necessidades.<\/p>\n<p align=\"justify\">Pel\u2019 A Divis\u00e3o de Apoio Jur\u00eddico<\/p>\n<p align=\"justify\">(Jos\u00e9 Manuel Martins de Lima)<\/p>\n<\/div>\n<\/div>\n<\/div><\/div><\/div><\/div><\/div>\n","protected":false},"excerpt":{"rendered":"<p align=\"justify\">A C\u00e2mara Municipal da \u2026, pelo of\u00edcio n.\u00ba \u2026, de \u2026, coloca a quest\u00e3o de saber por que princ\u00edpios se deve reger a interpreta\u00e7\u00e3o dos preceitos limitativos da presta\u00e7\u00e3o de trabalho extraordin\u00e1rio.<\/p>\n<p align=\"justify\">Sobre o assunto cumpre-nos tecer as seguintes considera\u00e7\u00f5es:<\/p>\n<p align=\"justify\">O hor\u00e1rio de trabalho delimita o per\u00edodo de trabalho di\u00e1rio e semanal, determinando as horas do in\u00edcio e do termo do per\u00edodo normal de trabalho di\u00e1rio, bem como dos intervalos de descanso, sendo que o Regime do Contrato de Trabalho em Fun\u00e7\u00f5es P\u00fablicas \u2013 abreviadamente, RCTFP, contendo os respectivos \u201cRegime\u201d e \u201cRegulamento\u201d\u2013 aprovado pela Lei n.\u00ba 59\/2008, de 11 de Setembro, n\u00e3o regulamenta os hor\u00e1rios de trabalho (n\u00e3o os enumera ou tipifica), permitindo \u00e0 entidade empregadora p\u00fablica fixar os hor\u00e1rios de trabalho que, em concreto, forem mais adaptados \u00e0s suas necessidades e \u00e0s dos trabalhadores (artigos 121.\u00ba, e 132.\u00ba a 141.\u00ba do \u201cRegime\u201d \u2013 anexo I) e mant\u00e9m os limites m\u00e1ximos dos per\u00edodos normais de trabalho que, em 31 de Dezembro de 2008, vigoravam genericamente na Administra\u00e7\u00e3o P\u00fablica, a saber, 7 horas de trabalho por dia e 35 horas de trabalho por semana, correspondendo o trabalho a tempo completo ao per\u00edodo normal de trabalho semanal (35 horas), constituindo este o regime regra dos trabalhadores integrados nas carreiras gerais (artigos 126.\u00ba e 129.\u00ba a 131.\u00ba do \u201cRegime\u201d \u2013 anexo I).<\/p>\n<p align=\"justify\">Por seu turno, da conjuga\u00e7\u00e3o dos artigos 158.\u00ba a 163.\u00ba e 212.\u00ba do \u201cRegime\u201d (anexo I) conclui-se que:<br \/>1 &#8211; Considera-se trabalho extraordin\u00e1rio:<br \/>\u2022\u00a0O trabalho prestado fora do hor\u00e1rio de trabalho; <br \/>\u2022\u00a0Nos casos em que tenha sido limitada a isen\u00e7\u00e3o de hor\u00e1rio de trabalho a um determinado n\u00famero de horas de trabalho, di\u00e1rio ou semanal, aquele que seja prestado fora desse per\u00edodo; <br \/>\u2022\u00a0Nos casos de isen\u00e7\u00e3o de hor\u00e1rio em que tenha sido estipulado que a mesma n\u00e3o prejudica o per\u00edodo normal de trabalho di\u00e1rio ou semanal, aquele que exceda a dura\u00e7\u00e3o desse per\u00edodo. <br \/>2 &#8211; A defini\u00e7\u00e3o de trabalho extraordin\u00e1rio compreende o trabalho prestado nos dias de descanso semanal, obrigat\u00f3rio ou complementar, e nos feriados.<br \/>\u00a03 &#8211; A presta\u00e7\u00e3o de todo e qualquer trabalho extraordin\u00e1rio \u00e9 excepcional e deve ser sempre fundamentada.<br \/>\u00a04 &#8211; O trabalhador \u00e9 obrigado a realizar a presta\u00e7\u00e3o de trabalho extraordin\u00e1rio, mas este est\u00e1 sujeito a limites, a saber:<br \/>&#8211; Em regra, e para todas as carreiras, duas horas por dia normal de trabalho, um n\u00famero de horas igual ao per\u00edodo normal de trabalho di\u00e1rio se for prestado em dia de descanso semanal, obrigat\u00f3rio ou complementar, e em dia feriado, e 100 horas de trabalho por ano (que poder\u00e1 ser aumentado at\u00e9 200 horas por ano, por instrumento de regulamenta\u00e7\u00e3o colectiva de trabalho).<br \/>5 &#8211; A presta\u00e7\u00e3o de trabalho extraordin\u00e1rio confere ao trabalhador o direito aos seguintes acr\u00e9scimos remunerat\u00f3rios:<br \/>\u2022\u00a0Em dia normal de trabalho, 50% da remunera\u00e7\u00e3o na primeira hora e 75% nas horas ou frac\u00e7\u00f5es subsequentes; <br \/>\u2022\u00a0Em dia de descanso semanal, obrigat\u00f3rio ou complementar, e em dia feriado, 100% da remunera\u00e7\u00e3o por cada hora de trabalho efectuado. <br \/>6 &#8211; A presta\u00e7\u00e3o de trabalho extraordin\u00e1rio confere, ainda, o direito a descanso compensat\u00f3rio, nos termos do art.\u00ba 163.\u00ba.<br \/>7 \u2013 Excepcionalmente, os limites acima referidos podem ser ultrapassados, desde que n\u00e3o impliquem uma remunera\u00e7\u00e3o por trabalho extraordin\u00e1rio superior a 60 % da remunera\u00e7\u00e3o base do trabalhador quando se trate de trabalhadores que ocupem postos de trabalho de motoristas ou telefonistas e de outros trabalhadores integrados nas carreiras de assistente operacional e de assistente t\u00e9cnico, cuja manuten\u00e7\u00e3o ao servi\u00e7o para al\u00e9m do hor\u00e1rio de trabalho seja fundamentadamente reconhecida como indispens\u00e1vel [al\u00ednea a) do n.\u00ba 2 do art.\u00ba 161.\u00ba do \u201cRegime\u201d].<\/p>\n<p align=\"justify\">Em face do exposto, afigura-se-nos que a resposta \u00e0s quest\u00f5es submetidas \u00e0 nossa aprecia\u00e7\u00e3o resultam directamente do que das normas citadas decorre, tornando-se indispens\u00e1vel, em ordem a satisfazer as necessidades dos servi\u00e7os, articular os instrumentos e observar os limites previstos na lei em sede de dura\u00e7\u00e3o e organiza\u00e7\u00e3o do tempo de trabalho \u2013 artigos 117.\u00ba a 167.\u00bado RCTFP \u2013 ou, quando tal n\u00e3o se revele adequado ou suficiente, recorrer ao recrutamento de trabalhadores em termos de permitir a satisfa\u00e7\u00e3o dessas necessidades.<\/p>\n<p align=\"justify\">Pel\u2019 A Divis\u00e3o de Apoio Jur\u00eddico<\/p>\n<p align=\"justify\">(Jos\u00e9 Manuel Martins de Lima)<\/p>\n<p align=\"justify\">&nbsp;<\/p>\n","protected":false},"author":3,"featured_media":0,"comment_status":"open","ping_status":"open","sticky":false,"template":"","format":"standard","meta":{"_acf_changed":false,"_eb_attr":"","inline_featured_image":false,"iawp_total_views":20,"footnotes":""},"categories":[357],"tags":[187],"class_list":["post-33971","post","type-post","status-publish","format-standard","hentry","category-pareceres-ate-2017","tag-text-layout"],"acf":[],"_links":{"self":[{"href":"https:\/\/www.ccdrc.pt\/pt\/wp-json\/wp\/v2\/posts\/33971","targetHints":{"allow":["GET"]}}],"collection":[{"href":"https:\/\/www.ccdrc.pt\/pt\/wp-json\/wp\/v2\/posts"}],"about":[{"href":"https:\/\/www.ccdrc.pt\/pt\/wp-json\/wp\/v2\/types\/post"}],"author":[{"embeddable":true,"href":"https:\/\/www.ccdrc.pt\/pt\/wp-json\/wp\/v2\/users\/3"}],"replies":[{"embeddable":true,"href":"https:\/\/www.ccdrc.pt\/pt\/wp-json\/wp\/v2\/comments?post=33971"}],"version-history":[{"count":2,"href":"https:\/\/www.ccdrc.pt\/pt\/wp-json\/wp\/v2\/posts\/33971\/revisions"}],"predecessor-version":[{"id":41159,"href":"https:\/\/www.ccdrc.pt\/pt\/wp-json\/wp\/v2\/posts\/33971\/revisions\/41159"}],"wp:attachment":[{"href":"https:\/\/www.ccdrc.pt\/pt\/wp-json\/wp\/v2\/media?parent=33971"}],"wp:term":[{"taxonomy":"category","embeddable":true,"href":"https:\/\/www.ccdrc.pt\/pt\/wp-json\/wp\/v2\/categories?post=33971"},{"taxonomy":"post_tag","embeddable":true,"href":"https:\/\/www.ccdrc.pt\/pt\/wp-json\/wp\/v2\/tags?post=33971"}],"curies":[{"name":"wp","href":"https:\/\/api.w.org\/{rel}","templated":true}]}}