{"id":33553,"date":"2003-07-29T15:04:58","date_gmt":"2003-07-29T15:04:58","guid":{"rendered":""},"modified":"2023-10-27T13:44:31","modified_gmt":"2023-10-27T13:44:31","slug":"33553","status":"publish","type":"post","link":"https:\/\/www.ccdrc.pt\/pt\/33553\/","title":{"rendered":"Eleitos; F\u00e9rias."},"content":{"rendered":"<div class=\"fusion-fullwidth fullwidth-box fusion-builder-row-1 fusion-flex-container nonhundred-percent-fullwidth non-hundred-percent-height-scrolling\" style=\"--awb-border-radius-top-left:0px;--awb-border-radius-top-right:0px;--awb-border-radius-bottom-right:0px;--awb-border-radius-bottom-left:0px;\" ><div class=\"fusion-builder-row fusion-row fusion-flex-align-items-flex-start\" style=\"max-width:1288px;margin-left: calc(-0% \/ 2 );margin-right: calc(-0% \/ 2 );\"><div class=\"fusion-layout-column fusion_builder_column fusion-builder-column-0 fusion_builder_column_1_1 1_1 fusion-flex-column\" style=\"--awb-bg-size:cover;--awb-width-large:100%;--awb-margin-top-large:0px;--awb-spacing-right-large:0%;--awb-margin-bottom-large:0px;--awb-spacing-left-large:0%;--awb-width-medium:100%;--awb-spacing-right-medium:0%;--awb-spacing-left-medium:0%;--awb-width-small:100%;--awb-spacing-right-small:0%;--awb-spacing-left-small:0%;\"><div class=\"fusion-column-wrapper fusion-flex-justify-content-flex-start fusion-content-layout-column\"><div class=\"fusion-text fusion-text-1\"><div class=\"searchbox\">\n<div class=\"value\">Data:&nbsp;&nbsp;<strong>ter\u00e7a, 29 julho 2003<\/strong><\/div>\n<div class=\"value\">N\u00famero:&nbsp;<strong>178\/03<\/strong><\/div>\n<div class=\"value\">Respons\u00e1veis:&nbsp;&nbsp;<strong>Maria Jos\u00e9 Castanheira Neves<\/strong><\/div>\n<\/div>\n<div class=\"article_content\">\n<div class=\"fulltext\">\n<p align=\"justify\">Eleitos locais; direito a f\u00e9rias; subs\u00eddio extraordin\u00e1rio de Junho; F\u00e9rias<\/p>\n<div align=\"justify\">&nbsp;<\/div>\n<ol>\n<li>\n<div align=\"justify\">Os eleitos locais em regime de perman\u00eancia ou de meio tempo, quer dos munic\u00edpios quer das freguesias, t\u00eam direito a 30 dias de f\u00e9rias anuais. N\u00e3o remetendo a lei nesta mat\u00e9ria para o regime de f\u00e9rias dos funcion\u00e1rios p\u00fablicos, n\u00e3o devemos efectuar essa analogia, dado que a lei quando pretendeu aplicar aos eleitos locais o regime do funcionalismo p\u00fablico efectuou expressamente essa remiss\u00e3o. Assim sendo, o direito a f\u00e9rias dos autarcas n\u00e3o est\u00e1, por exemplo dependente de per\u00edodos m\u00ednimos de exerc\u00edcio de fun\u00e7\u00f5es como sucede com os funcion\u00e1rios p\u00fablicos. Se um eleito local iniciar as suas fun\u00e7\u00f5es em Maio &#8211; em regime de perman\u00eancia ou de meio tempo &#8211; em Junho recebe na totalidade o subs\u00eddio extraordin\u00e1rio desse mesmo m\u00eas e poder\u00e1 gozar, tamb\u00e9m, as suas f\u00e9rias. Outra quest\u00e3o que se coloca relativamente \u00e0s f\u00e9rias tem a ver com a forma de contagem destes trinta dias de f\u00e9rias anuais, sendo nosso entendimento que deve ser feita em dias seguidos. Efectivamente este Estatuto entrou em vigor em 1987, 1\/07, quando os funcion\u00e1rios p\u00fablicos tinham trinta dias de f\u00e9rias e a contagem destes dias era feita de forma seguida. Este diploma pretendeu na altura equiparar os dias de f\u00e9rias dos eleitos locais e dos funcion\u00e1rios p\u00fablicos que, \u00e0 \u00e9poca, eram de trinta dias. No regime actual dos funcion\u00e1rios os dias de f\u00e9rias s\u00e3o contados em dias \u00fateis e o seu n\u00famero varia de acordo com a a idade e a antiguidade. Assim, n\u00e3o faz sentido alterar a forma de contagem dos dias de f\u00e9rias dos eleitos que era e deve continuar a ser efectuada em dias seguidos<\/div>\n<\/li>\n<li>\n<div align=\"justify\">Remunera\u00e7\u00e3o dos eleitos locais A remunera\u00e7\u00e3o dos eleitos locais tem periodicidade mensal, acrescendo-lhe dois subs\u00eddios extraordin\u00e1rios de montante igual \u00e0quela, em Junho e em Novembro. Estes dois subs\u00eddios extraordin\u00e1rios embora pagos nos meses em que s\u00e3o pagos os subs\u00eddios de natal e de f\u00e9rias ao funcionalismo p\u00fablico n\u00e3o t\u00eam a mesma natureza destes. Os argumentos que fundamentam esta nossa posi\u00e7\u00e3o s\u00e3o os seguintes: &#8211; Se o legislador tivesse tido qualquer inten\u00e7\u00e3o de submeter a atribui\u00e7\u00e3o destes subs\u00eddios ao regime dos subs\u00eddios de natal e de f\u00e9rias n\u00e3o teria utilizado a express\u00e3o inovadora \u00ab subs\u00eddios extraordin\u00e1rios \u00bb, em detrimento das express\u00f5es correntemente usadas ( subs\u00eddio de Natal e de f\u00e9rias ); &#8211; Se se pretendesse que estes subs\u00eddios ficassem sujeitos ao mesmo regime legal ter-se-ia recorrido \u00e0 figura da remiss\u00e3o, como ali\u00e1s se verifica noutros \u00e2mbitos do estatuto dos Eleitos Locais, assim, por exemplo, no direito a ajudas de custo e a subs\u00eddio de transporte; &#8211; A percep\u00e7\u00e3o do subs\u00eddio extraordin\u00e1rio de Junho n\u00e3o est\u00e1 directamente relacionada com o direito a f\u00e9rias enquanto que o subs\u00eddio de f\u00e9rias est\u00e1 incindivelmente ligado ao direito a f\u00e9rias ; &#8211; O direito \u00e0 percep\u00e7\u00e3o dos subs\u00eddios extraordin\u00e1rios de Junho e de Novembro est\u00e1 condicionado a um \u00fanico requisito e que \u00e9 o exerc\u00edcio do cargo de eleito local nos meses de Junho e Novembro, enquanto que o direito \u00e0 percep\u00e7\u00e3o dos subs\u00eddios de Natal e de f\u00e9rias est\u00e1 sujeito a outras condi\u00e7\u00f5es, designadamente temporais.<\/div>\n<\/li>\n<li>\n<div align=\"justify\">Por tudo o que afirm\u00e1mos, claro se torna que o nosso legislador estabeleceu no que respeita \u00e0s f\u00e9rias e ao subs\u00eddio extraordin\u00e1rio pago no m\u00eas de Junho dos eleitos locais um regime legal diverso do dos funcion\u00e1rios p\u00fablicos, pelo que a C\u00e2mara Municipal procedeu legalmente ao n\u00e3o atribuir o subs\u00eddio extraordin\u00e1rio de Junho ao vereador que renunciou ao seu cargo em Fevereiro nem em n\u00e3o lhe pagar qualquer import\u00e2ncia pelas f\u00e9rias n\u00e3o gozadas. S\u00f3 t\u00eam direito a auferir deste subsidio os eleitos em regime de perman\u00eancia ou de meio tempo que estejam no exerc\u00edcio das suas fun\u00e7\u00f5es aut\u00e1rquicas no m\u00eas de Junho, dado que este subs\u00eddio tem uma natureza diferente do subs\u00eddio de f\u00e9rias dos funcion\u00e1rios p\u00fablicos e dos trabalhadores sujeitos ao contrato individual de trabalho. Por \u00faltimo, o legislador n\u00e3o estabeleceu para os autarcas qualquer direito a remunera\u00e7\u00e3o por f\u00e9rias n\u00e3o gozadas, dado que, mais uma vez , estabeleceu no que respeita \u00e0s f\u00e9rias um regime legal diverso do dos trabalhadores.<\/div>\n<\/li>\n<\/ol>\n<\/div>\n<\/div>\n<\/div><\/div><\/div><\/div><\/div>\n","protected":false},"excerpt":{"rendered":"<p align=\"justify\">Eleitos locais; direito a f\u00e9rias; subs\u00eddio extraordin\u00e1rio de Junho; F\u00e9rias <\/p>\n<div align=\"justify\">\n","protected":false},"author":3,"featured_media":0,"comment_status":"open","ping_status":"open","sticky":false,"template":"","format":"standard","meta":{"_acf_changed":false,"_eb_attr":"","inline_featured_image":false,"iawp_total_views":57,"footnotes":""},"categories":[357],"tags":[187],"class_list":["post-33553","post","type-post","status-publish","format-standard","hentry","category-pareceres-ate-2017","tag-text-layout"],"acf":[],"_links":{"self":[{"href":"https:\/\/www.ccdrc.pt\/pt\/wp-json\/wp\/v2\/posts\/33553","targetHints":{"allow":["GET"]}}],"collection":[{"href":"https:\/\/www.ccdrc.pt\/pt\/wp-json\/wp\/v2\/posts"}],"about":[{"href":"https:\/\/www.ccdrc.pt\/pt\/wp-json\/wp\/v2\/types\/post"}],"author":[{"embeddable":true,"href":"https:\/\/www.ccdrc.pt\/pt\/wp-json\/wp\/v2\/users\/3"}],"replies":[{"embeddable":true,"href":"https:\/\/www.ccdrc.pt\/pt\/wp-json\/wp\/v2\/comments?post=33553"}],"version-history":[{"count":2,"href":"https:\/\/www.ccdrc.pt\/pt\/wp-json\/wp\/v2\/posts\/33553\/revisions"}],"predecessor-version":[{"id":41821,"href":"https:\/\/www.ccdrc.pt\/pt\/wp-json\/wp\/v2\/posts\/33553\/revisions\/41821"}],"wp:attachment":[{"href":"https:\/\/www.ccdrc.pt\/pt\/wp-json\/wp\/v2\/media?parent=33553"}],"wp:term":[{"taxonomy":"category","embeddable":true,"href":"https:\/\/www.ccdrc.pt\/pt\/wp-json\/wp\/v2\/categories?post=33553"},{"taxonomy":"post_tag","embeddable":true,"href":"https:\/\/www.ccdrc.pt\/pt\/wp-json\/wp\/v2\/tags?post=33553"}],"curies":[{"name":"wp","href":"https:\/\/api.w.org\/{rel}","templated":true}]}}