{"id":19654,"date":"2020-07-31T14:53:24","date_gmt":"2020-07-31T14:53:24","guid":{"rendered":"http:\/\/www.ccdrc.pt\/fundacao-la-caixa-lanca-terceiro-concurso-do-programa-promove\/"},"modified":"2020-07-31T14:53:24","modified_gmt":"2020-07-31T14:53:24","slug":"fundacao-la-caixa-lanca-terceiro-concurso-do-programa-promove","status":"publish","type":"post","link":"https:\/\/www.ccdrc.pt\/pt\/fundacao-la-caixa-lanca-terceiro-concurso-do-programa-promove\/","title":{"rendered":"Funda\u00e7\u00e3o La Caixa lan\u00e7a terceiro Concurso do Programa Promove"},"content":{"rendered":"<p><img decoding=\"async\" class=\" size-full wp-image-19653\" style=\"display: block; margin-left: auto; margin-right: auto;\" src=\"http:\/\/www.ccdrc.pt\/wp-content\/uploads\/2020\/07\/Documento1-c1f.png\" alt=\"\" width=\"650\" height=\"316\" srcset=\"https:\/\/www.ccdrc.pt\/wp-content\/uploads\/2020\/07\/Documento1-c1f-200x97.png 200w, https:\/\/www.ccdrc.pt\/wp-content\/uploads\/2020\/07\/Documento1-c1f-400x194.png 400w, https:\/\/www.ccdrc.pt\/wp-content\/uploads\/2020\/07\/Documento1-c1f-500x243.png 500w, https:\/\/www.ccdrc.pt\/wp-content\/uploads\/2020\/07\/Documento1-c1f-600x292.png 600w, https:\/\/www.ccdrc.pt\/wp-content\/uploads\/2020\/07\/Documento1-c1f.png 650w\" sizes=\"(max-width: 650px) 100vw, 650px\" \/><\/p>\n<p style=\"text-align: justify;\">A Funda\u00e7\u00e3o \u201dla Caixa\u201d lan\u00e7a o terceiro Concurso do Programa Promove, destinado \u00e0 dinamiza\u00e7\u00e3o das regi\u00f5es de fronteira do interior de Portugal. Al\u00e9m do concurso destinado a projetos inovadores e estrat\u00e9gicos e do concurso de ideias destinado a estudantes do ensino superior, esta edi\u00e7\u00e3o conta tamb\u00e9m com uma linha de apoio a projetos de I&amp;D mobilizadores, em parceria com a Funda\u00e7\u00e3o para a Ci\u00eancia e Tecnologia.<\/p>\n<p style=\"text-align: justify;\">Encerramento do concurso<\/p>\n<p style=\"text-align: justify;\">Projetos-piloto inovadores: 27 de setembro de 2020, \u00e0s 23:59 horas<\/p>\n<p style=\"text-align: justify;\">Concurso de ideias: 18 de outubro de 2020, \u00e0s 23:59 horas<\/p>\n<p style=\"text-align: justify;\">Projetos de I&amp;D mobilizadores: 4 de outubro de 2020, \u00e0s 23:59 horas<\/p>\n<p style=\"text-align: justify;\">Para mais informa\u00e7\u00f5es<span style=\"color: #3366ff;\"> <a style=\"color: #3366ff;\" href=\"https:\/\/fundacaolacaixa.pt\/pt\/outros-projetos\/promove-o-futuro-do-interior\/concurso-2020\" target=\"_blank\" rel=\"alternate noopener\">https:\/\/fundacaolacaixa.pt\/pt\/outros-projetos\/promove-o-futuro-do-interior\/concurso-2020<\/a><\/span><\/p>\n","protected":false},"excerpt":{"rendered":"<p>A Funda\u00e7\u00e3o \u201dla Caixa\u201d lan\u00e7a o terceiro Concurso do Programa [&hellip;]<\/p>\n","protected":false},"author":1,"featured_media":19653,"comment_status":"open","ping_status":"open","sticky":false,"template":"","format":"standard","meta":{"_acf_changed":false,"_eb_attr":"","inline_featured_image":false,"iawp_total_views":0,"footnotes":""},"categories":[307],"tags":[],"class_list":["post-19654","post","type-post","status-publish","format-standard","has-post-thumbnail","hentry","category-informacao"],"acf":[],"_links":{"self":[{"href":"https:\/\/www.ccdrc.pt\/pt\/wp-json\/wp\/v2\/posts\/19654","targetHints":{"allow":["GET"]}}],"collection":[{"href":"https:\/\/www.ccdrc.pt\/pt\/wp-json\/wp\/v2\/posts"}],"about":[{"href":"https:\/\/www.ccdrc.pt\/pt\/wp-json\/wp\/v2\/types\/post"}],"author":[{"embeddable":true,"href":"https:\/\/www.ccdrc.pt\/pt\/wp-json\/wp\/v2\/users\/1"}],"replies":[{"embeddable":true,"href":"https:\/\/www.ccdrc.pt\/pt\/wp-json\/wp\/v2\/comments?post=19654"}],"version-history":[{"count":0,"href":"https:\/\/www.ccdrc.pt\/pt\/wp-json\/wp\/v2\/posts\/19654\/revisions"}],"wp:featuredmedia":[{"embeddable":true,"href":"https:\/\/www.ccdrc.pt\/pt\/wp-json\/wp\/v2\/media\/19653"}],"wp:attachment":[{"href":"https:\/\/www.ccdrc.pt\/pt\/wp-json\/wp\/v2\/media?parent=19654"}],"wp:term":[{"taxonomy":"category","embeddable":true,"href":"https:\/\/www.ccdrc.pt\/pt\/wp-json\/wp\/v2\/categories?post=19654"},{"taxonomy":"post_tag","embeddable":true,"href":"https:\/\/www.ccdrc.pt\/pt\/wp-json\/wp\/v2\/tags?post=19654"}],"curies":[{"name":"wp","href":"https:\/\/api.w.org\/{rel}","templated":true}]}}