{"id":18698,"date":"2016-07-01T16:18:30","date_gmt":"2016-07-01T16:18:30","guid":{"rendered":"http:\/\/www.ccdrc.pt\/legislacao-dsot\/"},"modified":"2025-11-21T16:54:13","modified_gmt":"2025-11-21T16:54:13","slug":"legislacao-dsot","status":"publish","type":"post","link":"https:\/\/www.ccdrc.pt\/pt\/legislacao-dsot\/","title":{"rendered":"Legisla\u00e7\u00e3o"},"content":{"rendered":"<div class=\"fusion-fullwidth fullwidth-box fusion-builder-row-1 fusion-flex-container nonhundred-percent-fullwidth non-hundred-percent-height-scrolling\" style=\"--awb-border-radius-top-left:0px;--awb-border-radius-top-right:0px;--awb-border-radius-bottom-right:0px;--awb-border-radius-bottom-left:0px;\" ><div class=\"fusion-builder-row fusion-row fusion-flex-align-items-flex-start\" style=\"max-width:1288px;margin-left: calc(-0% \/ 2 );margin-right: calc(-0% \/ 2 );\"><div class=\"fusion-layout-column fusion_builder_column fusion-builder-column-0 fusion_builder_column_1_1 1_1 fusion-flex-column\" style=\"--awb-bg-size:cover;--awb-width-large:100%;--awb-margin-top-large:0px;--awb-spacing-right-large:0%;--awb-margin-bottom-large:0px;--awb-spacing-left-large:0%;--awb-width-medium:100%;--awb-spacing-right-medium:0%;--awb-spacing-left-medium:0%;--awb-width-small:100%;--awb-spacing-right-small:0%;--awb-spacing-left-small:0%;\"><div class=\"fusion-column-wrapper fusion-flex-justify-content-flex-start fusion-content-layout-column\"><div class=\"fusion-text fusion-text-1\"><h2 class=\"maintain-h3-styles\"><strong>Ordenamento do Territ\u00f3rio<\/strong><\/h2>\n<p><strong>Estrutura e compet\u00eancias da CCDRC,I.P.<br \/>\n<\/strong><\/p>\n<p>&#8211; Decreto-Lei n.\u00ba 103\/2024, de 06\/12 (altera o Decreto-Lei n.\u00ba 36\/2023, de 26\/5)<\/p>\n<p>&#8211; Portaria n.\u00ba 405\/2023, de 5\/12<\/p>\n<p>&#8211; Delibera\u00e7\u00e3o n.\u00ba 860\/2025, de 09\/7 (altera a Delibera\u00e7\u00e3o n.\u00ba 538\/2024, de 22\/4)<\/p>\n<p><strong>Lei de bases gerais da pol\u00edtica p\u00fablica de solos, de ordenamento do territ\u00f3rio e de urbanismo<\/strong> <strong>(LBGPPSOTU<\/strong><\/p>\n<p>&#8211; Lei n.\u00ba 31\/2014, de 30 de maio<\/p>\n<p><strong>Regime jur\u00eddico dos instrumentos de gest\u00e3o territorial (RJIGT)<\/strong><\/p>\n<p>&#8211; Decreto-Lei n.\u00ba 80\/2015,de 14 de maio<\/p>\n<p>&nbsp;<strong>Classifica\u00e7\u00e3o e reclassifica\u00e7\u00e3o do solo<\/strong><\/p>\n<p>&#8211; Decreto Regulamentar n.\u00ba 15\/2015, de 19 de agosto<\/p>\n<p><strong>Conceitos t\u00e9cnicos sobre ordenamento do territ\u00f3rio e urbanismo<\/strong><\/p>\n<p>&#8211; Decreto-Regulamentar n\u00ba 5\/2019, de 27 de setembro<\/p>\n<p>&nbsp;<strong>Princ\u00edpios e normas para produ\u00e7\u00e3o cartogr\u00e1fica no territ\u00f3rio nacional<\/strong><\/p>\n<p>&#8211; Decreto -Lei n.\u00ba 193\/95, de 28 de julho, republicado pelo DL n.\u00ba 130\/2019, de 30 de agosto<\/p>\n<p>&#8211; Regulamento n.\u00ba 142\/2016, de 9 de fevereiro<\/p>\n<p><strong>Plataforma de submiss\u00e3o eletr\u00f3nica para os instrumentos de gest\u00e3o territorial<\/strong><\/p>\n<p>&#8211; <a href=\"http:\/\/dre.pt\/pdf1sdip\/2011\/06\/11900\/0372603730.pdf\">Portaria n.\u00ba 245\/2011, <\/a>de 22 de junho<\/p>\n<p>&nbsp;<strong>Comiss\u00e3o Consultiva do PDM e do PDIM<\/strong><\/p>\n<p>&#8211; Portaria n.\u00ba 277\/2015, de 10 de setembro<\/p>\n<p><strong>Regime jur\u00eddico da urbaniza\u00e7\u00e3o e edifica\u00e7\u00e3o (RJUE)<\/strong><\/p>\n<p>&#8211; Decreto-Lei n.\u00ba 555\/99, de 16\/12, na reda\u00e7\u00e3o atual<\/p>\n<p>&#8211;&nbsp; Portaria 216-A\/2008, de 3\/3<\/p>\n<p>&#8211; Portaria 216-B\/2008, de 3\/3<\/p>\n<p>&#8211; Portaria 216-C\/2008, de 3\/3<\/p>\n<p>&#8211; Portaria 216-D\/2008, de 3\/3<\/p>\n<p>&#8211; Portaria 216-E\/2008, de 3\/3<\/p>\n<p>&#8211;&nbsp; Portaria 216-F\/2008, de 3\/3<\/p>\n<p>&#8211; Portaria 349\/2008, de 5\/5<\/p>\n<p>&#8211;&nbsp; Portaria n.\u00ba 71-A\/2024, de 27\/2<\/p>\n<p>&nbsp;<strong>Regime jur\u00eddico da avalia\u00e7\u00e3o ambiental estrat\u00e9gica (RJAAE)<\/strong><\/p>\n<p>&#8211; Decreto-Lei n.\u00ba 232\/2007, de 15 de junho<\/p>\n<p>&#8211; Decreto-Lei n.\u00ba 58\/2011, de 4 de maio<\/p>\n<p>&nbsp;<strong>Regulamento geral do ru\u00eddo<\/strong><\/p>\n<p>&#8211; Decreto-Lei n.\u00ba 278\/2007, de 1 de agosto \u2013 1.\u00aa altera\u00e7\u00e3o ao DL n.\u00ba 9\/2007<\/p>\n<p>&#8211; Declara\u00e7\u00e3o de Retifica\u00e7\u00e3o n.\u00ba 18\/2007, de 14 de mar\u00e7o \u2013 retifica\u00e7\u00e3o ao DL n.\u00ba 9\/2007<\/p>\n<p>&#8211; Decreto-Lei n\u00ba. 9\/2007, de 17 de janeiro.<\/p>\n<p>&nbsp;<strong>Patrim\u00f3nio Cultural \u2013 PP de Salvaguarda e PO dos Parques Arqueol\u00f3gicos<\/strong><\/p>\n<p>&#8211; Decreto-Lei n\u00ba. 115\/2011, de 5 de Dezembro \u2013 1.\u00aa altera\u00e7\u00e3o ao DL 309\/2009- Decreto-Lei n.\u00ba 309\/2009, de 23 de outubro \u2013 zonas de prote\u00e7\u00e3o e conte\u00fado dos PPS<\/p>\n<p>&#8211; Lei n\u00ba. 107\/2001, de 8 de setembro \u2013 prote\u00e7\u00e3o e valoriza\u00e7\u00e3o do patrim\u00f3nio cultural<\/p>\n<p>&#8211; Decreto-Lei n\u00ba 131\/2002, de 11 de maio \u2013 PO de Parque Arqueol\u00f3gico<\/p>\n<p><strong>Reabilita\u00e7\u00e3o urbana \u2013 PP de Reabilita\u00e7\u00e3o Urbana<\/strong><\/p>\n<p>&#8211; Decreto-Lei n\u00ba. 307\/2009, de 23 de outubro &#8211; RJRU<\/p>\n<p>&#8211; Lei n.\u00ba 32\/2012, de 14 de agosto \u2013 1.\u00aa altera\u00e7\u00e3o ao RJRU<\/p>\n<p><strong>\u00c1reas Urbanas de G\u00e9nese Ilegal (AUGI)<\/strong><\/p>\n<p>&#8211; Lei n.\u00ba 70\/2015, de 16 de julho \u2013 5.\u00aa altera\u00e7\u00e3o \u00e0 Lei n.\u00ba 91\/95 e republica\u00e7\u00e3o<\/p>\n<p>&#8211; Lei n.\u00ba 79\/2013, de 26 de novembro \u2013 4.\u00aa altera\u00e7\u00e3o \u00e0 Lei n.\u00ba 91\/95<\/p>\n<p>&#8211; Lei n.\u00ba 10\/2008, de 20 de fevereiro \u2013 3.\u00aa altera\u00e7\u00e3o \u00e0 Lei n.\u00ba 91\/95<\/p>\n<p>&#8211; Lei n\u00ba. 64\/2003, de 23 de agosto \u2013 2.\u00aa altera\u00e7\u00e3o \u00e0 Lei n.\u00ba 91\/95<\/p>\n<p>&#8211; Lei n\u00ba. 165\/99, de 14 de setembro \u2013 1.\u00aa altera\u00e7\u00e3o \u00e0 Lei n.\u00ba 91\/95<\/p>\n<p>&#8211; Lei n\u00ba. 91\/95, de 2 de setembro \u2013 processo de reconvers\u00e3o das AUGI<\/p>\n<p>&nbsp;<strong>Direito de prefer\u00eancia da Administra\u00e7\u00e3o<\/strong><\/p>\n<p>&#8211; Retifica\u00e7\u00e3o de 18.03.1977 (DR 65\/77, S\u00e9rie I)<\/p>\n<p>&#8211; Decreto n\u00ba. 862\/76, de 22 de dezembro<\/p>\n<p><strong>Expropria\u00e7\u00f5es<\/strong><\/p>\n<p>&#8211; Lei n.\u00ba 56\/2008, de 4 de setembro \u2013 Republica\u00e7\u00e3o C\u00f3digo Expropria\u00e7\u00f5es (6.\u00aa vers\u00e3o)<\/p>\n<p>&#8211; Lei n\u00ba. 168\/99, de 18 de setembro \u2013 C\u00f3digo Expropria\u00e7\u00f5es (1.\u00aa vers\u00e3o)<\/p>\n<p>&nbsp;<strong>Regime jur\u00eddico da Reserva Ecol\u00f3gica Nacional<\/strong><\/p>\n<p>&#8211; DL n.\u00ba 166\/2008, de 22 de agosto, na reda\u00e7\u00e3o atual<\/p>\n<p>&#8211; Portaria n.\u00ba 419\/2012, de 20\/12 (Requisitos e instru\u00e7\u00e3o de processos)<\/p>\n<p>&#8211; Portaria n.\u00ba 360\/2015, de 15\/10 (Taxas);<\/p>\n<p><strong>Regime jur\u00eddico da reserva agr\u00edcola nacional (RJRAN)<\/strong><\/p>\n<p>&#8211; Declara\u00e7\u00e3o de retifica\u00e7\u00e3o n.\u00ba 15\/2011, de 18 de abril \u2013 retifica P 162\/2011<\/p>\n<p>&#8211; Portaria n.\u00ba 162\/2011, de 18 de abril \u2013 viabiliza\u00e7\u00e3o de utiliza\u00e7\u00f5es n\u00e3o agr\u00edcolas<\/p>\n<p>&#8211; Decreto-Lei n.\u00ba 199\/2015, de 16 de setembro \u2013 1.\u00aa Altera\u00e7\u00e3o ao RJRAN<\/p>\n<p>&#8211; Decreto-Lei n\u00ba 73\/2009, de 31 de mar\u00e7o \u2013 RJRAN<\/p>\n<p><strong>Conserva\u00e7\u00e3o da Natureza e Paisagem<\/strong><\/p>\n<p>&#8211; Decreto-Lei n.\u00ba 242\/2015, de 15 de outubro \u2013 1.\u00aa altera\u00e7\u00e3o ao DL n.\u00ba 142\/2008<\/p>\n<p>&#8211; Declara\u00e7\u00e3o de Retifica\u00e7\u00e3o n.\u00ba 53-A\/2008, de 22 de setembro \u2013 Retifica DL 142\/2008<\/p>\n<p>&#8211; Decreto-Lei n.\u00ba 142\/2008, de 24 de agosto \u2013 RJCNB<\/p>\n<p>&#8211; RCM n.\u00ba 115-A\/2008, de 21 de julho \u2013 Plano Sectorial da Rede Natura 2000<\/p>\n<p>&#8211; Decreto-Lei n\u00ba. 156-A\/2013, de 8 de novembro \u2013 2.\u00aa altera\u00e7\u00e3o ao DL n.\u00ba 140\/99<\/p>\n<p>&#8211; Decreto-Lei n\u00ba. 49\/2005, de 24 de fevereiro \u2013 1.\u00aa altera\u00e7\u00e3o ao DL n.\u00ba 140\/99<\/p>\n<p>&#8211; Decreto-Lei n\u00ba. 140\/99, de 24 de abril \u2013 Diretiva Aves e diretiva <em>habitats<\/em><\/p>\n<p><strong>\u00c1guas P\u00fablicas<\/strong><\/p>\n<p>&#8211; Decreto-Lei n.\u00ba 159\/2012, de 14 de junho &#8211; POOC<\/p>\n<p>&#8211; Decreto-Lei n.\u00ba 115\/2010, de 22 de outubro \u2013 LQ risco inunda\u00e7\u00f5es<\/p>\n<p>&#8211; Portaria 91\/2010, de 11 de fevereiro \u2013 classifica\u00e7\u00e3o de albufeiras<\/p>\n<p>&#8211; Portaria 498\/2010, de 14 de julho \u2013 classifica\u00e7\u00e3o de albufeiras<\/p>\n<p>&#8211; Portaria 962\/2010, de 23 de setembro \u2013 classifica\u00e7\u00e3o de albufeiras<\/p>\n<p>&#8211; Portaria 522\/2009, de 15 de maio \u2013 reclassifica\u00e7\u00e3o de albufeiras<\/p>\n<p>&#8211; Decreto-Lei n.\u00ba 26\/2010, de 30 de mar\u00e7o \u2013 1.\u00aa altera\u00e7\u00e3o ao DL n.\u00ba 107\/2009<\/p>\n<p>&#8211; Decreto-Lei n.\u00ba 107\/2009, de 15 de maio \u2013 regime de prote\u00e7\u00e3o das albufeiras<\/p>\n<p>&#8211; Decreto-Lei n.\u00ba 129\/2008, de 21 de julho \u2013 PO Estu\u00e1rios<\/p>\n<p>&#8211; Decreto-Lei n.\u00ba 245\/2009, de 22 de setembro \u2013 revoga art.\u00ba 95.\u00ba, n.\u00ba 3 da Lei da \u00e1gua<\/p>\n<p>&#8211; Lei n\u00ba. 58\/2005, de 29 de dezembro \u2013 Lei da \u00e1gua<\/p>\n<p>&#8211; Lei n.\u00ba 54\/2005, de 15 de novembro \u2013 titularidade recursos h\u00eddricos- Decreto-Lei n.\u00ba 364\/98, de 21 de novembro \u2013 zonas inund\u00e1veis em PMOT<\/p>\n<p><strong>Florestas<\/strong><\/p>\n<p>&#8211; Decreto-Lei n.\u00ba 17\/2009, de 14 de janeiro \u2013 1.\u00aa altera\u00e7\u00e3o ao SNDFCI<\/p>\n<p>&#8211; Decreto-Lei n.\u00ba 124\/2006, de 28 de junho \u2013 SNDFCI<\/p>\n<p>&#8211; Decreto-Lei n.\u00ba 55\/2007, de 12 de mar\u00e7o \u2013 3.\u00aa altera\u00e7\u00e3o e republica\u00e7\u00e3o do DL n.\u00ba 327\/90<\/p>\n<p>&#8211; Decreto-Lei n.\u00ba 327\/90, de 22 de outubro \u2013 povoamentos florestais percorridos por inc\u00eandios<\/p>\n<p><strong>Planos de Gest\u00e3o Florestal<\/strong><\/p>\n<p>&#8211; Artigo 21.\u00ba do Decreto-Lei n.\u00ba 16\/2009, de 14\/1, na reda\u00e7\u00e3o atual<\/p>\n<p><strong>Parecer de localiza\u00e7\u00e3o sobre Centros eletroprodutores<\/strong><\/p>\n<p>&#8211; Al\u00ednea j) do n.\u00ba 1 do Anexo I do Decreto-Lei n.\u00ba 172\/2006, de 23\/08, na reda\u00e7\u00e3o dada pelo Decreto-Lei n.\u00ba 76\/2019, de 3\/6, com retifica\u00e7\u00f5es dadas na Declara\u00e7\u00e3o de Retifica\u00e7\u00e3o n.\u00ba 36\/2019, de 30\/07.<\/p>\n<p>&#8211; Portaria n.\u00ba 314\/2010, de 14\/6<\/p>\n<p><strong>Parecer no \u00e2mbito do Regime jur\u00eddico aplic\u00e1vel aos t\u00edtulos de utiliza\u00e7\u00e3o privativa do espa\u00e7o mar\u00edtimo nacional<\/strong><\/p>\n<p>&#8211; N.\u00ba 2 do artigo 60 do Decreto-Lei n.\u00ba 38\/2015, de 12 de mar\u00e7o<\/p>\n<p><strong>Utiliza\u00e7\u00e3o privativa do espa\u00e7o mar\u00edtimo<\/strong><\/p>\n<p>&#8211; Decreto-Lei n.\u00ba 38\/2015, de 12\/3, na reda\u00e7\u00e3o atual<\/p>\n<p><strong>Instala\u00e7\u00e3o e explora\u00e7\u00e3o dos estabelecimentos em \u00e1guas marinhas<\/strong><\/p>\n<p><strong>&#8211; <\/strong>Decreto-Lei n.\u00ba 40\/2017, de 4\/4<\/p>\n<p>&#8211; Portaria n.\u00ba 279\/2017, de 19\/9 (elementos instrut\u00f3rios)<\/p>\n<p><strong>Desafeta\u00e7\u00e3o do Regime florestal<\/strong><\/p>\n<p>&#8211; Despacho Conjunto, de 15\/2\/1991 (DR 54-IIS\u00e9rie, de 6\/3\/91)<\/p>\n<p>&#8211; Portaria n.\u00ba 314\/2010, de 14\/6<\/p>\n<p><strong>Pedreiras<\/strong><\/p>\n<p>&#8211; Decreto-Lei n.\u00ba 270\/2001, de 6\/10, na reda\u00e7\u00e3o atual<\/p>\n<p>&#8211; Portaria n.\u00ba 1083\/2008, de 24\/9 (Taxas)<\/p>\n<p><strong>Cemit\u00e9rios<\/strong><\/p>\n<p>&#8211; Decreto 44220,de 3\/3\/62 com as altera\u00e7\u00f5es introduzidas pelo Decreto-Lei n.\u00ba 168\/2006, de 16\/8<\/p>\n<p>&#8211; Portaria n.\u00ba 314\/2010, de 14\/6<\/p>\n<p>&#8211; <a href=\"https:\/\/www.ccdrc.pt\/index.php?option=com_docman&amp;task=doc_download&amp;gid=788&amp;Itemid=209&amp;lang=pt\">Portaria n.\u00ba 314\/2010, de 14\/6<\/a><\/p>\n<p><strong>Prote\u00e7\u00e3o Civil<\/strong><\/p>\n<p>&#8211; Lei n.\u00ba 27-B\/2006, de 03 de julho, alterada pela Lei Org\u00e2nica n.\u00ba 1\/2011, de 30 de novembro, e pela Lei n.\u00ba 80\/2015, de 03 de agosto<\/p>\n<p><strong>Baldios<\/strong><\/p>\n<p>&#8211; Lei n.\u00ba 68\/93, de 04 de setembro, alterada pelas Leis n.\u00ba 89\/2007, de 30 de julho, n.\u00ba 72\/2014, de 02 de setembro, e Retifica\u00e7\u00e3o n.\u00ba 46\/2014, de 29 de outubro<\/p>\n<p><strong>Abastecimento dos gases combust\u00edveis canalizados<\/strong><\/p>\n<p>&#8211; Decreto-Lei n.\u00ba 232\/90, de 16\/7, na reda\u00e7\u00e3o atual<\/p>\n<p>&#8211; Portaria n.\u00ba 314\/2010, de 14\/6<\/p>\n<p><strong>Obras em zona de prote\u00e7\u00e3o de edif\u00edcios p\u00fablicos<\/strong><\/p>\n<p>&#8211; Portaria n.\u00ba 314\/2010, de 14 de junho<\/p>\n<p>&#8211; Decreto-Lei 40388, de 21 de novembro de 1955&nbsp;<\/p>\n<p>&#8211; Decreto-Lei 173\/2006, de 24 de agosto<\/p>\n<p><strong>Pedidos de viabilidade da localiza\u00e7\u00e3o de unidades de gest\u00e3o de res\u00edduos<\/strong><\/p>\n<p>&#8211; N\u00ba III \u2013 3.3 da Portaria n.\u00ba 314\/2010, de 14\/6<\/p>\n<p><strong>Medidas Preventivas estabelecidas face \u00e0 Suspens\u00e3o parcial ou total de um PMOT<\/strong><\/p>\n<p>&#8211; Resolu\u00e7\u00e3o de Conselho Ministros\/Aviso \u2026. que suspende o PMOT<\/p>\n<p>&#8211; Portaria n.\u00ba 314\/2010, de 14\/6<\/p>\n<p><strong>Representa\u00e7\u00e3o da CCDRC, IP na regulariza\u00e7\u00e3o de atividades econ\u00f3micas:<\/strong><\/p>\n<p><strong>i) <\/strong><strong>Revela\u00e7\u00e3o e aproveitamento de massas minerais (pedreiras); Aproveitamento de dep\u00f3sitos minerais; Instala\u00e7\u00f5es de res\u00edduos da ind\u00fastria extrativa<\/strong><\/p>\n<ul>\n<li>Artigo 5.\u00ba do DL n.\u00ba 270\/2001, de 6\/10, na reda\u00e7\u00e3o atual<\/li>\n<li>Decreto-Lei n.\u00ba 165\/2014, de 5\/11, alterado pela Lei n.\u00ba 21\/2016, de 19\/7<\/li>\n<li>Portaria n.\u00ba 68\/2015, de 9\/3<\/li>\n<li style=\"list-style-type: none;\">\n<ul>\n<li style=\"list-style-type: none;\">&nbsp;<\/li>\n<\/ul>\n<\/li>\n<\/ul>\n<p><strong>ii) <\/strong><strong>Estabelecimentos industriais<\/strong><\/p>\n<ul>\n<li>Decreto-Lei n.\u00ba 165\/2014, de 5\/11, alterado pela Lei n.\u00ba 21\/2016, de 19\/7<\/li>\n<li>Portaria n.\u00ba 68\/2015, de 9\/3<\/li>\n<li style=\"list-style-type: none;\">&nbsp;<\/li>\n<\/ul>\n<p><strong>iii) <\/strong><strong>Explora\u00e7\u00f5es pecu\u00e1rias<\/strong><\/p>\n<ul>\n<li>Decreto-Lei n.\u00ba 165\/2014, de 5\/11, alterado pela Lei n.\u00ba 21\/2016, de 19\/7<\/li>\n<li>Portaria n.\u00ba 68\/2015, de 9\/3<\/li>\n<\/ul>\n<p><strong>iv) <\/strong><strong>Opera\u00e7\u00f5es de gest\u00e3o de res\u00edduos<\/strong><\/p>\n<ul>\n<li>Decreto-Lei n.\u00ba 165\/2014, de 5\/11, alterado pela Lei n.\u00ba 21\/2016, de 19\/7<\/li>\n<li>Portaria n.\u00ba 68\/2015, de 9\/3<\/li>\n<li style=\"list-style-type: none;\">&nbsp;<\/li>\n<\/ul>\n<p><strong>v) <\/strong><strong>Estabelecimentos e explora\u00e7\u00f5es que se destinem ao apoio da atividade agropecu\u00e1ria, da agricultura, horticultura, fruticultura, silvicultura e apicultura, designadamente armaz\u00e9ns, anexos e centrais de frio<\/strong><\/p>\n<ul>\n<li>Decreto-Lei n.\u00ba 165\/2014, de 5\/11, alterado pela Lei n.\u00ba 21\/2016, de 19\/7<\/li>\n<li>Portaria n.\u00ba 68\/2015, de 9\/3<\/li>\n<li style=\"list-style-type: none;\">&nbsp;<\/li>\n<\/ul>\n<p><strong>Regime de regulariza\u00e7\u00e3o dos edif\u00edcios-sedes e similares das associa\u00e7\u00f5es sem fins lucrativos<\/strong><\/p>\n<p>&#8211; Arts 7.\u00ba e 8.\u00ba da Lei n.\u00ba 29\/2024, de 5\/3<\/p>\n<p><strong>Representa\u00e7\u00e3o da CCDRC,I.P. no procedimento de autoriza\u00e7\u00e3o conjunta de instala\u00e7\u00e3o ou altera\u00e7\u00e3o de grandes superf\u00edcies comerciais e de conjuntos comerciais (\u00e1rea bruta loc\u00e1vel \u2265 8000 m\u00b2) &#8211; Regime Jur\u00eddico de Acesso e Exerc\u00edcio de Atividades de Com\u00e9rcio, Servi\u00e7os e Restaura\u00e7\u00e3o<\/strong><\/p>\n<p>&#8211; Artigos 6.\u00ba, 13.\u00ba a \u00ba do Decreto-Lei n.\u00ba 10\/2015, de 16\/01, na reda\u00e7\u00e3o atual<\/p>\n<p>&#8211; Portaria n.\u00ba 57-D\/2015, de 27\/2<\/p>\n<p><strong>Representa\u00e7\u00e3o da CCDRC,I.P.&nbsp; na ERRANC sobre utiluiza\u00e7\u00f5es n\u00e3o agr\u00edcolas de solo integrado em \u00e1reas de RAN<\/strong><\/p>\n<p>&#8211; Decreto-Lei n.\u00ba 73\/2009, de 31 de mar\u00e7o, na reda\u00e7\u00e3o atual<\/p>\n<p>&#8211; Portaria 162\/2011, de 18 de abril (Limites e condi\u00e7\u00f5es para a viabiliza\u00e7\u00e3o das utliza\u00e7\u00f5es n\u00e3o agr\u00edcolas nas \u00e1reas da RAN e instru\u00e7\u00e3o de processos)<\/p>\n<p><strong>Classifica\u00e7\u00e3o Portuguesa de Atividades Econ\u00f3micas &#8211; CAE &#8211; Rev. 3<\/strong><\/p>\n<p>&#8211; Decreto-Lei n.\u00ba 381\/2007, de 14 de novembro, na reda\u00e7\u00e3o atual<\/p>\n<p><strong>Apoio T\u00e9cnico a Autarquias<\/strong><\/p>\n<p>&#8211; Despacho n.\u00ba 16709\/2007, de 31\/7<\/p>\n<p>&#8211; Portaria n.\u00ba 314\/2010, de 14\/6<\/p>\n<p><strong>C\u00f3digo do Procedimento Administrativo (CPA)<\/strong><\/p>\n<p>&#8211; <a href=\"http:\/\/www.icnf.pt\/portal\/icnf\/legisl\/legislacao\/2015\/decreto-lei-n-o-4-2015-de-7-de-janeiro-d-r-n-o-4-2015-serie-i\">Decreto-Lei n.\u00ba 4\/2015, de 7\/1, na reda\u00e7\u00e3o atual<\/a><\/p>\n<p><strong>Conceitos t\u00e9cnicos sobre ordenamento do territ\u00f3rio e urbanismo<\/strong><\/p>\n<p>&#8211; Decreto Regulamentar n.\u00ba 5\/2019 de 27\/9<\/p>\n<p><strong>Cartografia dos instrumentos de gest\u00e3o territorial<\/strong><\/p>\n<p>&#8211; Decreto Regulamentar n.\u00ba 10\/2009, de 29 de maio, na reda\u00e7\u00e3o atual<\/p>\n<p style=\"text-align: right;\">&nbsp;<\/p>\n<\/div><\/div><\/div><\/div><\/div>\n","protected":false},"excerpt":{"rendered":"","protected":false},"author":1,"featured_media":0,"comment_status":"open","ping_status":"open","sticky":false,"template":"","format":"standard","meta":{"_acf_changed":false,"_eb_attr":"","inline_featured_image":false,"iawp_total_views":13,"footnotes":""},"categories":[172],"tags":[],"class_list":["post-18698","post","type-post","status-publish","format-standard","hentry","category-sem-categoria"],"acf":[],"_links":{"self":[{"href":"https:\/\/www.ccdrc.pt\/pt\/wp-json\/wp\/v2\/posts\/18698","targetHints":{"allow":["GET"]}}],"collection":[{"href":"https:\/\/www.ccdrc.pt\/pt\/wp-json\/wp\/v2\/posts"}],"about":[{"href":"https:\/\/www.ccdrc.pt\/pt\/wp-json\/wp\/v2\/types\/post"}],"author":[{"embeddable":true,"href":"https:\/\/www.ccdrc.pt\/pt\/wp-json\/wp\/v2\/users\/1"}],"replies":[{"embeddable":true,"href":"https:\/\/www.ccdrc.pt\/pt\/wp-json\/wp\/v2\/comments?post=18698"}],"version-history":[{"count":11,"href":"https:\/\/www.ccdrc.pt\/pt\/wp-json\/wp\/v2\/posts\/18698\/revisions"}],"predecessor-version":[{"id":84514,"href":"https:\/\/www.ccdrc.pt\/pt\/wp-json\/wp\/v2\/posts\/18698\/revisions\/84514"}],"wp:attachment":[{"href":"https:\/\/www.ccdrc.pt\/pt\/wp-json\/wp\/v2\/media?parent=18698"}],"wp:term":[{"taxonomy":"category","embeddable":true,"href":"https:\/\/www.ccdrc.pt\/pt\/wp-json\/wp\/v2\/categories?post=18698"},{"taxonomy":"post_tag","embeddable":true,"href":"https:\/\/www.ccdrc.pt\/pt\/wp-json\/wp\/v2\/tags?post=18698"}],"curies":[{"name":"wp","href":"https:\/\/api.w.org\/{rel}","templated":true}]}}