{"id":17677,"date":"2012-04-26T13:45:41","date_gmt":"2012-04-26T13:45:41","guid":{"rendered":"http:\/\/www.ccdrc.pt\/ii-edicao-da-feira-de-agricultura-e-das-atividades-agricolas-na-escola-agraria\/"},"modified":"2012-04-26T13:45:41","modified_gmt":"2012-04-26T13:45:41","slug":"ii-edicao-da-feira-de-agricultura-e-das-atividades-agricolas-na-escola-agraria","status":"publish","type":"post","link":"https:\/\/www.ccdrc.pt\/pt\/ii-edicao-da-feira-de-agricultura-e-das-atividades-agricolas-na-escola-agraria\/","title":{"rendered":"II edi\u00e7\u00e3o da Feira de Agricultura e das Atividades Agr\u00edcolas na Escola Agr\u00e1ria"},"content":{"rendered":"<p>A II Agro Agr\u00e1ria tem por objetivo refor\u00e7ar a import\u00e2ncia que a agricultura tem na regi\u00e3o e no pa\u00eds, dando a conhecer a escola agr\u00e1ria e todos os agentes do sector agr\u00edcola e florestal presentes na exposi\u00e7\u00e3o.<br \/><a class=\"external_link\" href=\"http:\/\/www.diariodigitalcastelobranco.pt\/detalhe.php?id=6277\" target=\"_blank\" rel=\"noopener\">http:\/\/www.diariodigitalcastelobranco.pt\/detalhe.php?id=6277<br \/><\/a><br \/>Local: Castelo Branco<br \/>Fonte: Di\u00e1rio digital de Castelo Branco<\/p>\n","protected":false},"excerpt":{"rendered":"<p>A II Agro Agr\u00e1ria tem por objetivo refor\u00e7ar a import\u00e2ncia [&hellip;]<\/p>\n","protected":false},"author":1,"featured_media":0,"comment_status":"open","ping_status":"open","sticky":false,"template":"","format":"standard","meta":{"_acf_changed":false,"_eb_attr":"","inline_featured_image":false,"iawp_total_views":1,"footnotes":""},"categories":[172],"tags":[],"class_list":["post-17677","post","type-post","status-publish","format-standard","hentry","category-sem-categoria"],"acf":[],"_links":{"self":[{"href":"https:\/\/www.ccdrc.pt\/pt\/wp-json\/wp\/v2\/posts\/17677","targetHints":{"allow":["GET"]}}],"collection":[{"href":"https:\/\/www.ccdrc.pt\/pt\/wp-json\/wp\/v2\/posts"}],"about":[{"href":"https:\/\/www.ccdrc.pt\/pt\/wp-json\/wp\/v2\/types\/post"}],"author":[{"embeddable":true,"href":"https:\/\/www.ccdrc.pt\/pt\/wp-json\/wp\/v2\/users\/1"}],"replies":[{"embeddable":true,"href":"https:\/\/www.ccdrc.pt\/pt\/wp-json\/wp\/v2\/comments?post=17677"}],"version-history":[{"count":0,"href":"https:\/\/www.ccdrc.pt\/pt\/wp-json\/wp\/v2\/posts\/17677\/revisions"}],"wp:attachment":[{"href":"https:\/\/www.ccdrc.pt\/pt\/wp-json\/wp\/v2\/media?parent=17677"}],"wp:term":[{"taxonomy":"category","embeddable":true,"href":"https:\/\/www.ccdrc.pt\/pt\/wp-json\/wp\/v2\/categories?post=17677"},{"taxonomy":"post_tag","embeddable":true,"href":"https:\/\/www.ccdrc.pt\/pt\/wp-json\/wp\/v2\/tags?post=17677"}],"curies":[{"name":"wp","href":"https:\/\/api.w.org\/{rel}","templated":true}]}}