{"id":17224,"date":"2011-11-25T22:53:00","date_gmt":"2011-11-25T22:53:00","guid":{"rendered":"http:\/\/www.ccdrc.pt\/aredenatura2000\/"},"modified":"2023-12-06T16:32:31","modified_gmt":"2023-12-06T16:32:31","slug":"aredenatura2000","status":"publish","type":"post","link":"https:\/\/www.ccdrc.pt\/pt\/aredenatura2000\/","title":{"rendered":"A Rede Natura 2000"},"content":{"rendered":"<div class=\"fusion-fullwidth fullwidth-box fusion-builder-row-1 fusion-flex-container nonhundred-percent-fullwidth non-hundred-percent-height-scrolling\" style=\"--awb-border-radius-top-left:0px;--awb-border-radius-top-right:0px;--awb-border-radius-bottom-right:0px;--awb-border-radius-bottom-left:0px;\" ><div class=\"fusion-builder-row fusion-row fusion-flex-align-items-flex-start\" style=\"max-width:1288px;margin-left: calc(-0% \/ 2 );margin-right: calc(-0% \/ 2 );\"><div class=\"fusion-layout-column fusion_builder_column fusion-builder-column-0 fusion_builder_column_1_1 1_1 fusion-flex-column\" style=\"--awb-bg-size:cover;--awb-width-large:100%;--awb-margin-top-large:0px;--awb-spacing-right-large:0%;--awb-margin-bottom-large:0px;--awb-spacing-left-large:0%;--awb-width-medium:100%;--awb-spacing-right-medium:0%;--awb-spacing-left-medium:0%;--awb-width-small:100%;--awb-spacing-right-small:0%;--awb-spacing-left-small:0%;\"><div class=\"fusion-column-wrapper fusion-flex-justify-content-flex-start fusion-content-layout-column\"><div class=\"fusion-text fusion-text-1\"><p class=\"MsoNormal\" style=\"text-align: justify;\">A <strong>Rede Natura 2000<\/strong><\/p>\n<p class=\"MsoNormal\" style=\"text-align: justify;\">A <a title=\"A Rede Natura 2000 em Portugal\" href=\"http:\/\/portal.icnb.pt\/ICNPortal\/vPT2007\/O+ICNB\/Rede+Natura+2000+2010\/RN2000+em+Portugal\/\" target=\"_blank\" rel=\"noopener\">Rede Natura 2000<\/a> \u00e9 uma rede ecol\u00f3gica de \u00e2mbito europeu que visa assegurar a biodiversidade, atrav\u00e9s da conserva\u00e7\u00e3o ou do restabelecimento dos <em>habitats <\/em>naturais e da flora e da fauna selvagens num estado de conserva\u00e7\u00e3o favor\u00e1vel, da protec\u00e7\u00e3o, gest\u00e3o e controlo das esp\u00e9cies, bem como da regulamenta\u00e7\u00e3o da sua explora\u00e7\u00e3o. Esses objectivos s\u00e3o aplicados tendo em conta as exig\u00eancias ecol\u00f3gicas, econ\u00f3micas, sociais, culturais e cient\u00edficas, bem como as particularidades regionais e locais.<\/p>\n<p class=\"MsoNormal\" style=\"text-align: justify;\">A <a title=\"A Rede Natura 2000 em Portugal\" href=\"http:\/\/portal.icnb.pt\/ICNPortal\/vPT2007\/O+ICNB\/Rede+Natura+2000+2010\/RN2000+em+Portugal\/\" target=\"_blank\" rel=\"noopener\">Rede Natura 2000<\/a>, resulta da implementa\u00e7\u00e3o de duas directivas comunit\u00e1rias distintas:<\/p>\n<p class=\"MsoNormal\" style=\"margin-left: 18pt; text-align: justify; text-indent: -18pt;\"><em>a<\/em>)&nbsp;&nbsp; Directiva n.\u00ba 79\/409\/CEE, do Conselho, de 2 de Abril (<strong>directiva aves<\/strong>), alterada pelas Directivas n.<sup>os<\/sup> 91\/244\/CEE, da Comiss\u00e3o, de 6 de Mar\u00e7o, 94\/24\/CE, do Conselho, de 8 de Junho, e 97\/49\/CE, da Comiss\u00e3o, de 29 de Junho; que tem por objectivo a protec\u00e7\u00e3o, gest\u00e3o e controlo das esp\u00e9cies de aves que vivem no estado selvagem no territ\u00f3rio da Uni\u00e3o Europeia, regulamentando a sua explora\u00e7\u00e3o. Atendendo \u00e0 regress\u00e3o de muitas popula\u00e7\u00f5es de esp\u00e9cies de aves no territ\u00f3rio europeu (em especial das migradoras), \u00e0 degrada\u00e7\u00e3o crescente dos seus <em>habitats <\/em>e ao tipo de explora\u00e7\u00e3o de que eram alvo, esta directiva prev\u00ea que o estabelecimento de medidas de protec\u00e7\u00e3o passa nomeadamente pela designa\u00e7\u00e3o de zonas de protec\u00e7\u00e3o especial (ZPE), correspondentes aos <em>habitats <\/em>cuja salvaguarda \u00e9 priorit\u00e1ria para a conserva\u00e7\u00e3o das popula\u00e7\u00f5es de aves.<\/p>\n<p class=\"MsoNormal\" style=\"margin-left: 18pt; text-align: justify; text-indent: -18pt;\"><em>b<\/em>) &nbsp; Directiva n.\u00ba 92\/43\/CEE, do Conselho, de 21 de Maio (<strong>directiva <em>habitats<\/em><\/strong>), com as altera\u00e7\u00f5es que lhe foram introduzidas pela Directiva n.<sup>o<\/sup> 97\/62\/CE, do Conselho, de 27 de Outubro, que visa a conserva\u00e7\u00e3o da biodiversidade, atrav\u00e9s da conserva\u00e7\u00e3o dos <a class=\"doclink\" href=\"http:\/\/www.ccdrc.pt\/wp-content\/uploads\/2011\/11\/habitats_naturais-467.doc\"><span class=\"doclink\">habitats naturais<\/span><\/a>&nbsp; e da fauna e da flora selvagens do territ\u00f3rio da Uni\u00e3o Europeia, nomeadamente mediante a cria\u00e7\u00e3o de um conjunto de s\u00edtios de interesse comunit\u00e1rio, designados como zonas especiais de conserva\u00e7\u00e3o (ZEC).<\/p>\n<p class=\"MsoNormal\" style=\"text-align: justify;\">O <a class=\"doclink\" href=\"http:\/\/www.ccdrc.pt\/wp-content\/uploads\/2011\/11\/d.l._n._140_99_de_24_de_abril-ae8.pdf\"><span class=\"doclink\">D.L. n.\u00ba 140\/99, de 24 de Abril<\/span><\/a>&nbsp; , rectificado pela <a class=\"doclink\" href=\"http:\/\/www.ccdrc.pt\/wp-content\/uploads\/2011\/11\/dr_n_10_ah_99-141.pdf\"><span class=\"doclink\">Declara\u00e7\u00e3o de Rectifica\u00e7\u00e3o n.\u00ba 10-AH\/99, de 31 de Maio<\/span><\/a>&nbsp; , alterado e republicado pelo <a class=\"doclink\" href=\"http:\/\/www.ccdrc.pt\/wp-content\/uploads\/2011\/11\/d.l._n._49_2005_de_24_de_fevereiro-8e9.pdf\"><span class=\"doclink\">Decreto-Lei n.\u00ba 49\/2005, de 24 de Fevereiro<\/span><\/a>&nbsp; , procedeu \u00e0 transposi\u00e7\u00e3o para o ordenamento jur\u00eddico portugu\u00eas das referidas Directivas.<\/p>\n<p class=\"MsoNormal\" style=\"text-align: justify;\"><strong><span style=\"font-weight: normal;\">A <\/span><\/strong><a class=\"doclink\" href=\"http:\/\/www.ccdrc.pt\/wp-content\/uploads\/2011\/11\/rcm_n_115_a_2008-a36.pdf\"><span class=\"doclink\">Resolu\u00e7\u00e3o do Conselho de Ministros n.\u00ba 115-A\/2008, de 21 de Julho<\/span><\/a>&nbsp; <strong>,<\/strong> aprovou o Plano Sectorial da Rede Natura 2000 relativo ao territ\u00f3rio continental.<\/p>\n<p><!--nextpage--><strong><span style=\"color: blue;\">\u00c2mbito da Rede Natura 2000<\/span><\/strong><\/p>\n<p class=\"MsoNormal\" style=\"text-align: justify;\">A <a title=\"A rede Natura 2000 em Portugal\" href=\"http:\/\/portal.icnb.pt\/ICNPortal\/vPT2007\/O+ICNB\/Rede+Natura+2000+2010\/RN2000+em+Portugal\/\" target=\"_blank\" rel=\"noopener\">Rede Natura 2000<\/a> \u00e9 uma rede ecol\u00f3gica de \u00e2mbito europeu que compreende as \u00e1reas classificadas como ZEC e as \u00e1reas classificadas como ZPE<\/p>\n<p class=\"MsoNormal\" style=\"text-align: justify;\">As zonas especiais de conserva\u00e7\u00e3o (ZEC) consistem num conjunto de s\u00edtios de import\u00e2ncia comunit\u00e1ria no territ\u00f3rio nacional em que s\u00e3o aplicadas as medidas necess\u00e1rias para a manuten\u00e7\u00e3o ou o restabelecimento do estado de conserva\u00e7\u00e3o favor\u00e1vel dos <em>habitats <\/em>naturais ou das popula\u00e7\u00f5es das esp\u00e9cies para as quais o s\u00edtio \u00e9 designado.<\/p>\n<p class=\"MsoNormal\" style=\"text-align: justify;\">As Zonas de protec\u00e7\u00e3o especial (ZPE) consistem num conjunto de \u00e1reas de import\u00e2ncia comunit\u00e1ria no territ\u00f3rio nacional em que s\u00e3o aplicadas as medidas necess\u00e1rias para a manuten\u00e7\u00e3o ou restabelecimento do estado de conserva\u00e7\u00e3o das popula\u00e7\u00f5es de aves selvagens e dos seus <em>habitats, <\/em>bem como das esp\u00e9cies de aves migrat\u00f3rias e cuja ocorr\u00eancia no territ\u00f3rio nacional seja regular.<\/p>\n<p><!--nextpage--><\/p>\n<p class=\"MsoNormal\" style=\"text-align: justify;\"><strong><span style=\"color: blue;\">Regime jur\u00eddico de conserva\u00e7\u00e3o de <em>habitats<\/em><\/span><\/strong><\/p>\n<p class=\"MsoNormal\"><strong><span style=\"color: blue;\">Actos e actividades condicionados<\/span><\/strong><\/p>\n<p class=\"MsoNormal\"><a title=\"actos2\" name=\"actos2\"><\/a><\/p>\n<p class=\"MsoNormal\" style=\"text-align: justify;\">As entidades da Administra\u00e7\u00e3o P\u00fablica com interven\u00e7\u00e3o nas ZEC devem, no exerc\u00edcio das suas compet\u00eancias, evitar a deteriora\u00e7\u00e3o dos <em>habitats <\/em>naturais e dos <em>habitats <\/em>de esp\u00e9cies, bem como as perturba\u00e7\u00f5es que atinjam esp\u00e9cies para as quais as zonas foram designadas, na medida em que possam vir a ter um efeito significativo.<\/p>\n<p class=\"MsoNormal\">At\u00e9 \u00e0 revis\u00e3o ou altera\u00e7\u00e3o dos planos especiais de ordenamento do territ\u00f3rio aplic\u00e1veis:<\/p>\n<ul>\n<li class=\"MsoNormal\">Planos de Ordenamento de \u00c1reas Protegidas (POAP)<\/li>\n<li class=\"MsoNormal\">Planos de Ordenamento de Albufeiras de \u00c1guas P\u00fablicas (POAAP)<\/li>\n<li class=\"MsoNormal\">Planos de Ordenamento da Orla Costeira (POOC)<\/li>\n<li class=\"MsoNormal\">Planos de Ordenamento dos Estu\u00e1rios<\/li>\n<\/ul>\n<p class=\"MsoNormal\" style=\"text-align: justify;\">e, nas \u00e1reas n\u00e3o abrangidas por aqueles planos, sempre que os planos municipais de ordenamento do territ\u00f3rio (PDM, PU e PP) sejam omissos nas medidas e restri\u00e7\u00f5es necess\u00e1rias para garantir a conserva\u00e7\u00e3o dos habitats e das popula\u00e7\u00f5es das esp\u00e9cies em fun\u00e7\u00e3o dos quais as referidas zonas foram classificadas, dependem de parecer favor\u00e1vel do <a href=\"http:\/\/portal.icnb.pt\/ICNPortal\/vPT2007\/O+ICNB\/Rede+Natura+2000+2010\/?res=1280x800\" target=\"_blank\" rel=\"noopener\">ICNB<\/a> ou da comiss\u00e3o de coordena\u00e7\u00e3o e desenvolvimento regional competente:<\/p>\n<p class=\"MsoNormal\" style=\"margin-left: 18pt; text-align: justify; text-indent: -18pt;\"><em>a<\/em>) &nbsp; A realiza\u00e7\u00e3o de obras de constru\u00e7\u00e3o civil fora dos per\u00edmetros urbanos, com excep\u00e7\u00e3o das obras de reconstru\u00e7\u00e3o, demoli\u00e7\u00e3o, conserva\u00e7\u00e3o de edif\u00edcios e amplia\u00e7\u00e3o desde que esta n\u00e3o envolva aumento de \u00e1rea de implanta\u00e7\u00e3o superior a 50% da \u00e1rea inicial e a \u00e1rea total de amplia\u00e7\u00e3o seja inferior a 100 m2;<\/p>\n<p class=\"MsoNormal\" style=\"margin-left: 18pt; text-align: justify; text-indent: -18pt;\"><em>b<\/em>) &nbsp; A altera\u00e7\u00e3o do uso actual do solo que abranja \u00e1reas cont\u00ednuas superiores a 5 ha;<\/p>\n<p class=\"MsoNormal\" style=\"margin-left: 18pt; text-align: justify; text-indent: -18pt;\"><em>c<\/em>) &nbsp; As modifica\u00e7\u00f5es de coberto vegetal resultantes da altera\u00e7\u00e3o entre tipos de uso agr\u00edcola e florestal, em \u00e1reas cont\u00ednuas superiores a 5 ha, considerando-se continuidade as ocupa\u00e7\u00f5es similares que distem entre si menos de 500 m;<\/p>\n<p class=\"MsoNormal\" style=\"margin-left: 18pt; text-align: justify; text-indent: -18pt;\"><em>d<\/em>) &nbsp; As altera\u00e7\u00f5es \u00e0 morfologia do solo, com excep\u00e7\u00e3o das decorrentes das normais actividades agr\u00edcolas e florestais;<\/p>\n<p class=\"MsoNormal\" style=\"margin-left: 18pt; text-align: justify; text-indent: -18pt;\"><em>e<\/em>) &nbsp; A altera\u00e7\u00e3o do uso actual dos terrenos das zonas h\u00famidas ou marinhas, bem como as altera\u00e7\u00f5es \u00e0 sua configura\u00e7\u00e3o e topografia;<\/p>\n<p class=\"MsoNormal\" style=\"margin-left: 18pt; text-align: justify; text-indent: -18pt;\"><em>f<\/em>)&nbsp;&nbsp;&nbsp; A deposi\u00e7\u00e3o de sucatas e de res\u00edduos s\u00f3lidos e l\u00edquidos;<\/p>\n<p class=\"MsoNormal\" style=\"margin-left: 18pt; text-align: justify; text-indent: -18pt;\"><em>g<\/em>) &nbsp; A abertura de novas vias de comunica\u00e7\u00e3o, bem como o alargamento das existentes;<\/p>\n<p class=\"MsoNormal\" style=\"margin-left: 18pt; text-align: justify; text-indent: -18pt;\"><em>h<\/em>) &nbsp; A instala\u00e7\u00e3o de infra-estruturas de electricidade e telef\u00f3nicas, a\u00e9reas ou subterr\u00e2neas, de telecomunica\u00e7\u00f5es, de transporte de g\u00e1s natural ou de outros combust\u00edveis, de saneamento b\u00e1sico e de aproveitamento de energias renov\u00e1veis ou similares fora dos per\u00edmetros urbanos;<\/p>\n<p class=\"MsoNormal\" style=\"margin-left: 18pt; text-align: justify; text-indent: -18pt;\"><em>i<\/em>) &nbsp;&nbsp; A pr\u00e1tica de actividades motorizadas organizadas e competi\u00e7\u00f5es desportivas fora dos per\u00edmetros urbanos;<\/p>\n<p class=\"MsoNormal\" style=\"margin-left: 18pt; text-align: justify; text-indent: -18pt;\"><em>j<\/em>) &nbsp;&nbsp; A pr\u00e1tica de alpinismo, de escalada e de montanhismo;<\/p>\n<p class=\"MsoNormal\" style=\"margin-left: 18pt; text-align: justify; text-indent: -18pt;\"><em>l<\/em>) &nbsp;&nbsp; A reintrodu\u00e7\u00e3o de esp\u00e9cies ind\u00edgenas da fauna e da flora selvagens.<\/p>\n<p class=\"MsoNormal\" style=\"text-align: justify;\"><strong><span style=\"color: blue;\">Avalia\u00e7\u00e3o de impacte ambiental e an\u00e1lise de incid\u00eancias ambientais<\/span><\/strong><\/p>\n<p class=\"MsoNormal\" style=\"text-align: justify;\"><a title=\"incid\u00eancias ambientais\" name=\"incid\u00eancias ambientais\"><\/a><\/p>\n<p class=\"MsoNormal\" style=\"text-align: justify;\">As ac\u00e7\u00f5es, planos ou projectos n\u00e3o directamente relacionados com a gest\u00e3o de um s\u00edtio da lista nacional de s\u00edtios, de um s\u00edtio de interesse comunit\u00e1rio, de uma ZEC ou de uma ZPE e n\u00e3o necess\u00e1rios para essa gest\u00e3o, mas suscept\u00edveis de afectar essa zona de forma significativa, individualmente ou em conjuga\u00e7\u00e3o com outras ac\u00e7\u00f5es, planos ou projectos, devem ser objecto de avalia\u00e7\u00e3o de incid\u00eancias ambientais no que se refere aos objectivos de conserva\u00e7\u00e3o da referida zona.<\/p>\n<p class=\"MsoNormal\" style=\"text-align: justify;\">A avalia\u00e7\u00e3o de incid\u00eancias ambientais segue a forma do procedimento de avalia\u00e7\u00e3o de impacte ambiental quando:<\/p>\n<p class=\"MsoNormal\" style=\"text-align: justify;\"><em>a<\/em>) O referido procedimento seja aplic\u00e1vel nos termos da legisla\u00e7\u00e3o em vigor;<\/p>\n<p class=\"MsoNormal\" style=\"text-align: justify;\"><em>b<\/em>) Para assegurar a efectiva execu\u00e7\u00e3o dos objectivos visados pelo n\u00famero anterior, o referido procedimento seja aplic\u00e1vel nos termos do n.\u00ba 3 do artigo 1.\u00ba do <a class=\"doclink\" href=\"http:\/\/www.ccdrc.pt\/wp-content\/uploads\/2011\/11\/d.l._n_69_2000_de_3_de_maio-61d.pdf\"><span class=\"doclink\">Decreto-Lei n.\u00ba 69\/2000, de 3 de Maio<\/span><\/a>&nbsp; .<\/p>\n<p><!--nextpage--><\/p>\n<p class=\"MsoNormal\" style=\"text-align: justify;\"><strong><span style=\"color: blue;\">Regime jur\u00eddico de protec\u00e7\u00e3o de esp\u00e9cies<\/span><\/strong><\/p>\n<p class=\"MsoNormal\" style=\"text-align: justify;\"><a title=\"Esp\u00e9cies\" name=\"Esp\u00e9cies\"><\/a><strong><span style=\"color: blue;\">Esp\u00e9cies animais<\/span><\/strong><\/p>\n<p class=\"MsoNormal\" style=\"text-align: justify;\">Para assegurar a protec\u00e7\u00e3o das esp\u00e9cies de aves, incluindo as migrat\u00f3rias, que ocorrem naturalmente no estado selvagem no territ\u00f3rio europeu dos Estados membros da Uni\u00e3o Europeia, e de todas as esp\u00e9cies de aves constantes dos anexos <a class=\"doclink\" href=\"http:\/\/www.ccdrc.pt\/wp-content\/uploads\/2011\/11\/rn2_anexo_a_i-ab1.doc\"><span class=\"doclink\">A I<\/span><\/a>&nbsp; , <a class=\"doclink\" href=\"http:\/\/www.ccdrc.pt\/wp-content\/uploads\/2011\/11\/rn2_anexo_a_ii-855.doc\"><span class=\"doclink\">A II<\/span><\/a>&nbsp; , <a class=\"doclink\" href=\"http:\/\/www.ccdrc.pt\/wp-content\/uploads\/2011\/11\/rn2_anexo_a_iii-5ec.doc\"><span class=\"doclink\">A III<\/span><\/a>&nbsp; e <a class=\"doclink\" href=\"http:\/\/www.ccdrc.pt\/wp-content\/uploads\/2011\/11\/rn2_anexo_d-f13.doc\"><span class=\"doclink\">D<\/span><\/a> do presente regime jur\u00eddico e das esp\u00e9cies animais constantes dos anexos <a class=\"doclink\" href=\"http:\/\/www.ccdrc.pt\/wp-content\/uploads\/2011\/11\/rn2_anexo_b_ii-0bd.doc\"><span class=\"doclink\">BII<\/span><\/a>&nbsp; e <a class=\"doclink\" href=\"http:\/\/www.ccdrc.pt\/wp-content\/uploads\/2011\/11\/rn2_anexo_b_iv-e96.doc\"><span class=\"doclink\">B-IV<\/span><\/a>, \u00e9 proibido:<\/p>\n<p class=\"MsoNormal\" style=\"text-align: justify;\"><em>a<\/em>) Capturar, abater ou deter os esp\u00e9cimes respectivos, qualquer que seja o m\u00e9todo utilizado;<\/p>\n<p class=\"MsoNormal\" style=\"text-align: justify;\"><em>b<\/em>) Perturbar esses esp\u00e9cimes, nomeadamente durante o per\u00edodo de reprodu\u00e7\u00e3o, de depend\u00eancia, de hiberna\u00e7\u00e3o e de migra\u00e7\u00e3o, desde que essa perturba\u00e7\u00e3o tenha um efeito significativo relativamente aos objectivos do presente diploma;<\/p>\n<p class=\"MsoNormal\" style=\"text-align: justify;\"><em>c<\/em>) Destruir, danificar, recolher ou deter os seus ninhos e ovos, mesmo vazios;<\/p>\n<p class=\"MsoNormal\" style=\"text-align: justify;\"><em>d<\/em>) Deteriorar ou destruir os locais ou \u00e1reas de reprodu\u00e7\u00e3o e repouso dessas esp\u00e9cies.<\/p>\n<p class=\"MsoNormal\" style=\"text-align: justify;\">Relativamente \u00e0s referidas esp\u00e9cies, s\u00e3o ainda proibidos a exposi\u00e7\u00e3o com fins comerciais, a venda, a oferta, a troca, a deten\u00e7\u00e3o, o transporte para fins de venda ou de troca e ainda a compra de esp\u00e9cimes retirados do meio natural, vivos ou mortos, incluindo qualquer parte ou produto obtido a partir dos mesmos, com excep\u00e7\u00e3o dos esp\u00e9cimes obtidos legalmente antes da entrada em vigor do <a class=\"doclink\" href=\"http:\/\/www.ccdrc.pt\/wp-content\/uploads\/2011\/11\/d.l._n_75_91_de_14_de_fevereiro-6b2.pdf\"><span class=\"doclink\">Decreto-Lei n.\u00ba 75\/91, de 14 de Fevereiro<\/span><\/a>&nbsp; , com a redac\u00e7\u00e3o que lhe foi dada pelo <a class=\"doclink\" href=\"http:\/\/www.ccdrc.pt\/wp-content\/uploads\/2011\/11\/d.l._n_224_93_de_18_de_junho-b5f.pdf\"><span class=\"doclink\">Decreto-Lei n.\u00ba 224\/93, de 18 de Junho<\/span><\/a>&nbsp; , e do <a class=\"doclink\" href=\"http:\/\/www.ccdrc.pt\/wp-content\/uploads\/2011\/11\/d.l._n_226_97_de_27_de_agosto-28c.pdf\"><span class=\"doclink\">Decreto-Lei n.\u00ba 226\/97, de 27 de Agosto<\/span><\/a>&nbsp; ,<\/p>\n<p class=\"MsoNormal\">A referida proibi\u00e7\u00e3o n\u00e3o se aplica \u00e0s esp\u00e9cies constantes do <a class=\"doclink\" href=\"http:\/\/www.ccdrc.pt\/wp-content\/uploads\/2011\/11\/rn2_anexo_d-f13.doc\"><span class=\"doclink\">Anexo D<\/span><\/a>&nbsp; quando esses actos sejam permitidos pela legisla\u00e7\u00e3o que regula o exerc\u00edcio da ca\u00e7a.<\/p>\n<p class=\"MsoNormal\"><a title=\"esp\u00e9cies vegetais\" name=\"esp\u00e9cies vegetais\"><\/a><strong><span style=\"color: blue;\">Esp\u00e9cies vegetais<\/span><\/strong><\/p>\n<p class=\"MsoNormal\">Para assegurar a protec\u00e7\u00e3o das esp\u00e9cies vegetais constantes dos anexos <a class=\"doclink\" href=\"http:\/\/www.ccdrc.pt\/wp-content\/uploads\/2011\/11\/rn2_anexo_b_ii-0bd.doc\"><span class=\"doclink\">BII<\/span><\/a>&nbsp; e <a class=\"doclink\" href=\"http:\/\/www.ccdrc.pt\/wp-content\/uploads\/2011\/11\/rn2_anexo_b_iv-e96.doc\"><span class=\"doclink\">B-IV<\/span><\/a>&nbsp; , s\u00e3o proibidos:<\/p>\n<p class=\"MsoNormal\" style=\"margin-left: 36pt; text-indent: -18pt;\"><em>a<\/em>) &nbsp;A colheita, o corte, o desenraizamento ou a destrui\u00e7\u00e3o das plantas ou partes de plantas no seu meio natural e dentro da sua \u00e1rea de distribui\u00e7\u00e3o natural;&nbsp;<\/p>\n<p class=\"MsoNormal\" style=\"margin-left: 36pt; text-align: justify; text-indent: -18pt;\"><em>b<\/em>) &nbsp;A deten\u00e7\u00e3o, o transporte, a venda ou troca e a oferta para fins de venda ou de troca de esp\u00e9cimes das referidas esp\u00e9cies, colhidos no meio natural, com excep\u00e7\u00e3o dos esp\u00e9cimes legalmente colhidos antes da entrada em vigor do <a class=\"doclink\" href=\"http:\/\/www.ccdrc.pt\/wp-content\/uploads\/2011\/11\/d.l._n_226_97_de_27_de_agosto-28c.pdf\"><span class=\"doclink\">Decreto-Lei n.\u00ba 226\/97, de 27 de Agosto<\/span><\/a>&nbsp; .<\/p>\n<p class=\"MsoNormal\" style=\"text-align: justify;\">As referidas proibi\u00e7\u00f5es aplicam-se a todas as fases do ciclo biol\u00f3gico das plantas abrangidas.<\/p>\n<p class=\"MsoNormal\" style=\"text-align: justify;\">N\u00e3o se aplicam aos esp\u00e9cimes artificialmente propagados.<\/p>\n<p class=\"MsoNormal\" style=\"text-align: justify;\"><strong><span style=\"color: blue;\">Meios e formas de captura ou abate proibidos<\/span><\/strong><\/p>\n<p class=\"MsoNormal\" style=\"text-align: justify;\">Para a recolha, captura ou abate de esp\u00e9cimes das esp\u00e9cies da fauna selvagem enumerados na al\u00ednea <a class=\"doclink\" href=\"http:\/\/www.ccdrc.pt\/wp-content\/uploads\/2011\/11\/rn2_anexo_b_v-784.doc\"><span class=\"doclink\">a) do anexo B-V<\/span><\/a>&nbsp; e no <a class=\"doclink\" href=\"http:\/\/www.ccdrc.pt\/wp-content\/uploads\/2011\/11\/rn2_anexo_d-f13.doc\"><span class=\"doclink\">Anexo D<\/span><\/a>&nbsp; , s\u00e3o proibidos todos os meios n\u00e3o selectivos, instala\u00e7\u00f5es ou m\u00e9todos de captura ou de abate, suscept\u00edveis de provocar localmente a extin\u00e7\u00e3o ou de perturbar gravemente a tranquilidade das popula\u00e7\u00f5es das referidas esp\u00e9cies e, em particular:<\/p>\n<p class=\"MsoNormal\" style=\"text-align: justify;\"><em>a<\/em>) A utiliza\u00e7\u00e3o dos meios de captura ou de abate n\u00e3o selectivos enumerados na al\u00ednea <a class=\"doclink\" href=\"http:\/\/www.ccdrc.pt\/wp-content\/uploads\/2011\/11\/rn2_anexo_c-431.doc\"><span class=\"doclink\">a) do anexo C<\/span><\/a>&nbsp; ;<\/p>\n<p class=\"MsoNormal\" style=\"text-align: justify;\"><em>b<\/em>) Qualquer forma de captura ou de abate a partir dos meios de transporte referidos na <a class=\"doclink\" href=\"http:\/\/www.ccdrc.pt\/wp-content\/uploads\/2011\/11\/rn2_anexo_c-431.doc\"><span class=\"doclink\">al\u00ednea b) do anexo C<\/span><\/a>&nbsp; .<\/p>\n<p class=\"MsoNormal\"><strong><span style=\"color: blue;\">Colec\u00e7\u00f5es<\/span><\/strong><\/p>\n<p class=\"MsoNormal\" style=\"text-align: justify;\">\u00c9 proibido coleccionar esp\u00e9cimes, vivos ou mortos, de todas as esp\u00e9cies de aves, incluindo as migrat\u00f3rias, que ocorrem naturalmente no estado selvagem no territ\u00f3rio europeu dos Estados membros da Uni\u00e3o Europeia, e das constantes dos anexos <a class=\"doclink\" href=\"http:\/\/www.ccdrc.pt\/wp-content\/uploads\/2011\/11\/rn2_anexo_a_i-ab1.doc\"><span class=\"doclink\">A I<\/span><\/a>&nbsp; , <a class=\"doclink\" href=\"http:\/\/www.ccdrc.pt\/wp-content\/uploads\/2011\/11\/rn2_anexo_a_ii-855.doc\"><span class=\"doclink\">A-II<\/span><\/a>&nbsp; , <a class=\"doclink\" href=\"http:\/\/www.ccdrc.pt\/wp-content\/uploads\/2011\/11\/rn2_anexo_a_iii-5ec.doc\"><span class=\"doclink\">A-III<\/span><\/a>&nbsp; e <a class=\"doclink\" href=\"http:\/\/www.ccdrc.pt\/wp-content\/uploads\/2011\/11\/rn2_anexo_d-f13.doc\"><span class=\"doclink\">D<\/span><\/a>&nbsp; , e de todas as esp\u00e9cies animais constantes dos anexos <a class=\"doclink\" href=\"http:\/\/www.ccdrc.pt\/wp-content\/uploads\/2011\/11\/rn2_anexo_b_ii-0bd.doc\"><span class=\"doclink\">B-II<\/span><\/a>&nbsp; e <a class=\"doclink\" href=\"http:\/\/www.ccdrc.pt\/wp-content\/uploads\/2011\/11\/rn2_anexo_b_iv-e96.doc\"><span class=\"doclink\">B-IV<\/span><\/a>&nbsp; , e das esp\u00e9cies vegetais constantes dos anexos <a class=\"doclink\" href=\"http:\/\/www.ccdrc.pt\/wp-content\/uploads\/2011\/11\/rn2_anexo_b_ii-0bd.doc\"><span class=\"doclink\">B-II<\/span><\/a>&nbsp; e <a class=\"doclink\" href=\"http:\/\/www.ccdrc.pt\/wp-content\/uploads\/2011\/11\/rn2_anexo_b_iv-e96.doc\"><span class=\"doclink\">B-IV<\/span><\/a>&nbsp; , incluindo partes ou produtos delas derivados, bem como ninhos e ovos, com excep\u00e7\u00e3o das esp\u00e9cies constantes no anexo <a class=\"doclink\" href=\"http:\/\/www.ccdrc.pt\/wp-content\/uploads\/2011\/11\/rn2_anexo_d-f13.doc\"><span class=\"doclink\">D<\/span><\/a>&nbsp; quando esses actos sejam permitidos pela legisla\u00e7\u00e3o que regula o exerc\u00edcio da ca\u00e7a.<\/p>\n<p class=\"MsoNormal\" style=\"text-align: justify;\">A proibi\u00e7\u00e3o prevista no n\u00famero anterior n\u00e3o se aplica a colec\u00e7\u00f5es para fins de investiga\u00e7\u00e3o ou de ensino, bem como a esp\u00e9cimes comprovadamente de cativeiro. No entanto os interessados devem comprovar junto do <a href=\"http:\/\/portal.icnb.pt\/ICNPortal\/vPT2007\/O+ICNB\/Rede+Natura+2000+2010\/?res=1280x800\" target=\"_blank\" rel=\"noopener\">ICNB<\/a> a finalidade das respectivas colec\u00e7\u00f5es de acordo com os procedimentos previstos no artigo 20.\u00ba do presente regime jur\u00eddico, com as necess\u00e1rias adapta\u00e7\u00f5es.<\/p>\n<p class=\"MsoNormal\" style=\"text-align: justify;\">As entidades singulares ou colectivas j\u00e1 possuidoras de colec\u00e7\u00f5es ficam obrigadas a dar conhecimento ao <a href=\"http:\/\/portal.icnb.pt\/ICNPortal\/vPT2007\/O+ICNB\/Rede+Natura+2000+2010\/?res=1280x800\" target=\"_blank\" rel=\"noopener\">ICNB<\/a> das caracter\u00edsticas essenciais identificadoras dessas colec\u00e7\u00f5es, no prazo de 180 dias contados da data da entrada em vigor do presente regime jur\u00eddico.<a title=\"colec\u00e7\u00f5es\" name=\"colec\u00e7\u00f5es\"><\/a><\/p>\n<p class=\"MsoNormal\" style=\"text-align: justify;\"><strong><span style=\"color: blue;\">Taxidermia<\/span><\/strong><\/p>\n<p class=\"MsoNormal\" style=\"text-align: justify;\">\u00c9 proibida a taxidermia em esp\u00e9cimes das esp\u00e9cies de aves incluindo as migrat\u00f3rias, que ocorrem naturalmente no estado selvagem no territ\u00f3rio europeu dos Estados membros da Uni\u00e3o Europeia, e das constantes dos anexos <a class=\"doclink\" href=\"http:\/\/www.ccdrc.pt\/wp-content\/uploads\/2011\/11\/rn2_anexo_a_i-ab1.doc\"><span class=\"doclink\">A-I<\/span><\/a>, <a class=\"doclink\" href=\"http:\/\/www.ccdrc.pt\/wp-content\/uploads\/2011\/11\/rn2_anexo_a_ii-855.doc\"><span class=\"doclink\">A-II<\/span><\/a>, <a class=\"doclink\" href=\"http:\/\/www.ccdrc.pt\/wp-content\/uploads\/2011\/11\/rn2_anexo_a_iii-5ec.doc\"><span class=\"doclink\">A-III<\/span><\/a>&nbsp; e <a class=\"doclink\" href=\"http:\/\/www.ccdrc.pt\/wp-content\/uploads\/2011\/11\/rn2_anexo_d-f13.doc\"><span class=\"doclink\">D<\/span><\/a>, e de todas as esp\u00e9cies animais constantes dos anexos <a class=\"doclink\" href=\"http:\/\/www.ccdrc.pt\/wp-content\/uploads\/2011\/11\/rn2_anexo_b_ii-0bd.doc\"><span class=\"doclink\">B-II<\/span><\/a>&nbsp; e <a class=\"doclink\" href=\"http:\/\/www.ccdrc.pt\/wp-content\/uploads\/2011\/11\/rn2_anexo_b_iv-e96.doc\"><span class=\"doclink\">B-IV<\/span><\/a>&nbsp; e <a class=\"doclink\" href=\"http:\/\/www.ccdrc.pt\/wp-content\/uploads\/2011\/11\/rn2_anexo_b_v-784.doc\"><span class=\"doclink\">B-V<\/span><\/a>, at\u00e9 \u00e0 entrada em vigor da respectiva regulamenta\u00e7\u00e3o, por portaria do Ministro do Ambiente e do Ordenamento do Territ\u00f3rio.<\/p>\n<p class=\"MsoNormal\" style=\"text-align: justify;\">\u00c9 proibida a taxidermia em esp\u00e9cimes das esp\u00e9cies constantes do anexo <a class=\"doclink\" href=\"http:\/\/www.ccdrc.pt\/wp-content\/uploads\/2011\/11\/rn2_anexo_d-f13.doc\"><span class=\"doclink\">D<\/span><\/a>, at\u00e9 \u00e0 entrada em vigor da respectiva regulamenta\u00e7\u00e3o, por portaria do Ministro da Agricultura, Pescas e Florestas.<\/p>\n<p class=\"MsoNormal\" style=\"text-align: justify;\">As referidas proibi\u00e7\u00f5es n\u00e3o prejudica a taxidermia para fins de investiga\u00e7\u00e3o e educa\u00e7\u00e3o licenciada pelo <a href=\"http:\/\/portal.icnb.pt\/ICNPortal\/vPT2007\/O+ICNB\/Rede+Natura+2000+2010\/?res=1280x800\" target=\"_blank\" rel=\"noopener\">ICNB<\/a>, nos termos do artigo 20.\u00ba, do presente regime jur\u00eddico.<\/p>\n<p><!--nextpage--><\/p>\n<p class=\"MsoNormal\" style=\"text-align: justify;\"><strong><span style=\"color: blue;\">Fiscaliza\u00e7\u00e3o<\/span><\/strong><\/p>\n<p class=\"MsoNormal\" style=\"text-align: justify;\">A fiscaliza\u00e7\u00e3o do cumprimento do disposto no presente regime jur\u00eddico compete:<\/p>\n<ol style=\"margin-top: 0cm;\">\n<li class=\"MsoNormal\" style=\"text-align: justify;\">ao <a href=\"http:\/\/portal.icnb.pt\/ICNPortal\/vPT2007\/O+ICNB\/Rede+Natura+2000+2010\/?res=1280x800\" target=\"_blank\" rel=\"noopener\">ICNB<\/a>,&nbsp;<\/li>\n<li class=\"MsoNormal\" style=\"text-align: justify;\">\u00e0s autarquias locais,<\/li>\n<li class=\"MsoNormal\" style=\"text-align: justify;\">\u00e0s comiss\u00f5es de coordena\u00e7\u00e3o e desenvolvimento regional,<\/li>\n<li class=\"MsoNormal\" style=\"text-align: justify;\">ao Instituto da \u00c1gua,<\/li>\n<li class=\"MsoNormal\" style=\"text-align: justify;\">\u00e0 Direc\u00e7\u00e3o-Geral dos Recursos Florestais,<\/li>\n<li class=\"MsoNormal\" style=\"text-align: justify;\">\u00e0s direc\u00e7\u00f5es regionais de agricultura<\/li>\n<li class=\"MsoNormal\" style=\"text-align: justify;\">e \u00e0s autoridades policiais.<\/li>\n<\/ol>\n<p><!--nextpage--><\/p>\n<p class=\"MsoNormal\" style=\"text-align: justify;\"><strong><span style=\"color: blue;\">As san\u00e7\u00f5es previstas<\/span><\/strong><\/p>\n<p class=\"MsoNormal\" style=\"text-align: justify;\"><strong>Contra-ordena\u00e7\u00f5es<\/strong><\/p>\n<p class=\"MsoNormal\" style=\"text-align: justify;\">Constitui contra-ordena\u00e7\u00e3o, pun\u00edvel com coima de \u20ac 250 a \u20ac 3740, aplic\u00e1vel a pessoas singulares, e de \u20ac 3990 a \u20ac 44 890, no caso de pessoas colectivas:<\/p>\n<p class=\"MsoNormal\" style=\"margin-left: 18pt; text-align: justify;\"><em>a<\/em>) A viola\u00e7\u00e3o do disposto no n.\u00ba 2 do artigo 9.\u00ba. <a href=\"http:\/\/www.ccdrc.pt\/pt\/aredenatura2000\/3\/\" target=\"_blank\" rel=\"noopener\"><span class=\"subtitulo2\"><u><span style=\"color: blue;\">Actos e actividades condicionados<\/span><\/u><\/span><\/a><\/p>\n<p class=\"MsoNormal\" style=\"text-indent: 18pt;\"><em>b<\/em>) A viola\u00e7\u00e3o do disposto no n.\u00ba 1 do artigo 10.\u00ba. <a href=\"http:\/\/www.ccdrc.pt\/pt\/aredenatura2000\/3\/\" target=\"_blank\" rel=\"noopener\"><u><span style=\"color: blue;\">An\u00e1lise de incid\u00eancias ambientais<\/span><\/u><\/a>&nbsp;<\/p>\n<p class=\"MsoNormal\" style=\"text-align: justify;\">Constitui contra-ordena\u00e7\u00e3o, pun\u00edvel com coima de \u20ac 125 a \u20ac 3740, aplic\u00e1vel a pessoas singulares, e de \u20ac 3990 a \u20ac 44 890, no caso de pessoas colectivas:<\/p>\n<p class=\"MsoNormal\" style=\"margin-left: 18pt; text-align: justify;\"><em>a<\/em>) A viola\u00e7\u00e3o do disposto nos n.\u00bas 1, 2 e 3 do artigo 11.\u00ba. <a href=\"http:\/\/www.ccdrc.pt\/pt\/aredenatura2000\/4\/\" target=\"_blank\" rel=\"noopener\">P<u><span style=\"color: blue;\">roibi\u00e7\u00f5es relativas a esp\u00e9cies animais<\/span><\/u><\/a>.<\/p>\n<p class=\"MsoNormal\" style=\"margin-left: 18pt; text-align: justify;\"><em>b<\/em>) A viola\u00e7\u00e3o do disposto no n.\u00ba 1 do artigo 12.\u00ba. <a href=\"http:\/\/www.ccdrc.pt\/pt\/aredenatura2000\/4\/\" target=\"_blank\" rel=\"noopener\"><u><span style=\"color: blue;\">Proibi\u00e7\u00f5es relativas a esp\u00e9cies vegetais<\/span><\/u><\/a><\/p>\n<p class=\"MsoNormal\" style=\"margin-left: 18pt; text-align: justify;\"><em>c<\/em>) A viola\u00e7\u00e3o do disposto no artigo 13.\u00ba. <a href=\"http:\/\/www.ccdrc.pt\/pt\/aredenatura2000\/4\/\" target=\"_blank\" rel=\"noopener\"><u><span style=\"color: blue;\">Meios e formas de captura ou abate proibidos<\/span><\/u><\/a><\/p>\n<p class=\"MsoNormal\" style=\"margin-left: 18pt; text-align: justify;\"><em>d<\/em>) A viola\u00e7\u00e3o do disposto nos n.\u00bas 1, 3 e 4 do artigo 15.\u00ba. <a href=\"http:\/\/www.ccdrc.pt\/pt\/aredenatura2000\/4\/\" target=\"_blank\" rel=\"noopener\"><u><span style=\"color: blue;\">Proibi\u00e7\u00f5es relativas \u00e0s colec\u00e7\u00f5es<\/span><\/u><\/a><\/p>\n<p class=\"MsoNormal\" style=\"margin-left: 18pt; text-align: justify;\"><em>e<\/em>) A viola\u00e7\u00e3o do disposto no n.\u00ba 2 do artigo 18.\u00ba. <u><span style=\"color: blue;\"><a href=\"http:\/\/www.ccdrc.pt\/pt\/aredenatura2000\/4\/\" target=\"_blank\" rel=\"noopener\">A actividade de anilhagem s\u00f3 pode ser exercida por pessoas singulares e carece de autoriza\u00e7\u00e3o pr\u00e9via do ICNB<\/a>.<\/span><\/u><\/p>\n<p class=\"MsoNormal\" style=\"margin-left: 18pt; text-align: justify;\"><em>f<\/em>) A viola\u00e7\u00e3o do disposto nos n.\u00bas 1 e 2 do artigo 19.\u00ba. <a href=\"http:\/\/www.ccdrc.pt\/pt\/aredenatura2000\/4\/\" target=\"_blank\" rel=\"noopener\"><u><span style=\"color: blue;\">Proibi\u00e7\u00f5es relativas \u00e0 taxidermia<\/span><\/u><\/a><\/p>\n<p class=\"MsoNormal\" style=\"text-align: justify;\">A neglig\u00eancia \u00e9 pun\u00edvel, sendo neste caso reduzidos a metade os montantes m\u00e1ximos das coimas.<\/p>\n<p class=\"MsoNormal\" style=\"text-align: justify;\">A tentativa \u00e9 igualmente pun\u00edvel, sendo o valor da coima especialmente atenuado.<\/p>\n<p class=\"MsoNormal\" style=\"text-align: justify;\"><strong>San\u00e7\u00f5es acess\u00f3rias<\/strong><\/p>\n<p class=\"MsoNormal\" style=\"text-align: justify;\">As contra-ordena\u00e7\u00f5es previstas no n.\u00ba 1 do artigo 22.\u00ba, podem ainda determinar, quando a gravidade da infrac\u00e7\u00e3o assim o justifique, a aplica\u00e7\u00e3o das seguintes san\u00e7\u00f5es acess\u00f3rias:<\/p>\n<p class=\"MsoNormal\" style=\"text-align: justify;\"><em>a<\/em>) A perda dos objectos pertencentes ao agente que tenham sido utilizados como instrumento na pr\u00e1tica da infrac\u00e7\u00e3o;<\/p>\n<p class=\"MsoNormal\" style=\"text-align: justify;\"><em>b<\/em>) A priva\u00e7\u00e3o do direito a subs\u00eddios outorgados por entidades ou servi\u00e7os p\u00fablicos;<\/p>\n<p class=\"MsoNormal\" style=\"text-align: justify;\"><em>c<\/em>) A interdi\u00e7\u00e3o do exerc\u00edcio de actividade;<\/p>\n<p class=\"MsoNormal\" style=\"text-align: justify;\"><em>d<\/em>) Priva\u00e7\u00e3o do direito de participar em feiras ou mercados;<\/p>\n<p class=\"MsoNormal\" style=\"text-align: justify;\"><em>e<\/em>) A priva\u00e7\u00e3o do direito de participar em arremata\u00e7\u00f5es ou concursos p\u00fablicos que tenham por objecto a empreitada ou a concess\u00e3o de obras p\u00fablicas, o fornecimento de bens e servi\u00e7os, a concess\u00e3o de servi\u00e7os p\u00fablicos e a atribui\u00e7\u00e3o de licen\u00e7as e alvar\u00e1s;<\/p>\n<p class=\"MsoNormal\" style=\"text-align: justify;\"><em>f<\/em>) O encerramento de estabelecimento cujo funcionamento esteja sujeito a autoriza\u00e7\u00e3o ou licen\u00e7a de autoridade administrativa;<\/p>\n<p class=\"MsoNormal\" style=\"text-align: justify;\"><em>g<\/em>) A suspens\u00e3o de autoriza\u00e7\u00f5es, licen\u00e7as e alvar\u00e1s.<\/p>\n<p><!--nextpage--><\/p>\n<p class=\"MsoNormal\" style=\"text-align: justify;\"><strong><span style=\"color: blue;\">Reposi\u00e7\u00e3o da situa\u00e7\u00e3o anterior<\/span><\/strong><\/p>\n<p class=\"MsoNormal\" style=\"text-align: justify;\">Sem preju\u00edzo da aplica\u00e7\u00e3o da coima e das san\u00e7\u00f5es acess\u00f3rias, o <a href=\"http:\/\/portal.icnb.pt\/ICNPortal\/vPT2007\/O+ICNB\/Rede+Natura+2000+2010\/?res=1280x800\" target=\"_blank\" rel=\"noopener\">ICNB<\/a> (dentro das \u00e1reas protegidas) ou a comiss\u00e3o de coordena\u00e7\u00e3o e desenvolvimento regional territorialmente competente (nas restantes \u00e1reas) podem, intimar o infractor a proceder \u00e0 reposi\u00e7\u00e3o da situa\u00e7\u00e3o anterior \u00e0 infrac\u00e7\u00e3o, fixando as ac\u00e7\u00f5es necess\u00e1rias para o efeito e o respectivo prazo de execu\u00e7\u00e3o.<\/p>\n<p class=\"MsoNormal\" style=\"text-align: justify;\">Ap\u00f3s a notifica\u00e7\u00e3o para as ac\u00e7\u00f5es referidas no n\u00famero anterior e se a obriga\u00e7\u00e3o n\u00e3o for cumprida no prazo fixado, o <a href=\"http:\/\/portal.icnb.pt\/ICNPortal\/vPT2007\/O+ICNB\/Rede+Natura+2000+2010\/?res=1280x800\" target=\"_blank\" rel=\"noopener\">ICNB<\/a> ou a comiss\u00e3o de coordena\u00e7\u00e3o e desenvolvimento regional territorialmente competente procede ou manda proceder \u00e0s ac\u00e7\u00f5es necess\u00e1rias por conta do infractor.<\/p>\n<p class=\"MsoNormal\" style=\"text-align: justify;\">As despesas realizadas, quando n\u00e3o forem pagas voluntariamente pelo infractor no prazo de 20 dias a contar da sua notifica\u00e7\u00e3o, s\u00e3o cobradas nos termos do processo de execu\u00e7\u00f5es fiscais, constituindo a nota de despesas t\u00edtulo executivo bastante, devendo dela constar o nome e o domic\u00edlio do devedor, a proveni\u00eancia da d\u00edvida e a indica\u00e7\u00e3o, por extenso, do seu montante, bem como a data a partir da qual s\u00e3o devidos juros de mora.<\/p>\n<p><!--nextpage--><\/p>\n<p class=\"MsoNormal\" style=\"text-align: justify;\"><strong><span style=\"color: blue;\">Embargo e demoli\u00e7\u00e3o<\/span><\/strong><\/p>\n<p class=\"MsoNormal\" style=\"text-align: justify;\">Sem preju\u00edzo da coima aplic\u00e1vel e das san\u00e7\u00f5es acess\u00f3rias, o <a href=\"http:\/\/portal.icnb.pt\/ICNPortal\/vPT2007\/O+ICNB\/Rede+Natura+2000+2010\/?res=1280x800\" target=\"_blank\" rel=\"noopener\">ICNB<\/a> ou a comiss\u00e3o de coordena\u00e7\u00e3o e desenvolvimento regional territorialmente competente, podem:<\/p>\n<p class=\"MsoNormal\" style=\"text-align: justify;\"><em>a<\/em>) Determinar o embargo ou a demoli\u00e7\u00e3o das obras que n\u00e3o tenham sido precedidas do parecer previsto no artigo 9.\u00ba ou que n\u00e3o estejam em conformidade com aquele parecer;<\/p>\n<p class=\"MsoNormal\" style=\"text-align: justify;\"><em>b<\/em>) Fazer cessar outras ac\u00e7\u00f5es realizadas em viola\u00e7\u00e3o ao disposto no presente regime jur\u00eddico.<\/p>\n<p><!--nextpage--><\/p>\n<p class=\"MsoNormal\" style=\"margin-bottom: 0.75pt; line-height: 13.5pt; background: none repeat scroll 0% 0% white;\"><strong><span style=\"color: blue;\">San\u00e7\u00f5es previstas no C\u00f3digo Penal \u2013 T\u00edtulo IV &#8211; Dos crimes contra a vida em sociedade<\/span><\/strong><strong><span style=\"font-size: 9pt; font-family: Arial; color: blue;\">.<\/span><\/strong><\/p>\n<p class=\"MsoNormal\" style=\"margin-bottom: 12.75pt; text-align: justify; line-height: 13.5pt; background: none repeat scroll 0% 0% white;\"><span style=\"color: #383939;\">Artigo 278.\u00ba Danos contra a natureza<\/span><\/p>\n<p class=\"MsoNormal\" style=\"margin-bottom: 12.75pt; text-align: justify; line-height: 13.5pt; background: none repeat scroll 0% 0% white;\">\u201c1-<em>Quem n\u00e3o observando disposi\u00e7\u00f5es legais, regulamentares ou obriga\u00e7\u00f5es impostas pela autoridade competente em conformidade com aquelas disposi\u00e7\u00f5es:<\/em><\/p>\n<p class=\"MsoNormal\" style=\"margin-left: 18pt; text-align: justify; text-indent: -18pt;\"><em>a) &nbsp; Eliminar, destruir ou capturar exemplares de esp\u00e9cies protegidas da fauna ou da flora selvagens ou eliminar exemplares de fauna ou flora em n\u00famero significativo;<\/em><\/p>\n<p class=\"MsoNormal\" style=\"margin-left: 18pt; text-align: justify; text-indent: -18pt;\"><em>b<\/em><em>) &nbsp; Destruir ou deteriorar significativamente habitat natural protegido ou habitat natural causando a estes perdas em esp\u00e9cies protegidas da fauna ou da flora selvagens ou em n\u00famero significativo; ou;<\/em><\/p>\n<p class=\"MsoNormal\" style=\"margin: 0cm 0cm 12.75pt 18pt; text-align: justify; text-indent: -18pt; line-height: 13.5pt; background: none repeat scroll 0% 0% white;\"><em>a)<span style=\"font: 7pt 'Times New Roman';\">&nbsp;&nbsp;&nbsp;&nbsp;&nbsp; <\/span><\/em><em>Afectar gravemente recursos do subsolo;<\/em><\/p>\n<p class=\"MsoNormal\" style=\"text-align: justify;\"><em>\u00e9 punido com pena de pris\u00e3o at\u00e9 3 anos ou com pena de multa at\u00e9 600 dias.<\/em><\/p>\n<p class=\"MsoNormal\" style=\"text-align: justify;\"><em>2 \u2014 Quem, n\u00e3o observando disposi\u00e7\u00f5es legais, regulamentares ou obriga\u00e7\u00f5es impostas pela autoridade competente em conformidade com aquelas disposi\u00e7\u00f5es, comercializar ou detiver para comercializa\u00e7\u00e3o exemplar de esp\u00e9cies protegidas da fauna ou da flora selvagens, vivo ou morto, bem como qualquer parte ou produto obtido a partir daquele, \u00e9 punido com pena de pris\u00e3o at\u00e9 um 1 ano ou com pena de multa at\u00e9 240 dias.<\/em><\/p>\n<p class=\"MsoNormal\" style=\"text-align: justify;\"><em>3 \u2014 Quem, n\u00e3o observando disposi\u00e7\u00f5es legais, regulamentares ou obriga\u00e7\u00f5es impostas pela autoridade competente em conformidade com aquelas disposi\u00e7\u00f5es, possuir ou detiver exemplar de esp\u00e9cies protegidas da fauna ou da flora selvagens, vivo ou morto, \u00e9 punido com pena de pris\u00e3o at\u00e9 6 meses ou com pena de multa at\u00e9 120 dias.<\/em><\/p>\n<p class=\"MsoNormal\" style=\"text-align: justify;\"><em>4 \u2014 A conduta referida no n\u00famero anterior n\u00e3o \u00e9 pun\u00edvel quando:<\/em><\/p>\n<p class=\"MsoNormal\" style=\"text-align: justify;\"><em>a<\/em><em>) A quantidade de exemplares detidos n\u00e3o for significativa; e<\/em><\/p>\n<p class=\"MsoNormal\" style=\"text-align: justify;\"><em>b<\/em><em>) O impacto sobre a conserva\u00e7\u00e3o das esp\u00e9cies em causa n\u00e3o for significativo.<\/em><\/p>\n<p class=\"MsoNormal\" style=\"text-align: justify;\"><em>5 \u2014 Se a conduta referida no n.\u00ba 1 for praticada por neglig\u00eancia, o agente \u00e9 punido com pena de pris\u00e3o at\u00e9 um ano ou com pena de multa.<\/em><\/p>\n<p class=\"MsoNormal\" style=\"text-align: justify;\"><em>6 \u2014 Se as condutas referidas nos n.<sup>os<\/sup> 2 e 3 forem praticadas por neglig\u00eancia, o agente \u00e9 punido com pena de multa at\u00e9 120 dias.\u201d<\/em><\/p>\n<p class=\"MsoNormal\" style=\"text-align: justify;\">&nbsp;<\/p>\n<\/div><\/div><\/div><\/div><\/div>\n","protected":false},"excerpt":{"rendered":"<p>A Rede Natura 2000 A Rede Natura 2000 \u00e9 uma [&hellip;]<\/p>\n","protected":false},"author":1,"featured_media":0,"comment_status":"open","ping_status":"open","sticky":false,"template":"","format":"standard","meta":{"_acf_changed":false,"_eb_attr":"","inline_featured_image":false,"iawp_total_views":27,"footnotes":""},"categories":[172],"tags":[],"class_list":["post-17224","post","type-post","status-publish","format-standard","hentry","category-sem-categoria"],"acf":[],"_links":{"self":[{"href":"https:\/\/www.ccdrc.pt\/pt\/wp-json\/wp\/v2\/posts\/17224","targetHints":{"allow":["GET"]}}],"collection":[{"href":"https:\/\/www.ccdrc.pt\/pt\/wp-json\/wp\/v2\/posts"}],"about":[{"href":"https:\/\/www.ccdrc.pt\/pt\/wp-json\/wp\/v2\/types\/post"}],"author":[{"embeddable":true,"href":"https:\/\/www.ccdrc.pt\/pt\/wp-json\/wp\/v2\/users\/1"}],"replies":[{"embeddable":true,"href":"https:\/\/www.ccdrc.pt\/pt\/wp-json\/wp\/v2\/comments?post=17224"}],"version-history":[{"count":4,"href":"https:\/\/www.ccdrc.pt\/pt\/wp-json\/wp\/v2\/posts\/17224\/revisions"}],"predecessor-version":[{"id":43378,"href":"https:\/\/www.ccdrc.pt\/pt\/wp-json\/wp\/v2\/posts\/17224\/revisions\/43378"}],"wp:attachment":[{"href":"https:\/\/www.ccdrc.pt\/pt\/wp-json\/wp\/v2\/media?parent=17224"}],"wp:term":[{"taxonomy":"category","embeddable":true,"href":"https:\/\/www.ccdrc.pt\/pt\/wp-json\/wp\/v2\/categories?post=17224"},{"taxonomy":"post_tag","embeddable":true,"href":"https:\/\/www.ccdrc.pt\/pt\/wp-json\/wp\/v2\/tags?post=17224"}],"curies":[{"name":"wp","href":"https:\/\/api.w.org\/{rel}","templated":true}]}}