{"id":16280,"date":"2010-12-20T10:31:44","date_gmt":"2010-12-20T10:31:44","guid":{"rendered":"http:\/\/www.ccdrc.pt\/workshop-qobrigacoes-decorrentes-da-obrigacao-da-aplicacao-do-decreto-lei-no-782004-de-3-de-abrilq-2\/"},"modified":"2023-07-25T16:15:43","modified_gmt":"2023-07-25T16:15:43","slug":"workshop-qobrigacoes-decorrentes-da-obrigacao-da-aplicacao-do-decreto-lei-no-782004-de-3-de-abrilq-2","status":"publish","type":"post","link":"https:\/\/www.ccdrc.pt\/pt\/workshop-qobrigacoes-decorrentes-da-obrigacao-da-aplicacao-do-decreto-lei-no-782004-de-3-de-abrilq-2\/","title":{"rendered":"Workshop &#8220;Obriga\u00e7\u00f5es decorrentes da obriga\u00e7\u00e3o da aplica\u00e7\u00e3o do Decreto-Lei n.\u00ba 78\/2004, de 3 de Abril&#8221;"},"content":{"rendered":"<div class=\"fusion-fullwidth fullwidth-box fusion-builder-row-1 fusion-flex-container nonhundred-percent-fullwidth non-hundred-percent-height-scrolling\" style=\"--awb-border-radius-top-left:0px;--awb-border-radius-top-right:0px;--awb-border-radius-bottom-right:0px;--awb-border-radius-bottom-left:0px;\" ><div class=\"fusion-builder-row fusion-row fusion-flex-align-items-flex-start\" style=\"max-width:1288px;margin-left: calc(-0% \/ 2 );margin-right: calc(-0% \/ 2 );\"><div class=\"fusion-layout-column fusion_builder_column fusion-builder-column-0 fusion_builder_column_1_1 1_1 fusion-flex-column\" style=\"--awb-bg-size:cover;--awb-width-large:100%;--awb-margin-top-large:0px;--awb-spacing-right-large:0%;--awb-margin-bottom-large:0px;--awb-spacing-left-large:0%;--awb-width-medium:100%;--awb-spacing-right-medium:0%;--awb-spacing-left-medium:0%;--awb-width-small:100%;--awb-spacing-right-small:0%;--awb-spacing-left-small:0%;\"><div class=\"fusion-column-wrapper fusion-flex-justify-content-flex-start fusion-content-layout-column\"><div class=\"fusion-text fusion-text-1\"><div align=\"justify\">\n<p style=\"text-align: left;\">A CCDRC promoveu a 2\u00aa sess\u00e3o do Workshop subordinado ao tema &#8221;As obriga\u00e7\u00f5es decorrentes da aplica\u00e7\u00e3o do Decreto-Lei n.\u00ba 78\/2004, de 3 de Abril&#8221;, que estabelece o regime da preven\u00e7\u00e3o e controlo das emiss\u00f5es de poluentes para a atmosfera. A 2\u00aa sess\u00e3o decorreu no Audit\u00f3rio desta CCDR, no dia 9 de Fevereiro de 2011. O objectivo principal do evento foi esclarecer os operadores, abrangidos pelo referido diploma, sobre as suas obriga\u00e7\u00f5es de autocontrolo das emiss\u00f5es gasosas, cumprimento dos Valores Limite de Emiss\u00e3o e constru\u00e7\u00e3o de chamin\u00e9s. As apresenta\u00e7\u00f5es efectuadas, bem como o programa do Workshop s\u00e3o disponibilizados nesta p\u00e1gina.<\/p>\n<\/div>\n<div align=\"justify\">\n<ul>\n<li style=\"text-align: left;\"><a class=\"doclink\" href=\"http:\/\/www.ccdrc.pt\/wp-content\/uploads\/2011\/02\/programaworkshop9_12_2001-dd0.pdf\"><span class=\"doclink\">Programa <span class=\"small\">(pdf, 12.5 kB)<\/span><\/span><\/a><\/li>\n<li style=\"text-align: left;\"><a class=\"doclink\" href=\"http:\/\/www.ccdrc.pt\/wp-content\/uploads\/2010\/12\/dl78_2004_fev-fc6.pdf\"><span class=\"doclink\">Decreto-Lei n.\u00ba 78\/2004, de 3 de Abril <span class=\"small\">(pdf, 74.37 kB)<\/span><\/span><\/a><\/li>\n<li style=\"text-align: left;\"><a class=\"doclink\" href=\"http:\/\/www.ccdrc.pt\/wp-content\/uploads\/2010\/12\/regmonit-eef.pdf\"><span class=\"doclink\">Cumprimento da obriga\u00e7\u00e3o de autocontrolo <span class=\"small\">(pdf, 45.24 kB)<\/span><\/span><\/a><\/li>\n<li style=\"text-align: left;\"><a class=\"doclink\" href=\"http:\/\/www.ccdrc.pt\/wp-content\/uploads\/2010\/12\/relatoriosautocontrolo-662.pdf\"><span class=\"doclink\">An\u00e1lise dos Relat\u00f3rios de Caracteriza\u00e7\u00e3o de Emiss\u00f5es Gasosas <span class=\"small\">(pdf, 855.6 kB)<\/span><\/span><\/a><\/li>\n<li style=\"text-align: left;\"><a class=\"doclink\" href=\"http:\/\/www.ccdrc.pt\/wp-content\/uploads\/2010\/12\/dl242_2001_cov-d7f.pdf\"><span class=\"doclink\">Decreto-Lei n.\u00ba 242\/2001, de 31 de Agosto <span class=\"small\">(pdf, 475.34 kB)<\/span><\/span><\/a><\/li>\n<li style=\"text-align: left;\"><a class=\"doclink\" href=\"http:\/\/www.ccdrc.pt\/wp-content\/uploads\/2010\/12\/altura_chamine-817.pdf\"><span class=\"doclink\">Dimensionamento e Aspectos Construtivos de Chamin\u00e9s <span class=\"small\">(pdf, 49.22 kB)<\/span><\/span><\/a><\/li>\n<li style=\"text-align: left;\"><a class=\"doclink\" href=\"http:\/\/www.ccdrc.pt\/wp-content\/uploads\/2010\/12\/inventario-e2a.pdf\"><span class=\"doclink\">Invent\u00e1rio Emiss\u00f5es Gasosas <span class=\"small\">(pdf, 1008.5 kB)<\/span><\/span><\/a>&nbsp; &nbsp; &nbsp; &nbsp; &nbsp; &nbsp;&nbsp;<\/li>\n<\/ul>\n<\/div>\n<\/div><\/div><\/div><\/div><\/div>\n","protected":false},"excerpt":{"rendered":"","protected":false},"author":1,"featured_media":0,"comment_status":"open","ping_status":"open","sticky":false,"template":"","format":"standard","meta":{"_acf_changed":false,"_eb_attr":"","inline_featured_image":false,"iawp_total_views":6,"footnotes":""},"categories":[191],"tags":[187],"class_list":["post-16280","post","type-post","status-publish","format-standard","hentry","category-ambiente-emissoes-gasosas","tag-text-layout"],"acf":[],"_links":{"self":[{"href":"https:\/\/www.ccdrc.pt\/pt\/wp-json\/wp\/v2\/posts\/16280","targetHints":{"allow":["GET"]}}],"collection":[{"href":"https:\/\/www.ccdrc.pt\/pt\/wp-json\/wp\/v2\/posts"}],"about":[{"href":"https:\/\/www.ccdrc.pt\/pt\/wp-json\/wp\/v2\/types\/post"}],"author":[{"embeddable":true,"href":"https:\/\/www.ccdrc.pt\/pt\/wp-json\/wp\/v2\/users\/1"}],"replies":[{"embeddable":true,"href":"https:\/\/www.ccdrc.pt\/pt\/wp-json\/wp\/v2\/comments?post=16280"}],"version-history":[{"count":5,"href":"https:\/\/www.ccdrc.pt\/pt\/wp-json\/wp\/v2\/posts\/16280\/revisions"}],"predecessor-version":[{"id":30927,"href":"https:\/\/www.ccdrc.pt\/pt\/wp-json\/wp\/v2\/posts\/16280\/revisions\/30927"}],"wp:attachment":[{"href":"https:\/\/www.ccdrc.pt\/pt\/wp-json\/wp\/v2\/media?parent=16280"}],"wp:term":[{"taxonomy":"category","embeddable":true,"href":"https:\/\/www.ccdrc.pt\/pt\/wp-json\/wp\/v2\/categories?post=16280"},{"taxonomy":"post_tag","embeddable":true,"href":"https:\/\/www.ccdrc.pt\/pt\/wp-json\/wp\/v2\/tags?post=16280"}],"curies":[{"name":"wp","href":"https:\/\/api.w.org\/{rel}","templated":true}]}}