{"id":15823,"date":"2010-02-16T00:00:00","date_gmt":"2010-02-16T00:00:00","guid":{"rendered":"http:\/\/www.ccdrc.pt\/programa-de-desenvolvimento-rural-da-regiao-centro-2007-2013\/"},"modified":"2023-09-08T15:37:29","modified_gmt":"2023-09-08T15:37:29","slug":"programa-de-desenvolvimento-rural-da-regiao-centro-2007-2013","status":"publish","type":"post","link":"https:\/\/www.ccdrc.pt\/pt\/programa-de-desenvolvimento-rural-da-regiao-centro-2007-2013\/","title":{"rendered":"DRAP Centro, Programa de Desenvolvimento Rural da Regi\u00e3o Centro 2007-2013"},"content":{"rendered":"<div class=\"fusion-fullwidth fullwidth-box fusion-builder-row-1 fusion-flex-container nonhundred-percent-fullwidth non-hundred-percent-height-scrolling\" style=\"--awb-border-radius-top-left:0px;--awb-border-radius-top-right:0px;--awb-border-radius-bottom-right:0px;--awb-border-radius-bottom-left:0px;\" ><div class=\"fusion-builder-row fusion-row fusion-flex-align-items-flex-start\" style=\"max-width:1288px;margin-left: calc(-0% \/ 2 );margin-right: calc(-0% \/ 2 );\"><div class=\"fusion-layout-column fusion_builder_column fusion-builder-column-0 fusion_builder_column_1_1 1_1 fusion-flex-column\" style=\"--awb-bg-size:cover;--awb-width-large:100%;--awb-margin-top-large:0px;--awb-spacing-right-large:0%;--awb-margin-bottom-large:0px;--awb-spacing-left-large:0%;--awb-width-medium:100%;--awb-spacing-right-medium:0%;--awb-spacing-left-medium:0%;--awb-width-small:100%;--awb-spacing-right-small:0%;--awb-spacing-left-small:0%;\"><div class=\"fusion-column-wrapper fusion-flex-justify-content-flex-start fusion-content-layout-column\"><div class=\"fusion-text fusion-text-1\"><p><a class=\"external_link\" href=\"http:\/\/www.drapc.min-agricultura.pt\/base\/documentos\/enquadramento_estrategico.pdf\"><strong>Programa de Desenvolvimento Rural da Regi\u00e3o Centro 2007-2013<\/strong><\/a><\/p>\n<p><strong>Autor: <\/strong>Direc\u00e7\u00e3o Regional de Agricultura e Pescas do Centro<\/p>\n<p><strong>Data de divulga\u00e7\u00e3o:<\/strong> 2007<\/p>\n<p><strong>Delimita\u00e7\u00e3o NUTS II Centro utilizada: <\/strong>Regi\u00e3o Centro \u00e2mbito da CCDRC<\/p>\n<p><strong>Descritivo: <\/strong>O Programa de Desenvolvimento Rural da Regi\u00e3o Centro procura reflectir a proposta de operacionaliza\u00e7\u00e3o do Plano de Desenvolvimento Rural e particularmente a estrat\u00e9gia para a Regi\u00e3o Centro em torno de uma \u201cnova vis\u00e3o\u201d tendo em conta as sinergias a potenciar em torno do Quadro de Refer\u00eancia Estrat\u00e9gico Nacional e do Programa Operacional da Regi\u00e3o Centro para o per\u00edodo 2007-2013. &nbsp;<\/p>\n<\/div><\/div><\/div><\/div><\/div>\n","protected":false},"excerpt":{"rendered":"","protected":false},"author":1,"featured_media":0,"comment_status":"open","ping_status":"open","sticky":false,"template":"","format":"standard","meta":{"_acf_changed":false,"_eb_attr":"","inline_featured_image":false,"iawp_total_views":90,"footnotes":""},"categories":[352],"tags":[187],"class_list":["post-15823","post","type-post","status-publish","format-standard","hentry","category-desenvolvimento-regional-monitorizacao-e-avaliacao-da-regiao-estudos-regionais","tag-text-layout"],"acf":[],"_links":{"self":[{"href":"https:\/\/www.ccdrc.pt\/pt\/wp-json\/wp\/v2\/posts\/15823","targetHints":{"allow":["GET"]}}],"collection":[{"href":"https:\/\/www.ccdrc.pt\/pt\/wp-json\/wp\/v2\/posts"}],"about":[{"href":"https:\/\/www.ccdrc.pt\/pt\/wp-json\/wp\/v2\/types\/post"}],"author":[{"embeddable":true,"href":"https:\/\/www.ccdrc.pt\/pt\/wp-json\/wp\/v2\/users\/1"}],"replies":[{"embeddable":true,"href":"https:\/\/www.ccdrc.pt\/pt\/wp-json\/wp\/v2\/comments?post=15823"}],"version-history":[{"count":1,"href":"https:\/\/www.ccdrc.pt\/pt\/wp-json\/wp\/v2\/posts\/15823\/revisions"}],"predecessor-version":[{"id":32915,"href":"https:\/\/www.ccdrc.pt\/pt\/wp-json\/wp\/v2\/posts\/15823\/revisions\/32915"}],"wp:attachment":[{"href":"https:\/\/www.ccdrc.pt\/pt\/wp-json\/wp\/v2\/media?parent=15823"}],"wp:term":[{"taxonomy":"category","embeddable":true,"href":"https:\/\/www.ccdrc.pt\/pt\/wp-json\/wp\/v2\/categories?post=15823"},{"taxonomy":"post_tag","embeddable":true,"href":"https:\/\/www.ccdrc.pt\/pt\/wp-json\/wp\/v2\/tags?post=15823"}],"curies":[{"name":"wp","href":"https:\/\/api.w.org\/{rel}","templated":true}]}}