{"id":15752,"date":"2009-05-15T17:01:00","date_gmt":"2009-05-15T17:01:00","guid":{"rendered":"http:\/\/www.ccdrc.pt\/inventarios-regionais-de-emissoes-atmosfericas\/"},"modified":"2026-01-26T09:48:46","modified_gmt":"2026-01-26T09:48:46","slug":"inventarios-regionais-de-emissoes-atmosfericas","status":"publish","type":"post","link":"https:\/\/www.ccdrc.pt\/pt\/inventarios-regionais-de-emissoes-atmosfericas\/","title":{"rendered":"Invent\u00e1rios Regionais de Emiss\u00f5es Atmosf\u00e9ricas"},"content":{"rendered":"<div class=\"fusion-fullwidth fullwidth-box fusion-builder-row-1 fusion-flex-container nonhundred-percent-fullwidth non-hundred-percent-height-scrolling\" style=\"--awb-border-radius-top-left:0px;--awb-border-radius-top-right:0px;--awb-border-radius-bottom-right:0px;--awb-border-radius-bottom-left:0px;\" ><div class=\"fusion-builder-row fusion-row fusion-flex-align-items-flex-start\" style=\"max-width:1288px;margin-left: calc(-0% \/ 2 );margin-right: calc(-0% \/ 2 );\"><div class=\"fusion-layout-column fusion_builder_column fusion-builder-column-0 fusion_builder_column_1_1 1_1 fusion-flex-column\" style=\"--awb-bg-size:cover;--awb-width-large:100%;--awb-margin-top-large:0px;--awb-spacing-right-large:0%;--awb-margin-bottom-large:0px;--awb-spacing-left-large:0%;--awb-width-medium:100%;--awb-spacing-right-medium:0%;--awb-spacing-left-medium:0%;--awb-width-small:100%;--awb-spacing-right-small:0%;--awb-spacing-left-small:0%;\"><div class=\"fusion-column-wrapper fusion-flex-justify-content-flex-start fusion-content-layout-column\"><div class=\"fusion-text fusion-text-1\"><p style=\"text-align: left;\" align=\"justify\">De acordo com o estipulado nos n\u00fameros 2 e 3, do Artigo 8\u00ba, do Decreto-Lei n.\u00ba 78\/2004, de 3 de Abril, compete \u00e0 CCDR a realiza\u00e7\u00e3o, para cada ano civil, do invent\u00e1rio regional de emiss\u00f5es de poluentes atmosf\u00e9ricos na \u00e1rea territorial da respectiva jurisdi\u00e7\u00e3o, sendo obrigat\u00f3ria a disponibiliza\u00e7\u00e3o \u00e0s CCDR de toda a informa\u00e7\u00e3o relevante e actualizada pelas entidades detentoras da mesma, p\u00fablicas ou privadas, incluindo operadores e entidades respons\u00e1veis pela produ\u00e7\u00e3o de dados estat\u00edsticos.<\/p>\n<p style=\"text-align: left;\" align=\"justify\">O invent\u00e1rio regional \u00e9 elaborado com base na informa\u00e7\u00e3o recolhida atrav\u00e9s de um formul\u00e1rio espec\u00edfico, dispon\u00edvel on-line em <a class=\"external_link\" href=\"http:\/\/inventario.ccdrc.pt\/\" target=\"_blank\" rel=\"noopener\">http:\/\/inventario.ccdrc.pt\/<\/a>.<\/p>\n<p align=\"justify\">&nbsp;<\/p>\n<p class=\"subtitulo2\" style=\"text-align: left;\" align=\"justify\"><strong>Dados (emiss\u00e3o de poluentes por freguesia, expresso em toneladas)<\/strong><\/p>\n<div style=\"text-align: left;\" align=\"justify\">\n<ul>\n<li><a href=\"https:\/\/www.ccdrc.pt\/wp-content\/uploads\/2016\/10\/Inventario2015_freguesias-f82.xlsx\" target=\"_blank\" rel=\"noopener\">Inventario Regional de Emiss\u00f5es Gasosas na Regi\u00e3o Centro de&nbsp;2015<\/a><\/li>\n<li><a href=\"https:\/\/www.ccdrc.pt\/wp-content\/uploads\/2016\/10\/Inventario2014_freguesia-205.xls\" target=\"_blank\" rel=\"noopener\">Inventario Regional de Emiss\u00f5es Gasosas na Regi\u00e3o Centro de 2014<\/a><\/li>\n<li><a href=\"https:\/\/www.ccdrc.pt\/wp-content\/uploads\/2016\/10\/Inventario2013_freguesias-39f.xls\" target=\"_blank\" rel=\"noopener\">Inventario Regional de Emiss\u00f5es Gasosas na Regi\u00e3o Centro de 2013<\/a><\/li>\n<li><a href=\"https:\/\/www.ccdrc.pt\/wp-content\/uploads\/2016\/10\/inventario2012_freguesia-20d.xlsx\" target=\"_blank\" rel=\"noopener\">Inventario Regional de Emiss\u00f5es Gasosas na Regi\u00e3o Centro de 2012<\/a><\/li>\n<li><a href=\"https:\/\/www.ccdrc.pt\/wp-content\/uploads\/2016\/10\/inventario2011_freguesias-1b7.xlsx\" target=\"_blank\" rel=\"noopener\">Inventario Regional de Emiss\u00f5es Gasosas da Regi\u00e3o Centro de 2011<\/a><\/li>\n<li><a href=\"https:\/\/www.ccdrc.pt\/wp-content\/uploads\/2009\/09\/inventrc2005-1eb.xls\" target=\"_blank\" rel=\"noopener\">Invent\u00e1rio Regional de Emiss\u00f5es Gasosas na Regi\u00e3o Centro de 2005<\/a><\/li>\n<\/ul>\n<p>&nbsp;<\/p>\n<\/div>\n<p class=\"subtitulo2\" style=\"text-align: left;\" align=\"justify\"><strong>Relat\u00f3rios<span style=\"font-family: Tahoma, Helvetica, Arial, sans-serif; font-size: 12.1599998474121px; line-height: 1.3em;\">&nbsp;<\/span>&nbsp;<\/strong><\/p>\n<ul style=\"text-align: left;\">\n<li class=\"subtitulo2\"><a class=\"doclink\" href=\"http:\/\/www.ccdrc.pt\/wp-content\/uploads\/2016\/06\/relatinv2015_final-991.pdf\" target=\"_blank\" rel=\"noopener\">Invent\u00e1rio de Emiss\u00f5es Gasosas na Regi\u00e3o Centro&nbsp;em 2015<\/a><\/li>\n<li class=\"subtitulo2\"><a class=\"doclink\" href=\"http:\/\/www.ccdrc.pt\/wp-content\/uploads\/2015\/07\/relatorioinventario2014-fa7.pdf\" target=\"_blank\" rel=\"noopener\"><span class=\"doclink\">Invent\u00e1rio de Emiss\u00f5es Gasosas na Regi\u00e3o Centro em 2014<\/span><\/a><\/li>\n<li class=\"subtitulo2\"><a class=\"doclink\" href=\"http:\/\/www.ccdrc.pt\/wp-content\/uploads\/2014\/05\/relatorioinventario_2013-a82.pdf\" target=\"_blank\" rel=\"noopener\"><span class=\"doclink\">Invent\u00e1rio de emiss\u00f5es gasosas na Regi\u00e3o Centro em 2013<\/span><\/a><\/li>\n<li class=\"subtitulo2\"><a class=\"doclink\" href=\"http:\/\/www.ccdrc.pt\/wp-content\/uploads\/2013\/07\/inventario2012-56b.pdf\" target=\"_blank\" rel=\"noopener\"><span class=\"doclink\">Invent\u00e1rio de emiss\u00f5es gasosas na Regi\u00e3o Centro em 2012<\/span><\/a><\/li>\n<li class=\"subtitulo2\"><a class=\"doclink\" href=\"http:\/\/www.ccdrc.pt\/wp-content\/uploads\/2013\/07\/inventario2011-111.pdf\" target=\"_blank\" rel=\"noopener\"><span class=\"doclink\">Invent\u00e1rio de emiss\u00f5es gasosas na Regi\u00e3o Centro em 2011<\/span><\/a><\/li>\n<li class=\"subtitulo2\"><a class=\"doclink\" href=\"http:\/\/www.ccdrc.pt\/wp-content\/uploads\/2013\/07\/inventario2010-2c7.pdf\" target=\"_blank\" rel=\"noopener\"><span class=\"doclink\">Invent\u00e1rio de emiss\u00f5es gasosas na Regi\u00e3o Centro em 2010<\/span><\/a><\/li>\n<li class=\"subtitulo2\"><a class=\"doclink\" href=\"http:\/\/www.ccdrc.pt\/wp-content\/uploads\/2009\/09\/inventario_emissoes_2005-d83.pdf\" target=\"_blank\" rel=\"noopener\"><span class=\"doclink\">Invent\u00e1rio de emiss\u00f5es gasosas na Regi\u00e3o Centro em 2005<\/span><\/a><\/li>\n<li class=\"subtitulo2\"><a class=\"doclink\" href=\"http:\/\/www.ccdrc.pt\/wp-content\/uploads\/2009\/09\/inventario_emissoes_2004-e55.pdf\" target=\"_blank\" rel=\"noopener\"><span class=\"doclink\">Invent\u00e1rio de emiss\u00f5es gasosas na Regi\u00e3o Centro em 2004<\/span><\/a><\/li>\n<li class=\"subtitulo2\"><a class=\"doclink\" href=\"http:\/\/www.ccdrc.pt\/wp-content\/uploads\/2009\/09\/inventario_emissoes_2003-577.pdf\" target=\"_blank\" rel=\"noopener\"><span class=\"doclink\">Invent\u00e1rio de emiss\u00f5es gasosas industriais na Regi\u00e3o Centro em 2003<\/span><\/a><\/li>\n<li class=\"subtitulo2\"><a class=\"doclink\" href=\"http:\/\/www.ccdrc.pt\/wp-content\/uploads\/2009\/09\/inventario_emissoes_2002-6a1.pdf\" target=\"_blank\" rel=\"noopener\"><span class=\"doclink\">Invent\u00e1rio de emiss\u00f5es gasosas industriais na Regi\u00e3o Centro em 2002<\/span><\/a>&nbsp;<\/li>\n<\/ul>\n<div align=\"justify\">&nbsp;<\/div>\n<\/div><\/div><\/div><\/div><\/div>\n","protected":false},"excerpt":{"rendered":"","protected":false},"author":1,"featured_media":0,"comment_status":"open","ping_status":"open","sticky":false,"template":"","format":"standard","meta":{"_acf_changed":false,"_eb_attr":"","inline_featured_image":false,"iawp_total_views":46,"footnotes":""},"categories":[191],"tags":[187],"class_list":["post-15752","post","type-post","status-publish","format-standard","hentry","category-ambiente-emissoes-gasosas","tag-text-layout"],"acf":[],"_links":{"self":[{"href":"https:\/\/www.ccdrc.pt\/pt\/wp-json\/wp\/v2\/posts\/15752","targetHints":{"allow":["GET"]}}],"collection":[{"href":"https:\/\/www.ccdrc.pt\/pt\/wp-json\/wp\/v2\/posts"}],"about":[{"href":"https:\/\/www.ccdrc.pt\/pt\/wp-json\/wp\/v2\/types\/post"}],"author":[{"embeddable":true,"href":"https:\/\/www.ccdrc.pt\/pt\/wp-json\/wp\/v2\/users\/1"}],"replies":[{"embeddable":true,"href":"https:\/\/www.ccdrc.pt\/pt\/wp-json\/wp\/v2\/comments?post=15752"}],"version-history":[{"count":6,"href":"https:\/\/www.ccdrc.pt\/pt\/wp-json\/wp\/v2\/posts\/15752\/revisions"}],"predecessor-version":[{"id":86119,"href":"https:\/\/www.ccdrc.pt\/pt\/wp-json\/wp\/v2\/posts\/15752\/revisions\/86119"}],"wp:attachment":[{"href":"https:\/\/www.ccdrc.pt\/pt\/wp-json\/wp\/v2\/media?parent=15752"}],"wp:term":[{"taxonomy":"category","embeddable":true,"href":"https:\/\/www.ccdrc.pt\/pt\/wp-json\/wp\/v2\/categories?post=15752"},{"taxonomy":"post_tag","embeddable":true,"href":"https:\/\/www.ccdrc.pt\/pt\/wp-json\/wp\/v2\/tags?post=15752"}],"curies":[{"name":"wp","href":"https:\/\/api.w.org\/{rel}","templated":true}]}}