{"id":15599,"date":"2008-07-29T13:16:00","date_gmt":"2008-07-29T13:16:00","guid":{"rendered":"http:\/\/www.ccdrc.pt\/avaliacao-de-impacte-ambiental\/"},"modified":"2023-09-14T10:10:31","modified_gmt":"2023-09-14T10:10:31","slug":"avaliacao-de-impacte-ambiental","status":"publish","type":"post","link":"https:\/\/www.ccdrc.pt\/pt\/avaliacao-de-impacte-ambiental\/","title":{"rendered":"Avalia\u00e7\u00e3o de Impacte Ambiental"},"content":{"rendered":"<div class=\"fusion-fullwidth fullwidth-box fusion-builder-row-1 fusion-flex-container nonhundred-percent-fullwidth non-hundred-percent-height-scrolling\" style=\"--awb-border-radius-top-left:0px;--awb-border-radius-top-right:0px;--awb-border-radius-bottom-right:0px;--awb-border-radius-bottom-left:0px;\" ><div class=\"fusion-builder-row fusion-row fusion-flex-align-items-flex-start\" style=\"max-width:1288px;margin-left: calc(-0% \/ 2 );margin-right: calc(-0% \/ 2 );\"><div class=\"fusion-layout-column fusion_builder_column fusion-builder-column-0 fusion_builder_column_1_1 1_1 fusion-flex-column\" style=\"--awb-bg-size:cover;--awb-width-large:100%;--awb-margin-top-large:0px;--awb-spacing-right-large:0%;--awb-margin-bottom-large:0px;--awb-spacing-left-large:0%;--awb-width-medium:100%;--awb-spacing-right-medium:0%;--awb-spacing-left-medium:0%;--awb-width-small:100%;--awb-spacing-right-small:0%;--awb-spacing-left-small:0%;\"><div class=\"fusion-column-wrapper fusion-flex-justify-content-flex-start fusion-content-layout-column\"><div class=\"fusion-text fusion-text-1\"><p><strong>Avalia\u00e7\u00e3o de Impacte Ambiental (AIA) \u2013<\/strong> instrumento de car\u00e1cter preventivo da pol\u00edtica do ambiente, sustentado na realiza\u00e7\u00e3o de estudos e consultas, com efectiva participa\u00e7\u00e3o p\u00fablica e an\u00e1lise de poss\u00edveis alternativas, que tem por objecto a recolha de informa\u00e7\u00e3o, identifica\u00e7\u00e3o e previs\u00e3o dos efeitos ambientais de determinados projectos, bem como a identifica\u00e7\u00e3o e proposta de medidas que evitem, minimizem ou compensem esses efeitos, tendo em vista uma decis\u00e3o sobre a viabilidade da execu\u00e7\u00e3o de tais projectos e respectiva p\u00f3s avalia\u00e7\u00e3o.<\/p>\n<p>Essa decis\u00e3o \u00e9 emitida sob a designa\u00e7\u00e3o de <strong>Declara\u00e7\u00e3o de Impacte Ambiental<\/strong>, \u00e9 vinculativa para a concretiza\u00e7\u00e3o do projecto e \u00e9 v\u00e1lida por dois anos.<\/p>\n<p><strong>Declara\u00e7\u00e3o de Impacte Ambiental (DIA) &#8211;<\/strong> decis\u00e3o emitida no \u00e2mbito da AIA sobre a viabilidade da execu\u00e7\u00e3o dos projectos sujeitos ao regime previsto no Decreto-Lei n.\u00ba 197\/2005, de 8 de Novembro.<\/p>\n<p>Pelo procedimento de AIA \u00e9 devida a cobran\u00e7a ao proponente de uma taxa cujo montante se encontra estipulado pela <a class=\"doclink\" href=\"\/wp-content\/uploads\/2009\/04\/portaria1102-b67.pdf\"><span class=\"doclink\">Portaria n.\u00ba 1102\/2007 <span class=\"small\">(pdf, 249.71 kB)<\/span><\/span><\/a> , de 7 de Setembro.<\/p>\n<p>O procedimento de AIA \u00e9 p\u00fablico, sendo de divulga\u00e7\u00e3o obrigat\u00f3ria, os seguintes documentos:<\/p>\n<ul>\n<li>Estudo de impacte ambiental (EIA);<\/li>\n<li>Resumo n\u00e3o t\u00e9cnico (RNT);<\/li>\n<li>Relat\u00f3rio da consulta p\u00fablica;<\/li>\n<li>Todos os pareceres emitidos no \u00e2mbito do procedimento de AIA;<\/li>\n<li>Parecer final da comiss\u00e3o de avalia\u00e7\u00e3o (CA);<\/li>\n<li>Declara\u00e7\u00e3o de Impacte Ambiental (DIA);<\/li>\n<li>Relat\u00f3rio de Conformidade Ambiental do Projecto de Execu\u00e7\u00e3o (RECAPE);<\/li>\n<li>Decis\u00e3o de dispensa de procedimento de AIA;<\/li>\n<li>Decis\u00e3o relativa ao pedido de licenciamento ou de autoriza\u00e7\u00e3o.<\/li>\n<\/ul>\n<p>\u00c9 ainda obrigat\u00f3ria a publicita\u00e7\u00e3o peri\u00f3dica dos relat\u00f3rios de monitoriza\u00e7\u00e3o apresentados pelo proponente, bem como dos resultados apurados nas auditorias realizadas nos termos do Decreto-Lei n.\u00ba 197\/2005, de 8 de Novembro.<\/p>\n<p><a class=\"doclink\" href=\"http:\/\/www.ccdrc.pt\/wp-content\/uploads\/2009\/04\/Proc_AIA-1ed.pdf\"><span class=\"doclink\">Procedimento &#8211; Avalia\u00e7\u00e3o de Impacto Ambiental <span class=\"small\">(pdf, 23.09 kB)<\/span><\/span><\/a><\/p>\n<p>&nbsp;<\/p>\n<p class=\"subtitulo1\"><strong>Legisla\u00e7\u00e3o<\/strong><\/p>\n<ul>\n<li><a class=\"doclink\" href=\"http:\/\/www.ccdrc.pt\/wp-content\/uploads\/2009\/04\/LBA_11_87-9e4.pdf\"><span class=\"doclink\">Lei n.\u00ba 11\/87 <span class=\"small\">(pdf, 1.15 MB)<\/span><\/span><\/a> , de 7 de Abril &#8211; Lei de Bases do Ambiente<\/li>\n<li><a class=\"doclink\" href=\"\/wp-content\/uploads\/2009\/04\/port_330_2001-2e0.pdf\"><span class=\"doclink\">Portaria n.\u00ba 330\/2001 <span class=\"small\">(pdf, 153.09 kB)<\/span><\/span><\/a> , de 2 de Abril<\/li>\n<li><a class=\"doclink\" href=\"\/wp-content\/uploads\/2009\/04\/despacho11874_01-cfd.pdf\"><span class=\"doclink\">Despacho n.\u00ba 11874\/2001 <span class=\"small\">(pdf, 109.42 kB)<\/span><\/span><\/a> , de 5 de Junho<\/li>\n<li><a class=\"doclink\" href=\"\/wp-content\/uploads\/2009\/04\/Portaria_123_02-8a0.pdf\"><span class=\"doclink\">Portaria n.\u00ba 123\/2002 <span class=\"small\">(pdf, 59.53 kB)<\/span><\/span><\/a> , de 8 de Fevereiro<\/li>\n<li><a class=\"doclink\" href=\"\/wp-content\/uploads\/2009\/04\/dl197_05-a14.pdf\"><span class=\"doclink\">Decreto-Lei n.\u00ba 197\/2005 <span class=\"small\">(pdf, 251.12 kB)<\/span><\/span><\/a> , de 8 de Novembro<\/li>\n<li><a class=\"doclink\" href=\"\/wp-content\/uploads\/2009\/04\/Portaria1102_2007-dfe.pdf\"><span class=\"doclink\">Portaria n.\u00ba 1102\/2007 <span class=\"small\">(pdf, 249.71 kB)<\/span><\/span><\/a> , de 7 de Setembro<\/li>\n<li><a class=\"doclink\" href=\"\/wp-content\/uploads\/2009\/04\/Decrectificacao2_06-5d2.pdf\"><span class=\"doclink\">Declara\u00e7\u00e3o de rectifica\u00e7\u00e3o n.\u00ba 2\/2006 <span class=\"small\">(pdf, 100.64 kB)<\/span><\/span><\/a> , de 2 de janeiro<\/li>\n<\/ul>\n<p>&nbsp;<\/p>\n<p class=\"subtitulo1\"><strong>DOCUMENTOS<\/strong><\/p>\n<ul>\n<li><a class=\"doclink\" href=\"\/wp-content\/uploads\/2009\/04\/nt_rodovias-400.pdf\"><span class=\"doclink\">Projectos de vias rodovi\u00e1rias, determina\u00e7\u00e3o da obrigatoriedade de sujei\u00e7\u00e3o a procedimento de AIA e interpreta\u00e7\u00e3o dos Anexos I e II do Decreto &#8211; Lei n.\u00ba 69\/2000, de 3 de Maio <span class=\"small\">(pdf, 19.3 kB)<\/span><\/span><\/a><\/li>\n<li><a class=\"doclink\" href=\"\/wp-content\/uploads\/2009\/04\/nt_pedreiras-c6e.pdf\"><span class=\"doclink\">Projectos de Amplia\u00e7\u00e3o de Pedreiras, determina\u00e7\u00e3o da Autoridade de Avalia\u00e7\u00e3o de Impacte Ambiental <span class=\"small\">(pdf, 14.81 kB)<\/span><\/span><\/a><\/li>\n<li><a class=\"doclink\" href=\"\/wp-content\/uploads\/2009\/04\/pedreiras_versaoSEA-e20.pdf\"><span class=\"doclink\">Metodologia para a monitoriza\u00e7\u00e3o de n\u00edveis de part\u00edculas no ar ambiente, em pedreiras, no \u00e2mbito do procedimento de Avalia\u00e7\u00e3o de Impacte Ambiental <span class=\"small\">(pdf, 58.59 kB)<\/span><\/span><\/a><\/li>\n<li><a class=\"doclink\" href=\"\/wp-content\/uploads\/2009\/04\/Criterios_RNT-268.pdf\"><span class=\"doclink\">Crit\u00e9rios de elabora\u00e7\u00e3o de resumos n\u00e3o t\u00e9cnicos <span class=\"small\">(pdf, 55.21 kB)<\/span><\/span><\/a><\/li>\n<li><a class=\"external_link\" href=\"http:\/\/aiacirca.apambiente.pt:8980\/Public\/irc\/aia\/aiapublico\/library?l=\/documentos-tipo\/minimizao_geraispdf\/_PT_1.0_&amp;a=d\" target=\"_blank\" rel=\"noopener\">Guia para Avalia\u00e7\u00e3o de Impacte Ambiental de Esta\u00e7\u00f5es de Tratamento de \u00c1guas Residuais<\/a><br \/>\n<!-- @page { margin: 2cm } P { margin-bottom: 0.21cm } --><\/li>\n<\/ul>\n<p>&nbsp;<\/p>\n<\/div><\/div><\/div><\/div><\/div>\n","protected":false},"excerpt":{"rendered":"","protected":false},"author":1,"featured_media":0,"comment_status":"open","ping_status":"open","sticky":false,"template":"","format":"standard","meta":{"_acf_changed":false,"_eb_attr":"","inline_featured_image":false,"iawp_total_views":65,"footnotes":""},"categories":[612],"tags":[187],"class_list":["post-15599","post","type-post","status-publish","format-standard","hentry","category-avaliacao-de-impacte-ambiental","tag-text-layout"],"acf":[],"_links":{"self":[{"href":"https:\/\/www.ccdrc.pt\/pt\/wp-json\/wp\/v2\/posts\/15599","targetHints":{"allow":["GET"]}}],"collection":[{"href":"https:\/\/www.ccdrc.pt\/pt\/wp-json\/wp\/v2\/posts"}],"about":[{"href":"https:\/\/www.ccdrc.pt\/pt\/wp-json\/wp\/v2\/types\/post"}],"author":[{"embeddable":true,"href":"https:\/\/www.ccdrc.pt\/pt\/wp-json\/wp\/v2\/users\/1"}],"replies":[{"embeddable":true,"href":"https:\/\/www.ccdrc.pt\/pt\/wp-json\/wp\/v2\/comments?post=15599"}],"version-history":[{"count":5,"href":"https:\/\/www.ccdrc.pt\/pt\/wp-json\/wp\/v2\/posts\/15599\/revisions"}],"predecessor-version":[{"id":39566,"href":"https:\/\/www.ccdrc.pt\/pt\/wp-json\/wp\/v2\/posts\/15599\/revisions\/39566"}],"wp:attachment":[{"href":"https:\/\/www.ccdrc.pt\/pt\/wp-json\/wp\/v2\/media?parent=15599"}],"wp:term":[{"taxonomy":"category","embeddable":true,"href":"https:\/\/www.ccdrc.pt\/pt\/wp-json\/wp\/v2\/categories?post=15599"},{"taxonomy":"post_tag","embeddable":true,"href":"https:\/\/www.ccdrc.pt\/pt\/wp-json\/wp\/v2\/tags?post=15599"}],"curies":[{"name":"wp","href":"https:\/\/api.w.org\/{rel}","templated":true}]}}