{"id":15506,"date":"2008-03-12T16:29:41","date_gmt":"2008-03-12T16:29:41","guid":{"rendered":"http:\/\/www.ccdrc.pt\/novo-regime-da-urbanizacao-e-edificacao-ja-em-vigor\/"},"modified":"2008-03-12T16:29:41","modified_gmt":"2008-03-12T16:29:41","slug":"novo-regime-da-urbanizacao-e-edificacao-ja-em-vigor","status":"publish","type":"post","link":"https:\/\/www.ccdrc.pt\/pt\/novo-regime-da-urbanizacao-e-edificacao-ja-em-vigor\/","title":{"rendered":"Novo regime da urbaniza\u00e7\u00e3o e edifica\u00e7\u00e3o j\u00e1 em vigor"},"content":{"rendered":"<p><img decoding=\"async\" class=\"right size-full wp-image-15505\" src=\"http:\/\/www.ccdrc.pt\/wp-content\/uploads\/2008\/03\/novoregime-a7f.jpg\" border=\"0\" alt=\"Novo regime da urbaniza\u00e7\u00e3o e edifica\u00e7\u00e3o j\u00e1 em vigor \" width=\"200\" height=\"150\" \/> <\/p>\n<p>No sentido de serem esclarecidas algumas quest\u00f5es, o Gabinete do Secret\u00e1rio de Estado Adjunto e da Administra\u00e7\u00e3o Local colocou, na sua p\u00e1gina, toda a legisla\u00e7\u00e3o sobre a mat\u00e9ria e um conjunto de perguntas\/respostas mais frequentes que podem <a class=\"external_link\" href=\"http:\/\/www.seaal.gov.pt\/seaal\/pt\/noticias\/200803031800.htm\" target=\"_blank\" title=\"SEAAL\" rel=\"noopener\">aqui<\/a> ser consultadas.<\/p>\n","protected":false},"excerpt":{"rendered":"<p>J\u00e1 est\u00e1 em vigor desde ontem, dia 3 de Mar\u00e7o, a Lei n\u00ba 60\/2007 de 04-09, que procede \u00e0 sexta altera\u00e7\u00e3o ao Decreto-Lei n.\u00ba 555\/99, de 16 de Dezembro, que estabelece o regime jur\u00eddico da urbaniza\u00e7\u00e3o e edifica\u00e7\u00e3o. <\/p>\n","protected":false},"author":1,"featured_media":15505,"comment_status":"open","ping_status":"open","sticky":false,"template":"","format":"standard","meta":{"_acf_changed":false,"_eb_attr":"","inline_featured_image":false,"iawp_total_views":0,"footnotes":""},"categories":[307],"tags":[],"class_list":["post-15506","post","type-post","status-publish","format-standard","has-post-thumbnail","hentry","category-informacao"],"acf":[],"_links":{"self":[{"href":"https:\/\/www.ccdrc.pt\/pt\/wp-json\/wp\/v2\/posts\/15506","targetHints":{"allow":["GET"]}}],"collection":[{"href":"https:\/\/www.ccdrc.pt\/pt\/wp-json\/wp\/v2\/posts"}],"about":[{"href":"https:\/\/www.ccdrc.pt\/pt\/wp-json\/wp\/v2\/types\/post"}],"author":[{"embeddable":true,"href":"https:\/\/www.ccdrc.pt\/pt\/wp-json\/wp\/v2\/users\/1"}],"replies":[{"embeddable":true,"href":"https:\/\/www.ccdrc.pt\/pt\/wp-json\/wp\/v2\/comments?post=15506"}],"version-history":[{"count":0,"href":"https:\/\/www.ccdrc.pt\/pt\/wp-json\/wp\/v2\/posts\/15506\/revisions"}],"wp:featuredmedia":[{"embeddable":true,"href":"https:\/\/www.ccdrc.pt\/pt\/wp-json\/wp\/v2\/media\/15505"}],"wp:attachment":[{"href":"https:\/\/www.ccdrc.pt\/pt\/wp-json\/wp\/v2\/media?parent=15506"}],"wp:term":[{"taxonomy":"category","embeddable":true,"href":"https:\/\/www.ccdrc.pt\/pt\/wp-json\/wp\/v2\/categories?post=15506"},{"taxonomy":"post_tag","embeddable":true,"href":"https:\/\/www.ccdrc.pt\/pt\/wp-json\/wp\/v2\/tags?post=15506"}],"curies":[{"name":"wp","href":"https:\/\/api.w.org\/{rel}","templated":true}]}}