{"id":92881,"date":"2026-09-04T09:18:17","date_gmt":"2026-09-04T09:18:17","guid":{"rendered":"https:\/\/www.ccdrc.pt\/?p=92881"},"modified":"2026-09-04T09:19:06","modified_gmt":"2026-09-04T09:19:06","slug":"patrimonio-ao-centro-promove-sessao-dedicada-as-reservas-arqueologicas-em-leiria","status":"publish","type":"post","link":"https:\/\/www.ccdrc.pt\/en\/patrimonio-ao-centro-promove-sessao-dedicada-as-reservas-arqueologicas-em-leiria\/","title":{"rendered":"Patrim\u00f3nio ao Centro promove sess\u00e3o dedicada \u00e0s Reservas Arqueol\u00f3gicas em Leiria"},"content":{"rendered":"<div class=\"fusion-fullwidth fullwidth-box fusion-builder-row-1 fusion-flex-container nonhundred-percent-fullwidth non-hundred-percent-height-scrolling\" style=\"--awb-border-radius-top-left:0px;--awb-border-radius-top-right:0px;--awb-border-radius-bottom-right:0px;--awb-border-radius-bottom-left:0px;\" ><div class=\"fusion-builder-row fusion-row fusion-flex-align-items-flex-start\" style=\"max-width:1288px;margin-left: calc(-0% \/ 2 );margin-right: calc(-0% \/ 2 );\"><div class=\"fusion-layout-column fusion_builder_column fusion-builder-column-0 fusion_builder_column_1_1 1_1 fusion-flex-column\" style=\"--awb-bg-size:cover;--awb-width-large:100%;--awb-margin-top-large:0px;--awb-spacing-right-large:0%;--awb-margin-bottom-large:0px;--awb-spacing-left-large:0%;--awb-width-medium:100%;--awb-spacing-right-medium:0%;--awb-spacing-left-medium:0%;--awb-width-small:100%;--awb-spacing-right-small:0%;--awb-spacing-left-small:0%;\"><div class=\"fusion-column-wrapper fusion-flex-justify-content-flex-start fusion-content-layout-column\"><div class=\"fusion-text fusion-text-1\"><p>A CCDR Centro promove, no dia 28 de setembro de 2026, em Leiria, mais uma sess\u00e3o da iniciativa \u00abPatrim\u00f3nio ao Centro \u2013 \u00c0 conversa com os arque\u00f3logos da Regi\u00e3o Centro\u00bb, dedicada \u00e0 tem\u00e1tica do Esp\u00f3lio Arqueol\u00f3gico e integrada nas Jornadas Europeias do Patrim\u00f3nio de 2026.<\/p>\n<p>A iniciativa come\u00e7a com uma visita guiada ao Abrigo do Lagar Velho, no Vale do Lapedo, um local de reconhecida import\u00e2ncia arqueol\u00f3gica. O ponto de encontro ser\u00e1 no Museu de Leiria. Durante a tarde, realiza-se uma visita guiada \u00e0s reservas do Museu de Leiria, dedicada ao dep\u00f3sito e \u00e0 gest\u00e3o de esp\u00f3lio arqueol\u00f3gico, seguindo-se uma mesa-redonda para reflex\u00e3o e debate sobre esta tem\u00e1tica.<\/p>\n<p>A sess\u00e3o contar\u00e1 com a participa\u00e7\u00e3o de Mauro Correia, arque\u00f3logo da CCDR Centro, Ana Sofia Gomes, arque\u00f3loga do Patrim\u00f3nio Cultural, I.P., e V\u00e2nia Carvalho, arque\u00f3loga da C\u00e2mara Municipal de Leiria.<\/p>\n<p>Promovido no \u00e2mbito da iniciativa Patrim\u00f3nio ao Centro, este encontro d\u00e1 continuidade \u00e0 estrat\u00e9gia de aproxima\u00e7\u00e3o da CCDR Centro aos profissionais de arqueologia que desenvolvem a sua atividade na regi\u00e3o, promovendo a partilha de conhecimento, a sensibiliza\u00e7\u00e3o para a prote\u00e7\u00e3o do patrim\u00f3nio cultural e a divulga\u00e7\u00e3o de boas pr\u00e1ticas.<\/p>\n<p>A participa\u00e7\u00e3o \u00e9 gratuita, mediante inscri\u00e7\u00e3o obrigat\u00f3ria <a href=\"https:\/\/docs.google.com\/forms\/d\/e\/1FAIpQLScGMQUtA50R8IGvRWPJUIwyD9aR498cIFQG9aiOnLl0i7LERQ\/viewform\" target=\"_blank\" rel=\"noopener\">here<\/a>.&nbsp;<\/p>\n<p>Para mais informa\u00e7\u00f5es, contacte a CCDR Centro atrav\u00e9s do endere\u00e7o eletr\u00f3nico gaac@ccdrc.pt ou do telefone 239 701 391.<\/p>\n<p>&nbsp;<\/p>\n<p><strong>Programa<\/strong><\/p>\n<p>10h00\u201312h30<\/p>\n<p>Visita guiada ao Abrigo do Lagar Velho, no Vale do Lapedo<\/p>\n<p>Ponto de encontro: Museu de Leiria<\/p>\n<p>12h30\u201314h30<\/p>\n<p>Almo\u00e7o livre<\/p>\n<p>14h30\u201316h30<\/p>\n<p>Sess\u00e3o tem\u00e1tica \u00abEsp\u00f3lio Arqueol\u00f3gico\u00bb<\/p>\n<p>Visita guiada \u00e0s reservas do Museu de Leiria \u2013 dep\u00f3sito de esp\u00f3lio arqueol\u00f3gico<\/p>\n<p>Mesa-redonda com:<\/p>\n<p>Mauro Correia, arque\u00f3logo da CCDR Centro;<\/p>\n<p>Ana Sofia Gomes, arque\u00f3loga do Patrim\u00f3nio Cultural, I.P.;<\/p>\n<p>V\u00e2nia Carvalho, arque\u00f3loga da C\u00e2mara Municipal de Leiria.<\/p>\n<p><strong>Local<\/strong>: Museu de Leiria<\/p>\n<\/div><\/div><\/div><\/div><\/div>","protected":false},"excerpt":{"rendered":"","protected":false},"author":1455,"featured_media":89717,"comment_status":"closed","ping_status":"closed","sticky":false,"template":"","format":"standard","meta":{"_acf_changed":false,"_eb_attr":"","inline_featured_image":false,"iawp_total_views":2,"footnotes":""},"categories":[764,307],"tags":[],"class_list":["post-92881","post","type-post","status-publish","format-standard","has-post-thumbnail","hentry","category-cultura","category-informacao"],"acf":[],"_links":{"self":[{"href":"https:\/\/www.ccdrc.pt\/en\/wp-json\/wp\/v2\/posts\/92881","targetHints":{"allow":["GET"]}}],"collection":[{"href":"https:\/\/www.ccdrc.pt\/en\/wp-json\/wp\/v2\/posts"}],"about":[{"href":"https:\/\/www.ccdrc.pt\/en\/wp-json\/wp\/v2\/types\/post"}],"author":[{"embeddable":true,"href":"https:\/\/www.ccdrc.pt\/en\/wp-json\/wp\/v2\/users\/1455"}],"replies":[{"embeddable":true,"href":"https:\/\/www.ccdrc.pt\/en\/wp-json\/wp\/v2\/comments?post=92881"}],"version-history":[{"count":2,"href":"https:\/\/www.ccdrc.pt\/en\/wp-json\/wp\/v2\/posts\/92881\/revisions"}],"predecessor-version":[{"id":92892,"href":"https:\/\/www.ccdrc.pt\/en\/wp-json\/wp\/v2\/posts\/92881\/revisions\/92892"}],"wp:featuredmedia":[{"embeddable":true,"href":"https:\/\/www.ccdrc.pt\/en\/wp-json\/wp\/v2\/media\/89717"}],"wp:attachment":[{"href":"https:\/\/www.ccdrc.pt\/en\/wp-json\/wp\/v2\/media?parent=92881"}],"wp:term":[{"taxonomy":"category","embeddable":true,"href":"https:\/\/www.ccdrc.pt\/en\/wp-json\/wp\/v2\/categories?post=92881"},{"taxonomy":"post_tag","embeddable":true,"href":"https:\/\/www.ccdrc.pt\/en\/wp-json\/wp\/v2\/tags?post=92881"}],"curies":[{"name":"wp","href":"https:\/\/api.w.org\/{rel}","templated":true}]}}