{"id":92794,"date":"2026-09-01T10:56:35","date_gmt":"2026-09-01T10:56:35","guid":{"rendered":"https:\/\/www.ccdrc.pt\/?p=92794"},"modified":"2026-09-01T11:08:12","modified_gmt":"2026-09-01T11:08:12","slug":"candidaturas-abertas-a-edicao-de-2026-do-premio-de-boas-praticas-de-envelhecimento-ativo-e-saudavel-avel-da-regiao-centro","status":"publish","type":"post","link":"https:\/\/www.ccdrc.pt\/en\/candidaturas-abertas-a-edicao-de-2026-do-premio-de-boas-praticas-de-envelhecimento-ativo-e-saudavel-avel-da-regiao-centro\/","title":{"rendered":"Candidaturas abertas \u00e0 edi\u00e7\u00e3o de 2026 do Pr\u00e9mio de Boas Pr\u00e1ticas de Envelhecimento Ativo e Saud\u00e1vel"},"content":{"rendered":"<div class=\"fusion-fullwidth fullwidth-box fusion-builder-row-1 fusion-flex-container nonhundred-percent-fullwidth non-hundred-percent-height-scrolling\" style=\"--awb-border-radius-top-left:0px;--awb-border-radius-top-right:0px;--awb-border-radius-bottom-right:0px;--awb-border-radius-bottom-left:0px;\" ><div class=\"fusion-builder-row fusion-row fusion-flex-align-items-flex-start\" style=\"max-width:1288px;margin-left: calc(-0% \/ 2 );margin-right: calc(-0% \/ 2 );\"><div class=\"fusion-layout-column fusion_builder_column fusion-builder-column-0 fusion_builder_column_1_1 1_1 fusion-flex-column\" style=\"--awb-bg-size:cover;--awb-width-large:100%;--awb-margin-top-large:0px;--awb-spacing-right-large:0%;--awb-margin-bottom-large:0px;--awb-spacing-left-large:0%;--awb-width-medium:100%;--awb-spacing-right-medium:0%;--awb-spacing-left-medium:0%;--awb-width-small:100%;--awb-spacing-right-small:0%;--awb-spacing-left-small:0%;\"><div class=\"fusion-column-wrapper fusion-flex-justify-content-flex-start fusion-content-layout-column\"><div class=\"fusion-text fusion-text-1\"><p>De 01 a 30 de setembro encontram-se abertas as candidaturas ao Pr\u00e9mio de Boas Pr\u00e1ticas de Envelhecimento Ativo e Saud\u00e1vel da Regi\u00e3o Centro \u2013 edi\u00e7\u00e3o 2026.<\/p>\n<p>Este Pr\u00e9mio, que vai j\u00e1 na sua 9.\u00aa edi\u00e7\u00e3o, pretende potenciar a divulga\u00e7\u00e3o e o reconhecimento dos projetos e pr\u00e1ticas que promovam o envelhecimento ativo, saud\u00e1vel e inclusivo existentes na Regi\u00e3o Centro.&nbsp;<\/p>\n<p>Nas oito edi\u00e7\u00f5es j\u00e1 realizadas, foram submetidas mais de 1.000 iniciativas, que envolveram v\u00e1rias centenas de promotores e mais de mil entidades parceiras. Estas iniciativas podem ser consultadas no Cat\u00e1logo de Boas Pr\u00e1ticas em <a href=\"https:\/\/envelhecimentoaocentro.ccdrc.pt\/Default_Catalogo.aspx\">Envelhecimento ao Centro &#8211; CCDRC<\/a><\/p>\n<p>Esta \u00e9 uma iniciativa da Comiss\u00e3o de Coordena\u00e7\u00e3o e Desenvolvimento Regional do Centro, I.P., em colabora\u00e7\u00e3o com os cons\u00f3rcios <a href=\"https:\/\/ageingcoimbra.pt\/\">Ageing@Coimbra<\/a> e <a href=\"https:\/\/ageinfuture.pt\/\">AgeINfuture<\/a>.<\/p>\n<p>O envolvimento e a participa\u00e7\u00e3o dos nossos atores locais \u00e9 fundamental!<\/p>\n<p>Em nome de um territ\u00f3rio mais amigo do idoso, mais coeso e inclusivo, capaz de inovar e de partilhar conhecimento, participe!<\/p>\n<p>Consulte as <a href=\"https:\/\/envelhecimentoaocentro.ccdrc.pt\/docs\/2026_Normas_PBPEAS.pdf\">Normas<\/a> e aceda ao <a href=\"https:\/\/envelhecimentoaocentro.ccdrc.pt\/Formulario.aspx\">Formul\u00e1rio de candidatura<\/a>.<\/p>\n<\/div><\/div><\/div><\/div><\/div>","protected":false},"excerpt":{"rendered":"","protected":false},"author":1460,"featured_media":92807,"comment_status":"closed","ping_status":"closed","sticky":false,"template":"","format":"standard","meta":{"_acf_changed":false,"_eb_attr":"","inline_featured_image":false,"iawp_total_views":9,"footnotes":""},"categories":[212,307],"tags":[],"class_list":["post-92794","post","type-post","status-publish","format-standard","has-post-thumbnail","hentry","category-desenvolvimento-regional","category-informacao"],"acf":[],"_links":{"self":[{"href":"https:\/\/www.ccdrc.pt\/en\/wp-json\/wp\/v2\/posts\/92794","targetHints":{"allow":["GET"]}}],"collection":[{"href":"https:\/\/www.ccdrc.pt\/en\/wp-json\/wp\/v2\/posts"}],"about":[{"href":"https:\/\/www.ccdrc.pt\/en\/wp-json\/wp\/v2\/types\/post"}],"author":[{"embeddable":true,"href":"https:\/\/www.ccdrc.pt\/en\/wp-json\/wp\/v2\/users\/1460"}],"replies":[{"embeddable":true,"href":"https:\/\/www.ccdrc.pt\/en\/wp-json\/wp\/v2\/comments?post=92794"}],"version-history":[{"count":3,"href":"https:\/\/www.ccdrc.pt\/en\/wp-json\/wp\/v2\/posts\/92794\/revisions"}],"predecessor-version":[{"id":92806,"href":"https:\/\/www.ccdrc.pt\/en\/wp-json\/wp\/v2\/posts\/92794\/revisions\/92806"}],"wp:featuredmedia":[{"embeddable":true,"href":"https:\/\/www.ccdrc.pt\/en\/wp-json\/wp\/v2\/media\/92807"}],"wp:attachment":[{"href":"https:\/\/www.ccdrc.pt\/en\/wp-json\/wp\/v2\/media?parent=92794"}],"wp:term":[{"taxonomy":"category","embeddable":true,"href":"https:\/\/www.ccdrc.pt\/en\/wp-json\/wp\/v2\/categories?post=92794"},{"taxonomy":"post_tag","embeddable":true,"href":"https:\/\/www.ccdrc.pt\/en\/wp-json\/wp\/v2\/tags?post=92794"}],"curies":[{"name":"wp","href":"https:\/\/api.w.org\/{rel}","templated":true}]}}