{"id":92763,"date":"2026-08-28T10:11:22","date_gmt":"2026-08-28T10:11:22","guid":{"rendered":"https:\/\/www.ccdrc.pt\/?p=92763"},"modified":"2026-08-28T10:14:38","modified_gmt":"2026-08-28T10:14:38","slug":"tropecos-de-cortica-um-saber-do-patrimonio-rural-da-regiao-centro","status":"publish","type":"post","link":"https:\/\/www.ccdrc.pt\/en\/tropecos-de-cortica-um-saber-do-patrimonio-rural-da-regiao-centro\/","title":{"rendered":"Trope\u00e7os de corti\u00e7a: um saber do patrim\u00f3nio rural da Regi\u00e3o Centro"},"content":{"rendered":"<div class=\"fusion-fullwidth fullwidth-box fusion-builder-row-1 fusion-flex-container nonhundred-percent-fullwidth non-hundred-percent-height-scrolling\" style=\"--awb-border-radius-top-left:0px;--awb-border-radius-top-right:0px;--awb-border-radius-bottom-right:0px;--awb-border-radius-bottom-left:0px;\" ><div class=\"fusion-builder-row fusion-row fusion-flex-align-items-flex-start\" style=\"max-width:1288px;margin-left: calc(-0% \/ 2 );margin-right: calc(-0% \/ 2 );\"><div class=\"fusion-layout-column fusion_builder_column fusion-builder-column-0 fusion_builder_column_1_1 1_1 fusion-flex-column\" style=\"--awb-bg-size:cover;--awb-width-large:100%;--awb-margin-top-large:0px;--awb-spacing-right-large:0%;--awb-margin-bottom-large:0px;--awb-spacing-left-large:0%;--awb-width-medium:100%;--awb-spacing-right-medium:0%;--awb-spacing-left-medium:0%;--awb-width-small:100%;--awb-spacing-right-small:0%;--awb-spacing-left-small:0%;\"><div class=\"fusion-column-wrapper fusion-flex-justify-content-flex-start fusion-content-layout-column\"><div class=\"fusion-text fusion-text-1\"><div class=\"wp-block-image\"><img decoding=\"async\" class=\"wpa-warning wpa-image-missing-alt alignnone size-full wp-image-92765\" src=\"https:\/\/www.ccdrc.pt\/wp-content\/uploads\/2026\/08\/tropecos_1200x600.jpg\" alt=\"\" width=\"1200\" height=\"600\" data-warning=\"Missing alt text\" srcset=\"https:\/\/www.ccdrc.pt\/wp-content\/uploads\/2026\/08\/tropecos_1200x600-18x9.jpg 18w, https:\/\/www.ccdrc.pt\/wp-content\/uploads\/2026\/08\/tropecos_1200x600-200x100.jpg 200w, https:\/\/www.ccdrc.pt\/wp-content\/uploads\/2026\/08\/tropecos_1200x600-400x200.jpg 400w, https:\/\/www.ccdrc.pt\/wp-content\/uploads\/2026\/08\/tropecos_1200x600-500x250.jpg 500w, https:\/\/www.ccdrc.pt\/wp-content\/uploads\/2026\/08\/tropecos_1200x600-600x300.jpg 600w, https:\/\/www.ccdrc.pt\/wp-content\/uploads\/2026\/08\/tropecos_1200x600-700x350.jpg 700w, https:\/\/www.ccdrc.pt\/wp-content\/uploads\/2026\/08\/tropecos_1200x600-768x384.jpg 768w, https:\/\/www.ccdrc.pt\/wp-content\/uploads\/2026\/08\/tropecos_1200x600-800x400.jpg 800w, https:\/\/www.ccdrc.pt\/wp-content\/uploads\/2026\/08\/tropecos_1200x600.jpg 1200w\" sizes=\"(max-width: 1200px) 100vw, 1200px\" \/><\/div>\n<p>&nbsp;<\/p>\n<p>Na Regi\u00e3o Centro de Portugal, a corti\u00e7a integra uma cultura material associada aos recursos do territ\u00f3rio e \u00e0s pr\u00e1ticas da vida rural. Entre os objetos produzidos a partir desta mat\u00e9ria-prima encontram-se os trope\u00e7os, bancos de corti\u00e7a que constituem uma express\u00e3o de saber-fazer tradicional em diferentes comunidades. O pr\u00f3prio termo trope\u00e7o surge registado como regionalismo com o significado de \u00abbanco de corti\u00e7a pregado com pregos de madeira\u00bb.<\/p>\n<p>Os trope\u00e7os constituem uma tipologia de assento de pequenas dimens\u00f5es, produzida em corti\u00e7a. A sua forma e constru\u00e7\u00e3o podem variar consoante o contexto local e a tradi\u00e7\u00e3o de quem os fabrica. Estudos sobre o design e a cultura material rural portuguesa identificam-nos como objetos de uso quotidiano, associados sobretudo aos espa\u00e7os dom\u00e9sticos e \u00e0s atividades da vida familiar.<\/p>\n<p>A sua exist\u00eancia revela uma caracter\u00edstica frequente da cultura material rural: o aproveitamento de recursos dispon\u00edveis no territ\u00f3rio para responder a necessidades concretas. A corti\u00e7a, pelas suas caracter\u00edsticas f\u00edsicas, entre as quais a leveza, a elasticidade e a resist\u00eancia, permitiu a produ\u00e7\u00e3o de diversos objetos de uso quotidiano, incluindo assentos e utens\u00edlios. O trabalho artesanal da corti\u00e7a insere-se, assim, numa rela\u00e7\u00e3o entre mat\u00e9ria-prima, t\u00e9cnicas de transforma\u00e7\u00e3o e necessidades das comunidades.<\/p>\n<p>Na Regi\u00e3o Centro, o concelho de Oleiros, no distrito de Castelo Branco, constitui uma refer\u00eancia documentada para esta tradi\u00e7\u00e3o. O Munic\u00edpio de Oleiros inclui os bancos de corti\u00e7a, designados localmente por \u00abtrope\u00e7os\u00bb, entre os saberes tradicionais preservados no concelho. A produ\u00e7\u00e3o encontra-se documentada na localidade da Gaspalha, na freguesia de \u00c1lvaro.<\/p>\n<p>A rela\u00e7\u00e3o entre os trope\u00e7os e o patrim\u00f3nio local tem tamb\u00e9m sido integrada em iniciativas de valoriza\u00e7\u00e3o cultural e tur\u00edstica. Em \u00c1lvaro, atividades de interpreta\u00e7\u00e3o do territ\u00f3rio t\u00eam apresentado os trope\u00e7os de corti\u00e7a juntamente com outros elementos da hist\u00f3ria e da cultura local.<\/p>\n<p>A tradi\u00e7\u00e3o n\u00e3o se limita a Oleiros. No concelho de Castelo Branco, a documenta\u00e7\u00e3o municipal identifica os trope\u00e7os de corti\u00e7a entre o artesanato de Benqueren\u00e7as. Em Malpica do Tejo, a mesma documenta\u00e7\u00e3o regista a \u00abrenda e trabalhos em corti\u00e7a (trope\u00e7o)\u00bb como atividade artesanal local. Estes registos confirmam a presen\u00e7a dos trope\u00e7os e de trabalhos em corti\u00e7a no patrim\u00f3nio material de diferentes comunidades rurais do concelho.<\/p>\n<p>Estes exemplos mostram que os trope\u00e7os devem ser entendidos no contexto mais amplo do trabalho artesanal da corti\u00e7a em Portugal. A documenta\u00e7\u00e3o contempor\u00e2nea sobre as artes e of\u00edcios tradicionais continua a identificar os trope\u00e7os entre os artefactos produzidos em corti\u00e7a.<\/p>\n<p>&nbsp;<\/p>\n<p><strong>Refer\u00eancias <\/strong><\/p>\n<p>Carreiro, A. S. (2013). Design rural [Disserta\u00e7\u00e3o de mestrado, Faculdade de Belas-Artes da Universidade de Lisboa]. Reposit\u00f3rio da Universidade de Lisboa.<\/p>\n<p>Instituto Nacional da Propriedade Industrial. (2005). A utiliza\u00e7\u00e3o e a valoriza\u00e7\u00e3o da propriedade industrial no sector da corti\u00e7a (Vol. III). Minist\u00e9rio da Justi\u00e7a.<\/p>\n<p>Munic\u00edpio de Castelo Branco. (2016). Plano de desenvolvimento estrat\u00e9gico: Quadro 2 \u2014 Caracteriza\u00e7\u00e3o das freguesias do concelho de Castelo Branco. C\u00e2mara Municipal de Castelo Branco.<\/p>\n<p>Munic\u00edpio de Oleiros. (2025, 9 de julho). Corti\u00e7ada Art Fest transforma Ribeira de Oleiros com arte e tradi\u00e7\u00e3o. C\u00e2mara Municipal de Oleiros.<\/p>\n<p>Programa Nacional Saber Fazer Portugal. (s.d.). Sobre. Dire\u00e7\u00e3o-Geral das Artes.<\/p>\n<p>&nbsp;<\/p>\n<\/div><\/div><\/div><\/div><\/div>\n","protected":false},"excerpt":{"rendered":"","protected":false},"author":1460,"featured_media":92764,"comment_status":"closed","ping_status":"closed","sticky":false,"template":"","format":"standard","meta":{"_acf_changed":false,"_eb_attr":"","inline_featured_image":false,"iawp_total_views":29,"footnotes":""},"categories":[172],"tags":[],"class_list":["post-92763","post","type-post","status-publish","format-standard","has-post-thumbnail","hentry","category-sem-categoria"],"acf":[],"_links":{"self":[{"href":"https:\/\/www.ccdrc.pt\/en\/wp-json\/wp\/v2\/posts\/92763","targetHints":{"allow":["GET"]}}],"collection":[{"href":"https:\/\/www.ccdrc.pt\/en\/wp-json\/wp\/v2\/posts"}],"about":[{"href":"https:\/\/www.ccdrc.pt\/en\/wp-json\/wp\/v2\/types\/post"}],"author":[{"embeddable":true,"href":"https:\/\/www.ccdrc.pt\/en\/wp-json\/wp\/v2\/users\/1460"}],"replies":[{"embeddable":true,"href":"https:\/\/www.ccdrc.pt\/en\/wp-json\/wp\/v2\/comments?post=92763"}],"version-history":[{"count":2,"href":"https:\/\/www.ccdrc.pt\/en\/wp-json\/wp\/v2\/posts\/92763\/revisions"}],"predecessor-version":[{"id":92768,"href":"https:\/\/www.ccdrc.pt\/en\/wp-json\/wp\/v2\/posts\/92763\/revisions\/92768"}],"wp:featuredmedia":[{"embeddable":true,"href":"https:\/\/www.ccdrc.pt\/en\/wp-json\/wp\/v2\/media\/92764"}],"wp:attachment":[{"href":"https:\/\/www.ccdrc.pt\/en\/wp-json\/wp\/v2\/media?parent=92763"}],"wp:term":[{"taxonomy":"category","embeddable":true,"href":"https:\/\/www.ccdrc.pt\/en\/wp-json\/wp\/v2\/categories?post=92763"},{"taxonomy":"post_tag","embeddable":true,"href":"https:\/\/www.ccdrc.pt\/en\/wp-json\/wp\/v2\/tags?post=92763"}],"curies":[{"name":"wp","href":"https:\/\/api.w.org\/{rel}","templated":true}]}}