{"id":92603,"date":"2026-08-14T12:10:28","date_gmt":"2026-08-14T12:10:28","guid":{"rendered":"https:\/\/www.ccdrc.pt\/?p=92603"},"modified":"2026-08-14T12:10:28","modified_gmt":"2026-08-14T12:10:28","slug":"melancia-do-ladoeiro-um-produto-ligado-a-terra-e-a-identidade-de-idanha-a-nova","status":"publish","type":"post","link":"https:\/\/www.ccdrc.pt\/en\/melancia-do-ladoeiro-um-produto-ligado-a-terra-e-a-identidade-de-idanha-a-nova\/","title":{"rendered":"Melancia do Ladoeiro: um produto ligado \u00e0 terra e \u00e0 identidade de Idanha-a-Nova"},"content":{"rendered":"<div class=\"wp-block-image\"><img decoding=\"async\" class=\"wpa-warning wpa-image-missing-alt alignnone size-full wp-image-92604\" src=\"https:\/\/www.ccdrc.pt\/wp-content\/uploads\/2026\/08\/Foto_Melancia-do-Ladoeiro1900.600.jpg\" alt=\"\" width=\"1900\" height=\"600\" data-warning=\"Missing alt text\" srcset=\"https:\/\/www.ccdrc.pt\/wp-content\/uploads\/2026\/08\/Foto_Melancia-do-Ladoeiro1900.600-18x6.jpg 18w, https:\/\/www.ccdrc.pt\/wp-content\/uploads\/2026\/08\/Foto_Melancia-do-Ladoeiro1900.600-200x63.jpg 200w, https:\/\/www.ccdrc.pt\/wp-content\/uploads\/2026\/08\/Foto_Melancia-do-Ladoeiro1900.600-400x126.jpg 400w, https:\/\/www.ccdrc.pt\/wp-content\/uploads\/2026\/08\/Foto_Melancia-do-Ladoeiro1900.600-500x158.jpg 500w, https:\/\/www.ccdrc.pt\/wp-content\/uploads\/2026\/08\/Foto_Melancia-do-Ladoeiro1900.600-600x189.jpg 600w, https:\/\/www.ccdrc.pt\/wp-content\/uploads\/2026\/08\/Foto_Melancia-do-Ladoeiro1900.600-700x221.jpg 700w, https:\/\/www.ccdrc.pt\/wp-content\/uploads\/2026\/08\/Foto_Melancia-do-Ladoeiro1900.600-768x243.jpg 768w, https:\/\/www.ccdrc.pt\/wp-content\/uploads\/2026\/08\/Foto_Melancia-do-Ladoeiro1900.600-800x253.jpg 800w, https:\/\/www.ccdrc.pt\/wp-content\/uploads\/2026\/08\/Foto_Melancia-do-Ladoeiro1900.600-1200x379.jpg 1200w, https:\/\/www.ccdrc.pt\/wp-content\/uploads\/2026\/08\/Foto_Melancia-do-Ladoeiro1900.600-1536x485.jpg 1536w, https:\/\/www.ccdrc.pt\/wp-content\/uploads\/2026\/08\/Foto_Melancia-do-Ladoeiro1900.600.jpg 1900w\" sizes=\"(max-width: 1900px) 100vw, 1900px\" \/><\/div>\n<p>&nbsp;<\/p>\n<p>No Ladoeiro, freguesia do concelho de Idanha-a-Nova, a melancia faz parte da paisagem agr\u00edcola e da identidade local. Associada \u00e0 Campina de Idanha, a sua produ\u00e7\u00e3o ganhou express\u00e3o ao longo dos anos e tornou-se uma das refer\u00eancias da agricultura e da gastronomia deste territ\u00f3rio.<\/p>\n<p>A Melancia do Ladoeiro \u00e9 um produto que se afirma pela liga\u00e7\u00e3o \u00e0 terra onde \u00e9 produzido. Mais do que um fruto de ver\u00e3o, representa uma atividade agr\u00edcola com presen\u00e7a na comunidade e uma rela\u00e7\u00e3o pr\u00f3xima entre produtores, territ\u00f3rio e consumidores. A produ\u00e7\u00e3o de melancia integra uma paisagem agr\u00edcola marcada pela diversidade e pela tradi\u00e7\u00e3o hortofrut\u00edcola. Ao longo dos anos, diferentes variedades t\u00eam sido cultivadas na regi\u00e3o, contribuindo para a diversidade do produto e para a sua presen\u00e7a na economia e na cultura alimentar local.<\/p>\n<p>A rela\u00e7\u00e3o entre a melancia e o Ladoeiro ultrapassa, por isso, a dimens\u00e3o agr\u00edcola. O produto tornou-se tamb\u00e9m um elemento de promo\u00e7\u00e3o do territ\u00f3rio e de valoriza\u00e7\u00e3o dos seus produtores. O Munic\u00edpio de Idanha-a-Nova associa a Melancia do Ladoeiro \u00e0 Campina de Idanha e \u00e0 identidade agr\u00edcola do concelho, promovendo-a atrav\u00e9s de iniciativas que aproximam o produto da comunidade e de quem visita a regi\u00e3o. Esta liga\u00e7\u00e3o ganha particular express\u00e3o no Festival da Melancia do Ladoeiro, um dos momentos de maior visibilidade do produto. O evento re\u00fane produtores, popula\u00e7\u00e3o e visitantes em torno da melancia, integrando mercado de produtores, gastronomia, concursos, demonstra\u00e7\u00f5es culin\u00e1rias, anima\u00e7\u00e3o e outras atividades.<\/p>\n<p>A valoriza\u00e7\u00e3o da Melancia do Ladoeiro conheceu tamb\u00e9m um importante passo em 2018, quando o Munic\u00edpio de Idanha-a-Nova anunciou o registo da marca e a inten\u00e7\u00e3o de avan\u00e7ar com um processo de qualifica\u00e7\u00e3o com Denomina\u00e7\u00e3o de Origem Protegida (DOP). Este processo refletia a vontade de refor\u00e7ar a identidade do produto, a sua liga\u00e7\u00e3o ao territ\u00f3rio e a valoriza\u00e7\u00e3o da sua origem.<\/p>\n<p>A for\u00e7a da Melancia do Ladoeiro est\u00e1, assim, na rela\u00e7\u00e3o entre produto, territ\u00f3rio e comunidade. A sua produ\u00e7\u00e3o, a dedica\u00e7\u00e3o dos agricultores e a continuidade das iniciativas que lhe s\u00e3o dedicadas contribuem para manter viva uma tradi\u00e7\u00e3o agr\u00edcola que faz parte da identidade do Ladoeiro.<\/p>\n<p>Para quem visita a regi\u00e3o durante a \u00e9poca da melancia, conhecer este produto \u00e9 tamb\u00e9m uma forma de descobrir o territ\u00f3rio atrav\u00e9s dos seus sabores e da sua agricultura. \u00c9 uma oportunidade para contactar com os produtores locais, conhecer a paisagem da Campina de Idanha e experimentar um produto que ganhou um lugar pr\u00f3prio na identidade do Ladoeiro.<\/p>\n<p>&nbsp;<\/p>\n<p><strong>Refer\u00eancias<\/strong><\/p>\n<p>Munic\u00edpio de Idanha-a-Nova. (2018, 18 de julho). Melancia do Ladoeiro a caminho da certifica\u00e7\u00e3o DOP. Munic\u00edpio de Idanha-a-Nova<\/p>\n<p>Rodrigues, I. C. N. (2013). Avalia\u00e7\u00e3o de par\u00e2metros de qualidade em melancia cultivada na regi\u00e3o do Ladoeiro [Disserta\u00e7\u00e3o de mestrado, Instituto Polit\u00e9cnico de Castelo Branco]. Reposit\u00f3rio Cient\u00edfico do Instituto Polit\u00e9cnico de Castelo Branco. Reposit\u00f3rio Cient\u00edfico do IPCB<\/p>\n","protected":false},"excerpt":{"rendered":"<p>&nbsp; No Ladoeiro, freguesia do concelho de Idanha-a-Nova, a melancia [&hellip;]<\/p>\n","protected":false},"author":1455,"featured_media":92605,"comment_status":"closed","ping_status":"closed","sticky":false,"template":"","format":"standard","meta":{"_acf_changed":false,"_eb_attr":"","inline_featured_image":false,"iawp_total_views":33,"footnotes":""},"categories":[172],"tags":[],"class_list":["post-92603","post","type-post","status-publish","format-standard","has-post-thumbnail","hentry","category-sem-categoria"],"acf":[],"_links":{"self":[{"href":"https:\/\/www.ccdrc.pt\/en\/wp-json\/wp\/v2\/posts\/92603","targetHints":{"allow":["GET"]}}],"collection":[{"href":"https:\/\/www.ccdrc.pt\/en\/wp-json\/wp\/v2\/posts"}],"about":[{"href":"https:\/\/www.ccdrc.pt\/en\/wp-json\/wp\/v2\/types\/post"}],"author":[{"embeddable":true,"href":"https:\/\/www.ccdrc.pt\/en\/wp-json\/wp\/v2\/users\/1455"}],"replies":[{"embeddable":true,"href":"https:\/\/www.ccdrc.pt\/en\/wp-json\/wp\/v2\/comments?post=92603"}],"version-history":[{"count":1,"href":"https:\/\/www.ccdrc.pt\/en\/wp-json\/wp\/v2\/posts\/92603\/revisions"}],"predecessor-version":[{"id":92606,"href":"https:\/\/www.ccdrc.pt\/en\/wp-json\/wp\/v2\/posts\/92603\/revisions\/92606"}],"wp:featuredmedia":[{"embeddable":true,"href":"https:\/\/www.ccdrc.pt\/en\/wp-json\/wp\/v2\/media\/92605"}],"wp:attachment":[{"href":"https:\/\/www.ccdrc.pt\/en\/wp-json\/wp\/v2\/media?parent=92603"}],"wp:term":[{"taxonomy":"category","embeddable":true,"href":"https:\/\/www.ccdrc.pt\/en\/wp-json\/wp\/v2\/categories?post=92603"},{"taxonomy":"post_tag","embeddable":true,"href":"https:\/\/www.ccdrc.pt\/en\/wp-json\/wp\/v2\/tags?post=92603"}],"curies":[{"name":"wp","href":"https:\/\/api.w.org\/{rel}","templated":true}]}}