{"id":92217,"date":"2026-08-06T10:36:45","date_gmt":"2026-08-06T10:36:45","guid":{"rendered":"https:\/\/www.ccdrc.pt\/?p=92217"},"modified":"2026-08-06T10:44:12","modified_gmt":"2026-08-06T10:44:12","slug":"caldeirada-de-enguias-um-patrimonio-gastronomico-da-ria-de-aveiro","status":"publish","type":"post","link":"https:\/\/www.ccdrc.pt\/en\/caldeirada-de-enguias-um-patrimonio-gastronomico-da-ria-de-aveiro\/","title":{"rendered":"Caldeirada de Enguias: Um Patrim\u00f3nio Gastron\u00f3mico da Ria de Aveiro"},"content":{"rendered":"<div class=\"fusion-fullwidth fullwidth-box fusion-builder-row-1 fusion-flex-container nonhundred-percent-fullwidth non-hundred-percent-height-scrolling\" style=\"--awb-border-radius-top-left:0px;--awb-border-radius-top-right:0px;--awb-border-radius-bottom-right:0px;--awb-border-radius-bottom-left:0px;\" ><div class=\"fusion-builder-row fusion-row fusion-flex-align-items-flex-start\" style=\"max-width:1288px;margin-left: calc(-0% \/ 2 );margin-right: calc(-0% \/ 2 );\"><div class=\"fusion-layout-column fusion_builder_column fusion-builder-column-0 fusion_builder_column_1_1 1_1 fusion-flex-column\" style=\"--awb-bg-size:cover;--awb-width-large:100%;--awb-margin-top-large:0px;--awb-spacing-right-large:0%;--awb-margin-bottom-large:0px;--awb-spacing-left-large:0%;--awb-width-medium:100%;--awb-spacing-right-medium:0%;--awb-spacing-left-medium:0%;--awb-width-small:100%;--awb-spacing-right-small:0%;--awb-spacing-left-small:0%;\"><div class=\"fusion-column-wrapper fusion-flex-justify-content-flex-start fusion-content-layout-column\"><div class=\"fusion-text fusion-text-1\"><div class=\"wp-block-image\"><img decoding=\"async\" class=\"wpa-warning wpa-image-missing-alt size-full wp-image-92218 aligncenter\" src=\"https:\/\/www.ccdrc.pt\/wp-content\/uploads\/2026\/08\/Caldeiradaenguias_dentro.png\" alt=\"\" width=\"850\" height=\"410\" data-warning=\"Missing alt text\" srcset=\"https:\/\/www.ccdrc.pt\/wp-content\/uploads\/2026\/08\/Caldeiradaenguias_dentro-18x9.png 18w, https:\/\/www.ccdrc.pt\/wp-content\/uploads\/2026\/08\/Caldeiradaenguias_dentro-200x96.png 200w, https:\/\/www.ccdrc.pt\/wp-content\/uploads\/2026\/08\/Caldeiradaenguias_dentro-400x193.png 400w, https:\/\/www.ccdrc.pt\/wp-content\/uploads\/2026\/08\/Caldeiradaenguias_dentro-500x241.png 500w, https:\/\/www.ccdrc.pt\/wp-content\/uploads\/2026\/08\/Caldeiradaenguias_dentro-600x289.png 600w, https:\/\/www.ccdrc.pt\/wp-content\/uploads\/2026\/08\/Caldeiradaenguias_dentro-700x338.png 700w, https:\/\/www.ccdrc.pt\/wp-content\/uploads\/2026\/08\/Caldeiradaenguias_dentro-768x370.png 768w, https:\/\/www.ccdrc.pt\/wp-content\/uploads\/2026\/08\/Caldeiradaenguias_dentro-800x386.png 800w, https:\/\/www.ccdrc.pt\/wp-content\/uploads\/2026\/08\/Caldeiradaenguias_dentro.png 850w\" sizes=\"(max-width: 850px) 100vw, 850px\" \/><\/div>\n<p>&nbsp;<\/p>\n<p>A Caldeirada de Enguias constitui um prato emblem\u00e1tico da gastronomia tradicional da regi\u00e3o da Ria de Aveiro, refletindo a estreita liga\u00e7\u00e3o entre as comunidades ribeirinhas e os recursos naturais deste ecossistema lagunar. Mais do que uma simples receita, representa um patrim\u00f3nio gastron\u00f3mico constru\u00eddo ao longo de gera\u00e7\u00f5es, onde se conjugam o saber-fazer popular, os produtos locais e a identidade cultural dos concelhos que confinam com a ria.<\/p>\n<p>Preparada com enguias, batatas, cebola, alho, salsa, azeite, louro, vinho branco, \u00e1gua e um ingrediente muito caracter\u00edstico, o chamado \u00abp\u00f3 de enguias\u00bb ou \u00abp\u00f3 de peixe\u00bb, designa\u00e7\u00e3o tradicional atribu\u00edda \u00e0 curcuma (Curcuma longa L.), obtida a partir do rizoma seco e mo\u00eddo da planta, esta caldeirada distingue-se pela sua tonalidade amarelada, aroma intenso e textura macia. No final da confe\u00e7\u00e3o, \u00e9 habitual adicionar um pouco de vinagre ou sumo de lim\u00e3o, conferindo ao prato um equil\u00edbrio de sabores que real\u00e7a a delicadeza da carne da enguia.<\/p>\n<p>Outro elemento distintivo reside no saber tradicional associado \u00e0 sua prepara\u00e7\u00e3o. Depois de cuidadosamente lavadas para eliminar a viscosidade, retirando-se a cabe\u00e7a e a fina membrana existente junto da espinha, as enguias s\u00e3o confecionadas segundo o m\u00e9todo tradicional das caldeiradas. Em muitas localidades \u00e9 costume preparar, separadamente, um molho bastante picante, elaborado com parte do caldo da confe\u00e7\u00e3o, servido \u00e0 mesa para intensificar o sabor de cada prato. Embora o antigo unto-de-p\u00e3o ou sal-de-unto seja atualmente frequentemente substitu\u00eddo por banha de porco, a ess\u00eancia da receita mant\u00e9m-se. Existem ainda variantes locais que incluem tomate ou pimento, refletindo as prefer\u00eancias culin\u00e1rias e as tradi\u00e7\u00f5es de cada comunidade.<\/p>\n<p>Historicamente, as enguias eram abundantes na Ria de Aveiro, nos seus esteiros, riachos e ribeiros adjacentes. Durante s\u00e9culos, muitas fam\u00edlias capturavam-nas diretamente, tornando este peixe um alimento acess\u00edvel e presen\u00e7a frequente nas refei\u00e7\u00f5es quotidianas. Nas \u00faltimas d\u00e9cadas, a redu\u00e7\u00e3o das popula\u00e7\u00f5es selvagens e as altera\u00e7\u00f5es ambientais conduziram ao decl\u00ednio da captura tradicional, sendo atualmente frequente a utiliza\u00e7\u00e3o de enguias provenientes de unidades de aquicultura de engorda ou de outros circuitos de comercializa\u00e7\u00e3o. Apesar desta evolu\u00e7\u00e3o, a Caldeirada de Enguias continua a ocupar um lugar de destaque na gastronomia regional, sendo confecionada ao longo de todo o ano e presen\u00e7a habitual em restaurantes, festivais gastron\u00f3micos e celebra\u00e7\u00f5es locais.<\/p>\n<p>A liga\u00e7\u00e3o entre a enguia e a Ria de Aveiro \u00e9 igualmente marcada pelo extraordin\u00e1rio ciclo de vida desta esp\u00e9cie. A enguia-europeia (Anguilla anguilla) reproduz-se no Mar dos Sarga\u00e7os, no Atl\u00e2ntico Norte. As larvas percorrem milhares de quil\u00f3metros transportadas pelas correntes oce\u00e2nicas at\u00e9 alcan\u00e7arem as costas europeias, entrando posteriormente em estu\u00e1rios, rios e lagoas costeiras, como a Ria de Aveiro, onde crescem durante v\u00e1rios anos. Ap\u00f3s atingirem a maturidade, iniciam a migra\u00e7\u00e3o de regresso ao Mar dos Sarga\u00e7os para completar o seu ciclo de vida, protagonizando um dos mais not\u00e1veis fen\u00f3menos migrat\u00f3rios conhecidos no reino animal.<\/p>\n<p>Na regi\u00e3o de Aveiro, esta esp\u00e9cie encontrou, durante s\u00e9culos, condi\u00e7\u00f5es ecol\u00f3gicas particularmente favor\u00e1veis, dando origem a um conjunto de pr\u00e1ticas piscat\u00f3rias, saberes culin\u00e1rios e tradi\u00e7\u00f5es profundamente enraizados na cultura local. A import\u00e2ncia da enguia ultrapassou os limites da ria, sendo comercializada em diversos mercados e feiras do pa\u00eds, incluindo a hist\u00f3rica Feira de S\u00e3o Mateus, em Viseu, onde durante muitas d\u00e9cadas integrou o conjunto de produtos alimentares tradicionalmente comercializados.<\/p>\n<p>Hoje, degustar uma Caldeirada de Enguias \u00e9 muito mais do que apreciar um prato t\u00edpico. \u00c9 conhecer a hist\u00f3ria das comunidades piscat\u00f3rias da Ria de Aveiro, compreender a import\u00e2ncia ecol\u00f3gica deste territ\u00f3rio e contribuir para a valoriza\u00e7\u00e3o de um legado gastron\u00f3mico que continua a afirmar a identidade regional. Cada receita traduz o conhecimento transmitido entre gera\u00e7\u00f5es e valoriza uma cozinha que faz da simplicidade dos ingredientes a sua maior riqueza.<\/p>\n<p>A Caldeirada de Enguias permanece, assim, como um dos mais representativos s\u00edmbolos da gastronomia aveirense, convidando residentes e visitantes a descobrir um dos sabores mais aut\u00eanticos da regi\u00e3o.<\/p>\n<p><strong>Refer\u00eancias<\/strong><\/p>\n<p>Carvalhas, A.; Sobral, J. &#8211; Uma biografia breve da enguia: Do Mar dos Sarga\u00e7os \u00e0 Feira de S\u00e3o Mateus em Viseu, passando pela ria de Aveiro. &#8220;e-LCV&#8221; [Em linha]. ISSN 2184-4097. N\u00ba 9 (julho-dez. de 2022), p. 126-141<\/p>\n<p>Confraria Gastron\u00f3mica As Sainhas de Vagos. Caldeirada de Enguias. Vagos.<\/p>\n<p>ICNF \u2013 Instituto da Conserva\u00e7\u00e3o da Natureza e das Florestas. (2022). Plano de Gest\u00e3o da Enguia \u2013 Portugal.<\/p>\n<p>Minist\u00e9rio da Agricultura e Alimenta\u00e7\u00e3o. (2021). Estrat\u00e9gia Nacional para a Conserva\u00e7\u00e3o da Enguia-Europeia.<\/p>\n<\/div><\/div><\/div><\/div><\/div>\n","protected":false},"excerpt":{"rendered":"","protected":false},"author":1451,"featured_media":92219,"comment_status":"closed","ping_status":"closed","sticky":false,"template":"","format":"standard","meta":{"_acf_changed":false,"_eb_attr":"","inline_featured_image":false,"iawp_total_views":19,"footnotes":""},"categories":[172],"tags":[],"class_list":["post-92217","post","type-post","status-publish","format-standard","has-post-thumbnail","hentry","category-sem-categoria"],"acf":[],"_links":{"self":[{"href":"https:\/\/www.ccdrc.pt\/en\/wp-json\/wp\/v2\/posts\/92217","targetHints":{"allow":["GET"]}}],"collection":[{"href":"https:\/\/www.ccdrc.pt\/en\/wp-json\/wp\/v2\/posts"}],"about":[{"href":"https:\/\/www.ccdrc.pt\/en\/wp-json\/wp\/v2\/types\/post"}],"author":[{"embeddable":true,"href":"https:\/\/www.ccdrc.pt\/en\/wp-json\/wp\/v2\/users\/1451"}],"replies":[{"embeddable":true,"href":"https:\/\/www.ccdrc.pt\/en\/wp-json\/wp\/v2\/comments?post=92217"}],"version-history":[{"count":2,"href":"https:\/\/www.ccdrc.pt\/en\/wp-json\/wp\/v2\/posts\/92217\/revisions"}],"predecessor-version":[{"id":92224,"href":"https:\/\/www.ccdrc.pt\/en\/wp-json\/wp\/v2\/posts\/92217\/revisions\/92224"}],"wp:featuredmedia":[{"embeddable":true,"href":"https:\/\/www.ccdrc.pt\/en\/wp-json\/wp\/v2\/media\/92219"}],"wp:attachment":[{"href":"https:\/\/www.ccdrc.pt\/en\/wp-json\/wp\/v2\/media?parent=92217"}],"wp:term":[{"taxonomy":"category","embeddable":true,"href":"https:\/\/www.ccdrc.pt\/en\/wp-json\/wp\/v2\/categories?post=92217"},{"taxonomy":"post_tag","embeddable":true,"href":"https:\/\/www.ccdrc.pt\/en\/wp-json\/wp\/v2\/tags?post=92217"}],"curies":[{"name":"wp","href":"https:\/\/api.w.org\/{rel}","templated":true}]}}