{"id":88900,"date":"2026-04-30T08:50:26","date_gmt":"2026-04-30T08:50:26","guid":{"rendered":"https:\/\/www.ccdrc.pt\/?p=88900"},"modified":"2026-04-30T08:50:26","modified_gmt":"2026-04-30T08:50:26","slug":"fim-de-semana-de-24-a-26-de-abril-de-2026","status":"publish","type":"post","link":"https:\/\/www.ccdrc.pt\/en\/fim-de-semana-de-24-a-26-de-abril-de-2026\/","title":{"rendered":"Fim de semana de 24 a 26 de abril de 2026"},"content":{"rendered":"<p><strong><em>Conhe\u00e7a os eventos culturais e art\u00edsticos em destaque de 24 a 26 de abril de 2026.<\/em><\/strong><\/p>\n<p>As sugest\u00f5es culturais da CCDR Centro privilegiam iniciativas promovidas por agentes culturais da regi\u00e3o, evidenciando a diversidade art\u00edstica e a vitalidade cultural do territ\u00f3rio. Para o pr\u00f3ximo fim de semana, a sele\u00e7\u00e3o integra propostas que cruzam m\u00fasica, teatro, literatura, dan\u00e7a, mem\u00f3ria democr\u00e1tica e programa\u00e7\u00e3o comunit\u00e1ria, incentivando a participa\u00e7\u00e3o cultural em v\u00e1rios munic\u00edpios da Regi\u00e3o Centro.<\/p>\n<div style=\"width: 1288px;\" class=\"wp-video\"><video class=\"wp-video-shortcode\" id=\"video-88900-1\" width=\"1288\" height=\"725\" preload=\"metadata\" controls=\"controls\"><source type=\"video\/mp4\" src=\"https:\/\/www.ccdrc.pt\/wp-content\/uploads\/2026\/04\/SDF_24abril2026_site-1.mp4?_=1\" \/><a href=\"https:\/\/www.ccdrc.pt\/wp-content\/uploads\/2026\/04\/SDF_24abril2026_site-1.mp4\">https:\/\/www.ccdrc.pt\/wp-content\/uploads\/2026\/04\/SDF_24abril2026_site-1.mp4<\/a><\/video><\/div>\n<p>&nbsp;<\/p>\n<p><strong>\ud83d\udccd<\/strong><strong> Covilh\u00e3<br \/>\n<\/strong>\ud83d\udcc5 24 de abril | 21h00<br \/>\n\ud83d\udccc Pa\u00fal<\/p>\n<p><strong>Abril Rueiro<\/strong><\/p>\n<p>Iniciativa promovida pela Casa do Povo do Pa\u00fal, com participa\u00e7\u00e3o das <a href=\"https:\/\/www.facebook.com\/adufeirasdopaul\">Adufeiras da Casa do Povo do Pa\u00fal<\/a> e do Coro Vi\u00e9s \u2013 Vozes em Interven\u00e7\u00e3o, da <a href=\"https:\/\/www.facebook.com\/coolabora\">CooLabora<\/a>. Integrado nas comemora\u00e7\u00f5es dos 50 anos da Constitui\u00e7\u00e3o da Rep\u00fablica Portuguesa, o evento prop\u00f5e um percurso po\u00e9tico e cantado pela vila, evocando os valores de abril atrav\u00e9s da palavra, da m\u00fasica e da participa\u00e7\u00e3o coletiva. A proposta afirma-se como um momento de encontro comunit\u00e1rio e celebra\u00e7\u00e3o da mem\u00f3ria democr\u00e1tica.<\/p>\n<p><a href=\"https:\/\/www.facebook.com\/photo?fbid=1672439150979304&amp;set=a.554079482815282\">Facebook<\/a><\/p>\n<p>&nbsp;<\/p>\n<p>\ud83d\udccd \ud835\udde1\ud835\uddf2\ud835\uddf9\ud835\uddee\ud835\ude00<br \/>\n\ud83d\udcc5 24 abril | 21h30<\/p>\n<p>\ud83d\udccc Funda\u00e7\u00e3o Lapa do Lobo<br \/>\n\ud83c\udfad \ud835\uddd9\ud835\uddf9\ud835\ude02\ud835\ude05\ud835\uddfc\ud835\uddf1\ud835\uddff\ud835\uddee\ud835\uddfa\ud835\uddee<\/p>\n<p>Depois de v\u00e1rias sess\u00f5es dirigidas a grupos escolares, <em>Fluxodrama<\/em>, da companhia <a href=\"https:\/\/www.amarelosilvestre.com\/\">Amarelo Silvestre<\/a>, regressa agora para p\u00fablico geral, propondo um debate em torno de quest\u00f5es contempor\u00e2neas. Nesta experi\u00eancia s\u00f3cio-teatral, os espectadores s\u00e3o tamb\u00e9m intervenientes do pr\u00f3prio espet\u00e1culo, desafiados a posicionar-se, a dialogar e a construir pensamento em tempo real a partir de perguntas essenciais. A iniciativa integra a programa\u00e7\u00e3o do Alcateia \u2013 Projeto Art\u00edstico e Educativo da <a href=\"https:\/\/fundacaolapadolobo.pt\/\">Funda\u00e7\u00e3o Lapa do Lobo<\/a>.<\/p>\n<p>Entrada gratuita, sujeita a reserva.<br \/>\nM\/16 | Dura\u00e7\u00e3o aproximada: 90 minutos.<\/p>\n<p><a href=\"https:\/\/www.amarelosilvestre.com\/Fluxodrama-em-digressao\">More information<\/a> | <a href=\"https:\/\/www.facebook.com\/photo?fbid=1568201025308355&amp;set=a.411371807657955\">Facebook<\/a> | <a href=\"https:\/\/www.instagram.com\/p\/DXWwMJ4DO6R\/\">Instagram<\/a><\/p>\n<p>&nbsp;<\/p>\n<p><strong>\ud83d\udccd<\/strong><strong> Pampilhosa da Serra<br \/>\n<\/strong>\ud83d\udcc5 25 de abril | 14h00<br \/>\n\ud83d\udccc V\u00e1rios locais \/ Mercado Municipal de Pampilhosa da Serra<\/p>\n<p><strong>326.\u00ba anivers\u00e1rio do Grupo Musical Fraternidade Pampilhosense<\/strong><\/p>\n<p>O Grupo Musical Fraternidade Pampilhosense assinala o seu 326.\u00ba anivers\u00e1rio com um programa comemorativo integrado nas celebra\u00e7\u00f5es do 25 de Abril em Pampilhosa da Serra. A iniciativa conta com a participa\u00e7\u00e3o especial da <a href=\"https:\/\/www.facebook.com\/aflordoalva\/\">Filarm\u00f3nica Flor do Alva<\/a> e inclui missa, rece\u00e7\u00e3o da banda convidada, romagem ao cemit\u00e9rio, arruada e concerto. A celebra\u00e7\u00e3o valoriza uma das institui\u00e7\u00f5es culturais mais antigas do concelho e destaca o papel da tradi\u00e7\u00e3o filarm\u00f3nica na identidade local.<\/p>\n<p><a href=\"https:\/\/www.facebook.com\/100063465015995\/posts\/dia-25-de-abril-celebramos-o-326-anivers%C3%A1rio-do-grupo-musical-fraternidade-pampi\/1532782898847196\/\">Facebook<\/a><\/p>\n<p>&nbsp;<\/p>\n<p><strong>\ud83d\udccd<\/strong><strong> Penacova<br \/>\n<\/strong>\ud83d\udcc5 25 de abril | 15h00<br \/>\n\ud83d\udccc Pra\u00e7a M\u00e1rio da Cunha Brito, S\u00e3o Pedro de Alva<\/p>\n<p><strong>Encontro de Bandas Filarm\u00f3nicas<\/strong><\/p>\n<p>Integrado nas comemora\u00e7\u00f5es do 25 de Abril, o Encontro de Bandas Filarm\u00f3nicas re\u00fane em S\u00e3o Pedro de Alva as tr\u00eas filarm\u00f3nicas do concelho de Penacova: a <a href=\"https:\/\/www.facebook.com\/profile.php?id=61553576452844\">Filarm\u00f3nica da Casa do Povo de S\u00e3o Pedro de Alva<\/a>, a <a href=\"https:\/\/www.facebook.com\/lorvanense\/\">Filarm\u00f3nica Boa Vontade Lorvanense<\/a> e a <a href=\"https:\/\/www.facebook.com\/filarmonicapenacova\/\">Filarm\u00f3nica da Casa do Povo de Penacova<\/a>. A iniciativa celebra a liberdade atrav\u00e9s da tradi\u00e7\u00e3o filarm\u00f3nica local, valorizando o papel destas coletividades na forma\u00e7\u00e3o musical e na vida cultural das comunidades.<\/p>\n<p>Entrada livre.<\/p>\n<p><a href=\"https:\/\/www.facebook.com\/photo?fbid=1390038566489015&amp;set=a.642148241278055\">Facebook<\/a><\/p>\n<p>&nbsp;<\/p>\n<p><strong>\ud83d\udccd<\/strong><strong> Sert\u00e3<br \/>\n<\/strong>\ud83d\udcc5 25 de abril | 21h30<br \/>\n\ud83d\udccc Casa da Cultura da Sert\u00e3<\/p>\n<p><strong>Concerto da Liberdade<\/strong><\/p>\n<p>Concerto evocativo do Dia da Liberdade protagonizado pela <a href=\"https:\/\/www.facebook.com\/filarmonicasertaginense\/\">Filarm\u00f3nica Uni\u00e3o Sertaginense<\/a>, com participa\u00e7\u00e3o especial de Jos\u00e9 Reis Santos. Integrado nas comemora\u00e7\u00f5es do 25 de Abril promovidas no concelho, o espet\u00e1culo prop\u00f5e uma viagem por algumas das can\u00e7\u00f5es de interven\u00e7\u00e3o mais marcantes associadas \u00e0 Revolu\u00e7\u00e3o dos Cravos.<\/p>\n<p>Entrada gratuita, mediante apresenta\u00e7\u00e3o de bilhete previamente levantado no local.<\/p>\n<p><a href=\"https:\/\/www.cm-serta.pt\/comunicacao\/agendaserta\/musica\/concerto-liberdade-fus-abril-26\">More information<\/a> | <a href=\"https:\/\/www.facebook.com\/photo\/?fbid=959918633106176&amp;set=a.193677576396956\">Facebook<\/a><\/p>\n<p>&nbsp;<\/p>\n<p><strong>\ud83d\udccd<\/strong><strong> Seia<br \/>\n<\/strong>\ud83d\udcc5 25 de abril | 21h30<br \/>\n\ud83d\udccc Casa Municipal da Cultura de Seia<\/p>\n<p><strong>Filarmonias \u2014 25 de Abril: 50+1<\/strong><\/p>\n<p>Concerto comemorativo protagonizado pela <a href=\"https:\/\/www.facebook.com\/srm.loriguense\/\">Sociedade Recreativa e Musical Loriguense<\/a>, com participa\u00e7\u00e3o do <a href=\"https:\/\/www.facebook.com\/people\/Vocal-Art-Ensemble\/61573576934557\/\">Ensemble Vocal\u2019Arte<\/a>, integrado nas celebra\u00e7\u00f5es do 25 de Abril em Seia. Inserido no ciclo Filarmonias, promovido pelo Munic\u00edpio de Seia, o espet\u00e1culo assinala a data atrav\u00e9s da m\u00fasica, evocando os valores de abril e a liberdade como express\u00e3o de identidade coletiva.<\/p>\n<p>Entrada gratuita, sujeita \u00e0 lota\u00e7\u00e3o da sala e mediante levantamento pr\u00e9vio de bilhete.<\/p>\n<p><a href=\"https:\/\/cm-seia.pt\/ultimas-noticias\/seia-celebra-os-52-anos-do-25-de-abril-com-programa-comemorativo\/\">More information<\/a> | <a href=\"https:\/\/www.facebook.com\/photo\/?fbid=1418925660280088&amp;set=a.318598713646127\">Facebook<\/a><\/p>\n<p>&nbsp;<\/p>\n<p><strong>\ud83d\udccd<\/strong><strong> Pinhel<br \/>\n<\/strong>\ud83d\udcc5 25 de abril | 21h30<br \/>\n\ud83d\udccc Audit\u00f3rio da C\u00e2mara Municipal de Pinhel<\/p>\n<p><strong>Reflexo Imperfeito<\/strong><\/p>\n<p>Espet\u00e1culo de m\u00fasica, poesia e arte inspirado na Liberdade de abril, integrado nas comemora\u00e7\u00f5es do 25 de Abril promovidas pelo Munic\u00edpio de Pinhel. A proposta encerra o programa do Dia da Liberdade no concelho, convocando diferentes linguagens art\u00edsticas para evocar os valores de abril e da liberdade.<\/p>\n<p>Entrada livre.<\/p>\n<p><a href=\"https:\/\/www.cm-pinhel.pt\/agenda-cultural\/pinhel-assinala-o-25-de-abril-com-programa-comemorativo-diversificado\/\">More information<\/a> | <a href=\"https:\/\/www.facebook.com\/photo\/?fbid=1449834190517640&amp;set=a.320805133420557\">Facebook<\/a><\/p>\n<p>&nbsp;<\/p>\n<p><strong>\ud83d\udccd<\/strong><strong> Anadia<br \/>\n<\/strong>\ud83d\udcc5 25 de abril | 21h30<br \/>\n\ud83d\udccc Cineteatro Anadia<\/p>\n<p><strong>M\u00fasicas de Abril<\/strong><\/p>\n<p>Concerto integrado nas comemora\u00e7\u00f5es do 25 de Abril em Anadia, protagonizado pela <a href=\"https:\/\/www.facebook.com\/people\/Orquestra-Ligeira-de-Anadia\/100092155996154\/\">ORLA \u2014 Orquestra Ligeira de Anadia<\/a>, com participa\u00e7\u00e3o de Gon\u00e7alo Tavares e In\u00eas Moreira. A proposta assinala a data atrav\u00e9s da m\u00fasica, inserindo-se na programa\u00e7\u00e3o cultural promovida pelo Munic\u00edpio de Anadia para celebrar abril.<\/p>\n<p>Bilhetes gratuitos dispon\u00edveis no Cineteatro Anadia e no Posto de Turismo da Curia.<\/p>\n<p><a href=\"https:\/\/www.cm-anadia.pt\/eventos\/evento-38\/concerto-musicas-de-abril\">More information<\/a> | <a href=\"https:\/\/www.facebook.com\/municipioanadia\/posts\/-concerto-%F0%9D%90%8C%F0%9D%90%AE%CC%81%F0%9D%90%AC%F0%9D%90%A2%F0%9D%90%9C%F0%9D%90%9A%F0%9D%90%AC-%F0%9D%90%9D%F0%9D%90%9E-%F0%9D%90%80%F0%9D%90%9B%F0%9D%90%AB%F0%9D%90%A2%F0%9D%90%A5-dia-25-de-abril-21h30-cineteatro-anadia-bilhetes-gra\/1408984234600930\/\">Facebook<\/a><\/p>\n<p>&nbsp;<\/p>\n<p><strong>\ud83d\udccd<\/strong><strong> Marinha Grande<br \/>\n<\/strong>\ud83d\udcc5 26 de abril | 16h30<br \/>\n\ud83d\udccc Audit\u00f3rio da Resinagem<\/p>\n<p><strong>O Dram\u00e1tico Terramoto de 1755<\/strong><\/p>\n<p>Espet\u00e1culo do <a href=\"https:\/\/www.teatrodobotao.pt\/\">Teatro do Bot\u00e3o<\/a>, companhia sediada na Marinha Grande, apresentado no \u00e2mbito do III Ciclo de Teatro do Bot\u00e3o \u2013 2026. Em coprodu\u00e7\u00e3o com os munic\u00edpios de Pombal e Oeiras, a cria\u00e7\u00e3o assinala os 270 anos do Terramoto de 1755 e prop\u00f5e uma abordagem ao seu impacto local, nacional e europeu, nos planos social, pol\u00edtico, arquitet\u00f3nico e do pensamento. Trata-se de uma proposta din\u00e2mica, com intera\u00e7\u00e3o com o p\u00fablico, que revisita este acontecimento hist\u00f3rico a partir de uma perspetiva teatral.<\/p>\n<p>Dura\u00e7\u00e3o: 45 minutos. M\/12.<\/p>\n<p><a href=\"https:\/\/www.facebook.com\/photo\/?fbid=122343349730193964&amp;set=pb.61555818928524.-2207520000\">Facebook<\/a> | <a href=\"https:\/\/www.instagram.com\/p\/DXbH6Yfgm9W\/?img_index=1\">Instagram<\/a><\/p>\n<p>&nbsp;<\/p>\n<p><strong>\ud83d\udccd<\/strong><strong> Leiria<br \/>\n<\/strong>\ud83d\udcc5 26 de abril | 17h00<br \/>\n\ud83d\udccc Teatro Miguel Franco<\/p>\n<p><strong>Gileno Santana com Big Band do Orfe\u00e3o de Leiria<\/strong><\/p>\n<p>Concerto integrado no programa \u00c0 Margem do 44.\u00ba Festival M\u00fasica em Leiria, com Gileno Santana como solista convidado e a Big Band do <a href=\"https:\/\/www.facebook.com\/people\/Orfe%C3%A3o-de-Leiria\/100069452151117\/\">Orfe\u00e3o de Leiria<\/a>, dirigida por Andr\u00e9 Rocha. Sob o mote <em>Miles Davis 100: A Century of Sound<\/em>, a proposta celebra a obra e o legado de Miles Davis atrav\u00e9s de uma abordagem contempor\u00e2nea para big band. O programa percorre diferentes fases est\u00e9ticas do m\u00fasico, evocando a sua capacidade de reinven\u00e7\u00e3o e a influ\u00eancia duradoura que exerce na hist\u00f3ria do jazz.<\/p>\n<p>M\/6.<\/p>\n<p><a href=\"https:\/\/www.teatrojlsilva.pt\/evento\/miles-davis-100-a-century-of-sound\/?fbclid=IwY2xjawRVjvNleHRuA2FlbQIxMQBzcnRjBmFwcF9pZBAyMjIwMzkxNzg4MjAwODkyAAEeoaQbbPRsyDc7XjM5YKunonTvPLDT_j5kJZx0RF0IlVXeih6JkyvXF8BONqU_aem_rI_C6Y2W7E7YjHTujrIMew\">More information<\/a> | <a href=\"https:\/\/www.facebook.com\/people\/Orfe%C3%A3o-de-Leiria\/100069452151117\/\">Facebook<\/a><\/p>\n<p>&nbsp;<\/p>\n<p><strong>\ud83d\udccd<\/strong><strong> Castelo Branco<br \/>\n<\/strong>\ud83d\udcc5 26 de abril | 18h00<br \/>\n\ud83d\udccc Cine-Teatro Avenida<\/p>\n<p><strong>An\u00f3nimos de Abril<\/strong><\/p>\n<p>Espet\u00e1culo musical integrado na programa\u00e7\u00e3o cultural de Castelo Branco, com m\u00fasicas de Rog\u00e9rio Charraz e letras de Jos\u00e9 Fialho Gouveia, em articula\u00e7\u00e3o com a <a href=\"https:\/\/www.facebook.com\/SinfoniettadeCasteloBranco\">Sinfonietta de Castelo Branco<\/a>, dirigida por Bruno C\u00e2ndido. A proposta homenageia mulheres e homens cuja coragem marcou a Revolu\u00e7\u00e3o e a Resist\u00eancia, mas que permaneceram nos rodap\u00e9s da Hist\u00f3ria. Com interpreta\u00e7\u00e3o de Rog\u00e9rio Charraz, Joana Alegre e Jos\u00e9 Fialho Gouveia, o espet\u00e1culo cruza can\u00e7\u00e3o, narra\u00e7\u00e3o e arranjos instrumentais numa evoca\u00e7\u00e3o da mem\u00f3ria coletiva e do esp\u00edrito do 25 de Abril.<\/p>\n<p>Entrada gratuita, mediante levantamento de bilhete. M\/06. Dura\u00e7\u00e3o aproximada: 90 minutos.<\/p>\n<p><a href=\"https:\/\/www.cm-castelobranco.pt\/municipe\/programacao-cultural\/detalhe-evento\/?id=22581\">More information<\/a> | <a href=\"https:\/\/www.facebook.com\/photo\/?fbid=940605942087152&amp;set=a.133765702771184\">Facebook<\/a><\/p>\n<p><strong>\ud83d\udccd<\/strong><strong> Manteigas<br \/>\n<\/strong>\ud83d\udcc5 26 de abril a 3 de maio<br \/>\n\ud83d\udccc V\u00e1rios locais<\/p>\n<p><strong>MANTA \u2014 Semana Cultural e da Primavera de Manteigas<\/strong><\/p>\n<p>Promovida pelo Munic\u00edpio de Manteigas, a MANTA regressa para a sua 5.\u00aa edi\u00e7\u00e3o com uma programa\u00e7\u00e3o cultural distribu\u00edda por v\u00e1rios dias e espa\u00e7os do concelho. A iniciativa cruza diferentes linguagens e p\u00fablicos, reunindo propostas de m\u00fasica, poesia, teatro, exposi\u00e7\u00f5es, oficinas e apresenta\u00e7\u00f5es de livros. A semana cultural afirma-se como uma proposta de valoriza\u00e7\u00e3o do territ\u00f3rio e de participa\u00e7\u00e3o comunit\u00e1ria na Serra da Estrela.<\/p>\n<p>Entrada livre.<\/p>\n<p><a href=\"https:\/\/www.facebook.com\/photo\/?fbid=948256281563612&amp;set=a.145754601813788\">Facebook<\/a> | <a href=\"https:\/\/www.instagram.com\/p\/DWpGZ3GDYxG\/\">Instagram<\/a><\/p>","protected":false},"excerpt":{"rendered":"<p>Conhe\u00e7a os eventos culturais e art\u00edsticos em destaque de 24 [&hellip;]<\/p>\n","protected":false},"author":1451,"featured_media":0,"comment_status":"closed","ping_status":"closed","sticky":false,"template":"","format":"standard","meta":{"_acf_changed":false,"_eb_attr":"","inline_featured_image":false,"iawp_total_views":1,"footnotes":""},"categories":[172],"tags":[],"class_list":["post-88900","post","type-post","status-publish","format-standard","hentry","category-sem-categoria"],"acf":[],"_links":{"self":[{"href":"https:\/\/www.ccdrc.pt\/en\/wp-json\/wp\/v2\/posts\/88900","targetHints":{"allow":["GET"]}}],"collection":[{"href":"https:\/\/www.ccdrc.pt\/en\/wp-json\/wp\/v2\/posts"}],"about":[{"href":"https:\/\/www.ccdrc.pt\/en\/wp-json\/wp\/v2\/types\/post"}],"author":[{"embeddable":true,"href":"https:\/\/www.ccdrc.pt\/en\/wp-json\/wp\/v2\/users\/1451"}],"replies":[{"embeddable":true,"href":"https:\/\/www.ccdrc.pt\/en\/wp-json\/wp\/v2\/comments?post=88900"}],"version-history":[{"count":1,"href":"https:\/\/www.ccdrc.pt\/en\/wp-json\/wp\/v2\/posts\/88900\/revisions"}],"predecessor-version":[{"id":88901,"href":"https:\/\/www.ccdrc.pt\/en\/wp-json\/wp\/v2\/posts\/88900\/revisions\/88901"}],"wp:attachment":[{"href":"https:\/\/www.ccdrc.pt\/en\/wp-json\/wp\/v2\/media?parent=88900"}],"wp:term":[{"taxonomy":"category","embeddable":true,"href":"https:\/\/www.ccdrc.pt\/en\/wp-json\/wp\/v2\/categories?post=88900"},{"taxonomy":"post_tag","embeddable":true,"href":"https:\/\/www.ccdrc.pt\/en\/wp-json\/wp\/v2\/tags?post=88900"}],"curies":[{"name":"wp","href":"https:\/\/api.w.org\/{rel}","templated":true}]}}