{"id":88796,"date":"2026-04-22T12:32:40","date_gmt":"2026-04-22T12:32:40","guid":{"rendered":"https:\/\/www.ccdrc.pt\/?p=88796"},"modified":"2026-04-27T12:43:51","modified_gmt":"2026-04-27T12:43:51","slug":"sessao-informativa-sobre-cadastro-predial","status":"publish","type":"post","link":"https:\/\/www.ccdrc.pt\/en\/sessao-informativa-sobre-cadastro-predial\/","title":{"rendered":"Sess\u00e3o informativa sobre Cadastro Predial"},"content":{"rendered":"<div class=\"fusion-fullwidth fullwidth-box fusion-builder-row-1 fusion-flex-container nonhundred-percent-fullwidth non-hundred-percent-height-scrolling\" style=\"--awb-border-radius-top-left:0px;--awb-border-radius-top-right:0px;--awb-border-radius-bottom-right:0px;--awb-border-radius-bottom-left:0px;\" ><div class=\"fusion-builder-row fusion-row fusion-flex-align-items-flex-start\" style=\"max-width:1288px;margin-left: calc(-0% \/ 2 );margin-right: calc(-0% \/ 2 );\"><div class=\"fusion-layout-column fusion_builder_column fusion-builder-column-0 fusion_builder_column_1_1 1_1 fusion-flex-column\" style=\"--awb-bg-size:cover;--awb-width-large:100%;--awb-margin-top-large:0px;--awb-spacing-right-large:0%;--awb-margin-bottom-large:0px;--awb-spacing-left-large:0%;--awb-width-medium:100%;--awb-spacing-right-medium:0%;--awb-spacing-left-medium:0%;--awb-width-small:100%;--awb-spacing-right-small:0%;--awb-spacing-left-small:0%;\"><div class=\"fusion-column-wrapper fusion-flex-justify-content-flex-start fusion-content-layout-column\"><div class=\"fusion-text fusion-text-1\"><div class=\"x_elementToProof\"><span data-olk-copy-source=\"MessageBody\">A Associa\u00e7\u00e3o dos Produtores de Azeite da Beira Interior( APABI), em colabora\u00e7\u00e3o com a CCDR Centro realizou, hoje, uma sess\u00e3o t\u00e9cnica dedicada ao tema \u201cCadastro Predial\u201d, a Escola Superior Agr\u00e1ria de Castelo Branco. Na sess\u00e3o, que contou com a presen\u00e7a do vice-presidente da CCDR Centro, Vasco Estrela, a Divis\u00e3o de Cartografia e Cadastro da CCDR Centro apresentou as oportunidades e desafios da Regi\u00e3o Centro na aplica\u00e7\u00e3o do atual regime jur\u00eddico de cadastro predial.<\/span><\/div>\n<div>&nbsp;<\/div>\n<div class=\"x_elementToProof\">O evento contou ainda com a participa\u00e7\u00e3o da Dire\u00e7\u00e3o-Geral do Territ\u00f3rio \u2013 Autoridade Nacional do Cadastro Predial, tendo sido uma oportunidade para a partilha de informa\u00e7\u00e3o e reflex\u00e3o sobre as novas din\u00e2micas introduzidas pelo atual regime jur\u00eddico do cadastro predial (Decreto-Lei n.\u00ba 72\/2023, de 23 de agosto), nas v\u00e1rias vertentes. Esta iniciativa teve como destinat\u00e1rios os agentes e as entidades promotoras das opera\u00e7\u00f5es de cadastro predial na Regi\u00e3o Centro, bem como os titulares cadastrais, visando apoiar a regulariza\u00e7\u00e3o predial do seu patrim\u00f3nio e das suas explora\u00e7\u00f5es.<\/div>\n<\/div><\/div><\/div><\/div><\/div>","protected":false},"excerpt":{"rendered":"","protected":false},"author":1460,"featured_media":88802,"comment_status":"closed","ping_status":"closed","sticky":false,"template":"","format":"standard","meta":{"_acf_changed":false,"_eb_attr":"","inline_featured_image":false,"iawp_total_views":24,"footnotes":""},"categories":[815],"tags":[],"class_list":["post-88796","post","type-post","status-publish","format-standard","has-post-thumbnail","hentry","category-agricultura-e-pescas"],"acf":[],"_links":{"self":[{"href":"https:\/\/www.ccdrc.pt\/en\/wp-json\/wp\/v2\/posts\/88796","targetHints":{"allow":["GET"]}}],"collection":[{"href":"https:\/\/www.ccdrc.pt\/en\/wp-json\/wp\/v2\/posts"}],"about":[{"href":"https:\/\/www.ccdrc.pt\/en\/wp-json\/wp\/v2\/types\/post"}],"author":[{"embeddable":true,"href":"https:\/\/www.ccdrc.pt\/en\/wp-json\/wp\/v2\/users\/1460"}],"replies":[{"embeddable":true,"href":"https:\/\/www.ccdrc.pt\/en\/wp-json\/wp\/v2\/comments?post=88796"}],"version-history":[{"count":2,"href":"https:\/\/www.ccdrc.pt\/en\/wp-json\/wp\/v2\/posts\/88796\/revisions"}],"predecessor-version":[{"id":88803,"href":"https:\/\/www.ccdrc.pt\/en\/wp-json\/wp\/v2\/posts\/88796\/revisions\/88803"}],"wp:featuredmedia":[{"embeddable":true,"href":"https:\/\/www.ccdrc.pt\/en\/wp-json\/wp\/v2\/media\/88802"}],"wp:attachment":[{"href":"https:\/\/www.ccdrc.pt\/en\/wp-json\/wp\/v2\/media?parent=88796"}],"wp:term":[{"taxonomy":"category","embeddable":true,"href":"https:\/\/www.ccdrc.pt\/en\/wp-json\/wp\/v2\/categories?post=88796"},{"taxonomy":"post_tag","embeddable":true,"href":"https:\/\/www.ccdrc.pt\/en\/wp-json\/wp\/v2\/tags?post=88796"}],"curies":[{"name":"wp","href":"https:\/\/api.w.org\/{rel}","templated":true}]}}