{"id":81632,"date":"2025-08-01T09:09:29","date_gmt":"2025-08-01T09:09:29","guid":{"rendered":"https:\/\/www.ccdrc.pt\/?p=81632"},"modified":"2025-08-07T09:15:47","modified_gmt":"2025-08-07T09:15:47","slug":"30-o-aniversario-do-mercado-abastecedor-de-coimbra","status":"publish","type":"post","link":"https:\/\/www.ccdrc.pt\/en\/30-o-aniversario-do-mercado-abastecedor-de-coimbra\/","title":{"rendered":"30.\u00ba Anivers\u00e1rio do Mercado Abastecedor de Coimbra"},"content":{"rendered":"<p>O Mercado Abastecedor de Coimbra (MAC) celebrou&nbsp; 30 anos de atividade ao servi\u00e7o da economia regional, numa cerim\u00f3nia que contou com a presen\u00e7a do Secret\u00e1rio de Estado do Turismo, Com\u00e9rcio e Servi\u00e7os, Pedro Machado e do Vice-Presidente da CCDR Centro, Vasco Estrela.<\/p>\n<p>Esta data marca tr\u00eas d\u00e9cadas de compromisso com a dinamiza\u00e7\u00e3o econ\u00f3mica da Regi\u00e3o Centro, assumindo-se o MAC como uma infraestrutura estrat\u00e9gica na valoriza\u00e7\u00e3o dos produtos locais e no apoio direto aos nossos produtores.<\/p>\n<p>O MAC tem desempenhado um papel fundamental no fortalecimento das cadeias de abastecimento, na promo\u00e7\u00e3o da sustentabilidade e na cria\u00e7\u00e3o de oportunidades para os agentes econ\u00f3micos da regi\u00e3o. Esta celebra\u00e7\u00e3o \u00e9 tamb\u00e9m um tributo a todos os que, diariamente, contribuem para que os produtos da nossa terra cheguem com qualidade aos consumidores.<\/p>\n<div class=\"wp-block-image\"><img decoding=\"async\" class=\"wpa-warning wpa-image-missing-alt alignnone size-medium wp-image-81634\" src=\"https:\/\/www.ccdrc.pt\/wp-content\/uploads\/2025\/08\/imagem1.jpg\" alt=\"\" width=\"900\" height=\"675\" data-warning=\"Missing alt text\" srcset=\"https:\/\/www.ccdrc.pt\/wp-content\/uploads\/2025\/08\/imagem1-16x12.jpg 16w, https:\/\/www.ccdrc.pt\/wp-content\/uploads\/2025\/08\/imagem1-200x150.jpg 200w, https:\/\/www.ccdrc.pt\/wp-content\/uploads\/2025\/08\/imagem1-400x300.jpg 400w, https:\/\/www.ccdrc.pt\/wp-content\/uploads\/2025\/08\/imagem1-500x375.jpg 500w, https:\/\/www.ccdrc.pt\/wp-content\/uploads\/2025\/08\/imagem1-600x450.jpg 600w, https:\/\/www.ccdrc.pt\/wp-content\/uploads\/2025\/08\/imagem1-700x525.jpg 700w, https:\/\/www.ccdrc.pt\/wp-content\/uploads\/2025\/08\/imagem1-768x576.jpg 768w, https:\/\/www.ccdrc.pt\/wp-content\/uploads\/2025\/08\/imagem1-800x600.jpg 800w, https:\/\/www.ccdrc.pt\/wp-content\/uploads\/2025\/08\/imagem1.jpg 900w\" sizes=\"(max-width: 900px) 100vw, 900px\" \/><\/div>\n<div class=\"wp-block-image\"><img decoding=\"async\" class=\"wpa-warning wpa-image-missing-alt alignnone size-medium wp-image-81635\" src=\"https:\/\/www.ccdrc.pt\/wp-content\/uploads\/2025\/08\/imagem3.jpg\" alt=\"\" width=\"900\" height=\"1200\" data-warning=\"Missing alt text\" srcset=\"https:\/\/www.ccdrc.pt\/wp-content\/uploads\/2025\/08\/imagem3-9x12.jpg 9w, https:\/\/www.ccdrc.pt\/wp-content\/uploads\/2025\/08\/imagem3-200x267.jpg 200w, https:\/\/www.ccdrc.pt\/wp-content\/uploads\/2025\/08\/imagem3-400x533.jpg 400w, https:\/\/www.ccdrc.pt\/wp-content\/uploads\/2025\/08\/imagem3-500x667.jpg 500w, https:\/\/www.ccdrc.pt\/wp-content\/uploads\/2025\/08\/imagem3-600x800.jpg 600w, https:\/\/www.ccdrc.pt\/wp-content\/uploads\/2025\/08\/imagem3-700x933.jpg 700w, https:\/\/www.ccdrc.pt\/wp-content\/uploads\/2025\/08\/imagem3-768x1024.jpg 768w, https:\/\/www.ccdrc.pt\/wp-content\/uploads\/2025\/08\/imagem3-800x1067.jpg 800w, https:\/\/www.ccdrc.pt\/wp-content\/uploads\/2025\/08\/imagem3.jpg 900w\" sizes=\"(max-width: 900px) 100vw, 900px\" \/><\/div>\n<div class=\"wp-block-image\"><img decoding=\"async\" class=\"wpa-warning wpa-image-missing-alt alignnone size-medium wp-image-81636\" src=\"https:\/\/www.ccdrc.pt\/wp-content\/uploads\/2025\/08\/imagem2.jpg\" alt=\"\" width=\"900\" height=\"675\" data-warning=\"Missing alt text\" srcset=\"https:\/\/www.ccdrc.pt\/wp-content\/uploads\/2025\/08\/imagem2-16x12.jpg 16w, https:\/\/www.ccdrc.pt\/wp-content\/uploads\/2025\/08\/imagem2-200x150.jpg 200w, https:\/\/www.ccdrc.pt\/wp-content\/uploads\/2025\/08\/imagem2-400x300.jpg 400w, https:\/\/www.ccdrc.pt\/wp-content\/uploads\/2025\/08\/imagem2-500x375.jpg 500w, https:\/\/www.ccdrc.pt\/wp-content\/uploads\/2025\/08\/imagem2-600x450.jpg 600w, https:\/\/www.ccdrc.pt\/wp-content\/uploads\/2025\/08\/imagem2-700x525.jpg 700w, https:\/\/www.ccdrc.pt\/wp-content\/uploads\/2025\/08\/imagem2-768x576.jpg 768w, https:\/\/www.ccdrc.pt\/wp-content\/uploads\/2025\/08\/imagem2-800x600.jpg 800w, https:\/\/www.ccdrc.pt\/wp-content\/uploads\/2025\/08\/imagem2.jpg 900w\" sizes=\"(max-width: 900px) 100vw, 900px\" \/><\/div>\n<p>&nbsp;<\/p>\n<p>&nbsp;<\/p>","protected":false},"excerpt":{"rendered":"<p>O Mercado Abastecedor de Coimbra (MAC) celebrou&nbsp; 30 anos de [&hellip;]<\/p>\n","protected":false},"author":1451,"featured_media":81633,"comment_status":"closed","ping_status":"closed","sticky":false,"template":"","format":"standard","meta":{"_acf_changed":false,"_eb_attr":"","inline_featured_image":false,"iawp_total_views":4,"footnotes":""},"categories":[763],"tags":[],"class_list":["post-81632","post","type-post","status-publish","format-standard","has-post-thumbnail","hentry","category-desenvolvimento-rural-agroalimentar-e-pescas"],"acf":[],"_links":{"self":[{"href":"https:\/\/www.ccdrc.pt\/en\/wp-json\/wp\/v2\/posts\/81632","targetHints":{"allow":["GET"]}}],"collection":[{"href":"https:\/\/www.ccdrc.pt\/en\/wp-json\/wp\/v2\/posts"}],"about":[{"href":"https:\/\/www.ccdrc.pt\/en\/wp-json\/wp\/v2\/types\/post"}],"author":[{"embeddable":true,"href":"https:\/\/www.ccdrc.pt\/en\/wp-json\/wp\/v2\/users\/1451"}],"replies":[{"embeddable":true,"href":"https:\/\/www.ccdrc.pt\/en\/wp-json\/wp\/v2\/comments?post=81632"}],"version-history":[{"count":1,"href":"https:\/\/www.ccdrc.pt\/en\/wp-json\/wp\/v2\/posts\/81632\/revisions"}],"predecessor-version":[{"id":81637,"href":"https:\/\/www.ccdrc.pt\/en\/wp-json\/wp\/v2\/posts\/81632\/revisions\/81637"}],"wp:featuredmedia":[{"embeddable":true,"href":"https:\/\/www.ccdrc.pt\/en\/wp-json\/wp\/v2\/media\/81633"}],"wp:attachment":[{"href":"https:\/\/www.ccdrc.pt\/en\/wp-json\/wp\/v2\/media?parent=81632"}],"wp:term":[{"taxonomy":"category","embeddable":true,"href":"https:\/\/www.ccdrc.pt\/en\/wp-json\/wp\/v2\/categories?post=81632"},{"taxonomy":"post_tag","embeddable":true,"href":"https:\/\/www.ccdrc.pt\/en\/wp-json\/wp\/v2\/tags?post=81632"}],"curies":[{"name":"wp","href":"https:\/\/api.w.org\/{rel}","templated":true}]}}