{"id":75174,"date":"2025-04-09T08:00:49","date_gmt":"2025-04-09T08:00:49","guid":{"rendered":"https:\/\/www.ccdrc.pt\/?p=75174"},"modified":"2026-04-14T09:29:23","modified_gmt":"2026-04-14T09:29:23","slug":"candidaturas-abertas-a-6-a-edicao-da-iniciativa-empreendedor-50-da-regiao-centro","status":"publish","type":"post","link":"https:\/\/www.ccdrc.pt\/en\/candidaturas-abertas-a-6-a-edicao-da-iniciativa-empreendedor-50-da-regiao-centro\/","title":{"rendered":"Candidaturas abertas \u00e0 6.\u00aa edi\u00e7\u00e3o da iniciativa Empreendedor 50+ da Regi\u00e3o Centro"},"content":{"rendered":"<div class=\"fusion-fullwidth fullwidth-box fusion-builder-row-1 fusion-flex-container has-pattern-background has-mask-background nonhundred-percent-fullwidth non-hundred-percent-height-scrolling\" style=\"--awb-border-radius-top-left:0px;--awb-border-radius-top-right:0px;--awb-border-radius-bottom-right:0px;--awb-border-radius-bottom-left:0px;\" ><div class=\"fusion-builder-row fusion-row fusion-flex-align-items-flex-start\" style=\"max-width:1288px;margin-left: calc(-0% \/ 2 );margin-right: calc(-0% \/ 2 );\"><div class=\"fusion-layout-column fusion_builder_column fusion-builder-column-0 fusion_builder_column_1_1 1_1 fusion-flex-column\" style=\"--awb-bg-size:cover;--awb-width-large:100%;--awb-margin-top-large:0px;--awb-spacing-right-large:0%;--awb-margin-bottom-large:0px;--awb-spacing-left-large:0%;--awb-width-medium:100%;--awb-order-medium:0;--awb-spacing-right-medium:0%;--awb-spacing-left-medium:0%;--awb-width-small:100%;--awb-order-small:0;--awb-spacing-right-small:0%;--awb-spacing-left-small:0%;\"><div class=\"fusion-column-wrapper fusion-column-has-shadow fusion-flex-justify-content-flex-start fusion-content-layout-column\"><div class=\"fusion-text fusion-text-1\"><p>Encontra-se a decorrer, entre 9 e 30 de abril, o per\u00edodo de candidaturas \u00e0 6.\u00aa edi\u00e7\u00e3o da iniciativa Empreendedor 50+ da Regi\u00e3o Centro, promovida pela CCDR Centro.<br \/>\nEsta distin\u00e7\u00e3o visa reconhecer empreendedoras e empreendedores que tenham iniciado a sua primeira atividade empresarial com 50 ou mais anos na regi\u00e3o.<\/p>\n<p>As candidaturas devem ser apresentadas pelas seguintes entidades parceiras da iniciativa:<\/p>\n<p><strong>Associa\u00e7\u00f5es Empresariais:<\/strong><br \/>\n<a href=\"https:\/\/www.aebb.pt\/\" target=\"_blank\" rel=\"noopener\">AEBB \u2013 Associa\u00e7\u00e3o Empresarial da Beira Baixa<\/a><br \/>\n<a href=\"https:\/\/aida.pt\/\" target=\"_blank\" rel=\"noopener\">AIDA \u2013 Associa\u00e7\u00e3o Industrial do Distrito de Aveiro<\/a><br \/>\n<a href=\"http:\/\/www.airo.pt\/\" target=\"_blank\" rel=\"noopener\">AIRO \u2013 Associa\u00e7\u00e3o Empresarial da Regi\u00e3o do Oeste<\/a><br \/>\n<a href=\"https:\/\/airv.pt\/\" target=\"_blank\" rel=\"noopener\">AIRV \u2013 Associa\u00e7\u00e3o Empresarial da Regi\u00e3o de Viseu<\/a><br \/>\n<a href=\"https:\/\/cec.org.pt\/\" target=\"_blank\" rel=\"noopener\">CEC \u2013 Conselho Empresarial do Centro\/CCIC \u2013 C\u00e2mara de Com\u00e9rcio e Ind\u00fastria do Centro<\/a><br \/>\n<a href=\"https:\/\/nerga.pt\/\" target=\"_blank\" rel=\"noopener\">NERGA \u2013 Associa\u00e7\u00e3o Empresarial da Regi\u00e3o da Guarda<\/a><br \/>\n<a href=\"https:\/\/www.nerlei.pt\/\" target=\"_blank\" rel=\"noopener\">NERLEI \u2013 Associa\u00e7\u00e3o Empresarial da Regi\u00e3o de Leiria<\/a><br \/>\n<a href=\"https:\/\/www.nersant.pt\/\" target=\"_blank\" rel=\"noopener\">NERSANT \u2013 Associa\u00e7\u00e3o Empresarial da Regi\u00e3o de Santar\u00e9m<\/a><\/p>\n<p><strong>Comunidades Intermunicipais (CIM):\u2002<\/strong><br \/>\n<a href=\"https:\/\/www.cimbb.pt\/\" target=\"_blank\" rel=\"noopener\">CIM da Beira Baixa<\/a><br \/>\n<a href=\"https:\/\/www.regiaodeaveiro.pt\/\" target=\"_blank\" rel=\"noopener\">CIM da Regi\u00e3o de Aveiro<\/a><br \/>\n<a href=\"https:\/\/www.cim-regiaodecoimbra.pt\/\" target=\"_blank\" rel=\"noopener\">CIM da Regi\u00e3o de Coimbra<\/a><br \/>\n<a href=\"https:\/\/cimregiaodeleiria.pt\/\" target=\"_blank\" rel=\"noopener\">CIM da Regi\u00e3o de Leiria<\/a><br \/>\n<a href=\"https:\/\/cimbse.pt\/\" target=\"_blank\" rel=\"noopener\">CIM das Beiras e Serra da Estrela<\/a><br \/>\n<a href=\"https:\/\/mediotejo.pt\/\" target=\"_blank\" rel=\"noopener\">CIM do M\u00e9dio Tejo<\/a><br \/>\n<a href=\"https:\/\/www.oestecim.pt\/\" target=\"_blank\" rel=\"noopener\">CIM do Oeste<\/a><br \/>\n<a href=\"https:\/\/www.cimvdl.pt\/\" target=\"_blank\" rel=\"noopener\">CIM Viseu D\u00e3o Laf\u00f5es<\/a><\/p>\n<p><strong>Parques de Ci\u00eancia e Inova\u00e7\u00e3o:\u2002\u2002<\/strong><br \/>\n<a href=\"https:\/\/www.biocant.pt\/\" target=\"_blank\" rel=\"noopener\">Biocant Park<\/a><br \/>\n<a href=\"https:\/\/www.coimbraiparque.pt\/\" target=\"_blank\" rel=\"noopener\">Coimbra iParque<\/a><br \/>\n<a href=\"https:\/\/www.ipn.pt\/\" target=\"_blank\" rel=\"noopener\">Instituto Pedro Nunes (IPN)<\/a><br \/>\n<a href=\"https:\/\/www.parkurbis.pt\/\" target=\"_blank\" rel=\"noopener\">Parkurbis &#8211; Parque de Ci\u00eancia e Tecnologia da Covilh\u00e3<\/a><br \/>\n<a href=\"http:\/\/www.pci.pt\/\" target=\"_blank\" rel=\"noopener\">PCI \u00b7 Creative Science Park Aveiro Region<\/a><\/p>\n<p><strong>Outros Parceiros:<\/strong><br \/>\n<a href=\"https:\/\/www.iefp.pt\/delegacao-centro\" target=\"_blank\" rel=\"noopener\">IEFP \u2013 Delega\u00e7\u00e3o Regional do Centro<\/a><br \/>\n<a href=\"https:\/\/inovacaosocial.portugal2020.pt\/\" target=\"_blank\" rel=\"noopener\">Portugal Inova\u00e7\u00e3o Social<\/a><br \/>\n<a href=\"https:\/\/turismodocentro.pt\/\" target=\"_blank\" rel=\"noopener\">Turismo Centro de Portugal<\/a><\/p>\n<p>Conhece algu\u00e9m que se enquadre nestas condi\u00e7\u00f5es? Contacte uma das entidades parceiras e ajude-nos a dar visibilidade a hist\u00f3rias inspiradoras de empreendedorismo s\u00e9nior!<\/p>\n<p><span data-olk-copy-source=\"MessageBody\">Consulte mais informa\u00e7\u00f5es sobre a iniciativa <a href=\"https:\/\/www.ccdrc.pt\/wp-content\/uploads\/2025\/04\/Empreendedor-50.pdf\">here<\/a>.<\/span><\/p>\n<p>&nbsp;<\/p>\n<div class=\"wp-block-image\"><img decoding=\"async\" class=\"wpa-warning wpa-image-missing-alt alignnone wp-image-75187 size-fusion-800\" src=\"https:\/\/www.ccdrc.pt\/wp-content\/uploads\/2025\/04\/Iniciativa_Empreendedor50_2024-800x1131.jpg\" alt=\"\" width=\"800\" height=\"1131\" data-warning=\"Missing alt text\" srcset=\"https:\/\/www.ccdrc.pt\/wp-content\/uploads\/2025\/04\/Iniciativa_Empreendedor50_2024-8x12.jpg 8w, https:\/\/www.ccdrc.pt\/wp-content\/uploads\/2025\/04\/Iniciativa_Empreendedor50_2024-200x283.jpg 200w, https:\/\/www.ccdrc.pt\/wp-content\/uploads\/2025\/04\/Iniciativa_Empreendedor50_2024-400x566.jpg 400w, https:\/\/www.ccdrc.pt\/wp-content\/uploads\/2025\/04\/Iniciativa_Empreendedor50_2024-500x707.jpg 500w, https:\/\/www.ccdrc.pt\/wp-content\/uploads\/2025\/04\/Iniciativa_Empreendedor50_2024-600x848.jpg 600w, https:\/\/www.ccdrc.pt\/wp-content\/uploads\/2025\/04\/Iniciativa_Empreendedor50_2024-700x990.jpg 700w, https:\/\/www.ccdrc.pt\/wp-content\/uploads\/2025\/04\/Iniciativa_Empreendedor50_2024-768x1086.jpg 768w, https:\/\/www.ccdrc.pt\/wp-content\/uploads\/2025\/04\/Iniciativa_Empreendedor50_2024-800x1131.jpg 800w, https:\/\/www.ccdrc.pt\/wp-content\/uploads\/2025\/04\/Iniciativa_Empreendedor50_2024-1086x1536.jpg 1086w, https:\/\/www.ccdrc.pt\/wp-content\/uploads\/2025\/04\/Iniciativa_Empreendedor50_2024-1200x1697.jpg 1200w, https:\/\/www.ccdrc.pt\/wp-content\/uploads\/2025\/04\/Iniciativa_Empreendedor50_2024-1448x2048.jpg 1448w, https:\/\/www.ccdrc.pt\/wp-content\/uploads\/2025\/04\/Iniciativa_Empreendedor50_2024-scaled.jpg 1810w\" sizes=\"(max-width: 800px) 100vw, 800px\" \/><\/div>\n<\/div><\/div><\/div><\/div><\/div>","protected":false},"excerpt":{"rendered":"","protected":false},"author":1,"featured_media":75175,"comment_status":"closed","ping_status":"closed","sticky":false,"template":"","format":"standard","meta":{"_acf_changed":false,"_eb_attr":"","inline_featured_image":false,"iawp_total_views":14,"footnotes":""},"categories":[212],"tags":[910,912,911],"class_list":["post-75174","post","type-post","status-publish","format-standard","has-post-thumbnail","hentry","category-desenvolvimento-regional","tag-empreendedor-50","tag-empreendedorismo-senior","tag-historias-inspiradoras"],"acf":[],"_links":{"self":[{"href":"https:\/\/www.ccdrc.pt\/en\/wp-json\/wp\/v2\/posts\/75174","targetHints":{"allow":["GET"]}}],"collection":[{"href":"https:\/\/www.ccdrc.pt\/en\/wp-json\/wp\/v2\/posts"}],"about":[{"href":"https:\/\/www.ccdrc.pt\/en\/wp-json\/wp\/v2\/types\/post"}],"author":[{"embeddable":true,"href":"https:\/\/www.ccdrc.pt\/en\/wp-json\/wp\/v2\/users\/1"}],"replies":[{"embeddable":true,"href":"https:\/\/www.ccdrc.pt\/en\/wp-json\/wp\/v2\/comments?post=75174"}],"version-history":[{"count":4,"href":"https:\/\/www.ccdrc.pt\/en\/wp-json\/wp\/v2\/posts\/75174\/revisions"}],"predecessor-version":[{"id":76116,"href":"https:\/\/www.ccdrc.pt\/en\/wp-json\/wp\/v2\/posts\/75174\/revisions\/76116"}],"wp:featuredmedia":[{"embeddable":true,"href":"https:\/\/www.ccdrc.pt\/en\/wp-json\/wp\/v2\/media\/75175"}],"wp:attachment":[{"href":"https:\/\/www.ccdrc.pt\/en\/wp-json\/wp\/v2\/media?parent=75174"}],"wp:term":[{"taxonomy":"category","embeddable":true,"href":"https:\/\/www.ccdrc.pt\/en\/wp-json\/wp\/v2\/categories?post=75174"},{"taxonomy":"post_tag","embeddable":true,"href":"https:\/\/www.ccdrc.pt\/en\/wp-json\/wp\/v2\/tags?post=75174"}],"curies":[{"name":"wp","href":"https:\/\/api.w.org\/{rel}","templated":true}]}}