{"id":19393,"date":"2019-06-24T15:36:29","date_gmt":"2019-06-24T15:36:29","guid":{"rendered":"http:\/\/www.ccdrc.pt\/criacao-de-novas-empresas-aumenta-26-4-no-primeiro-trimestre-de-2019\/"},"modified":"2023-06-26T09:31:20","modified_gmt":"2023-06-26T09:31:20","slug":"criacao-de-novas-empresas-aumenta-26-4-no-primeiro-trimestre-de-2019","status":"publish","type":"post","link":"https:\/\/www.ccdrc.pt\/en\/criacao-de-novas-empresas-aumenta-26-4-no-primeiro-trimestre-de-2019\/","title":{"rendered":"Cria\u00e7\u00e3o de novas empresas aumenta 26,4% no primeiro trimestre de 2019"},"content":{"rendered":"<p><img decoding=\"async\" class=\"size-full wp-image-19390\" style=\"display: block; margin-left: auto; margin-right: auto;\" src=\"http:\/\/www.ccdrc.pt\/wp-content\/uploads\/2019\/06\/Banner_Portal_Boletim_Trimestral_1T2019-d1c.jpg\" alt=\"\" width=\"650\" srcset=\"https:\/\/www.ccdrc.pt\/wp-content\/uploads\/2019\/06\/Banner_Portal_Boletim_Trimestral_1T2019-d1c-200x84.jpg 200w, https:\/\/www.ccdrc.pt\/wp-content\/uploads\/2019\/06\/Banner_Portal_Boletim_Trimestral_1T2019-d1c-400x169.jpg 400w, https:\/\/www.ccdrc.pt\/wp-content\/uploads\/2019\/06\/Banner_Portal_Boletim_Trimestral_1T2019-d1c-500x211.jpg 500w, https:\/\/www.ccdrc.pt\/wp-content\/uploads\/2019\/06\/Banner_Portal_Boletim_Trimestral_1T2019-d1c-600x253.jpg 600w, https:\/\/www.ccdrc.pt\/wp-content\/uploads\/2019\/06\/Banner_Portal_Boletim_Trimestral_1T2019-d1c-700x295.jpg 700w, https:\/\/www.ccdrc.pt\/wp-content\/uploads\/2019\/06\/Banner_Portal_Boletim_Trimestral_1T2019-d1c-768x324.jpg 768w, https:\/\/www.ccdrc.pt\/wp-content\/uploads\/2019\/06\/Banner_Portal_Boletim_Trimestral_1T2019-d1c-800x337.jpg 800w, https:\/\/www.ccdrc.pt\/wp-content\/uploads\/2019\/06\/Banner_Portal_Boletim_Trimestral_1T2019-d1c.jpg 920w\" sizes=\"(max-width: 920px) 100vw, 920px\" \/><\/p>\n<p style=\"text-align: justify;\"><strong><span style=\"color: #cc6d08;\">No primeiro trimestre de 2019, assistiu-se ao significativo aumento da constitui\u00e7\u00e3o de empresas e \u00e0 redu\u00e7\u00e3o das insolv\u00eancias. A constru\u00e7\u00e3o continuou a apresentar uma evolu\u00e7\u00e3o muito positiva, bem como o mercado de trabalho. Estas s\u00e3o algumas das conclus\u00f5es do n.\u00ba 42 do \u201cCentro de Portugal \u2013 Boletim Trimestral\u201d, publica\u00e7\u00e3o que analisa a evolu\u00e7\u00e3o conjuntural da Regi\u00e3o Centro.\u00a0<\/span> <\/strong><\/p>\n<p style=\"text-align: justify;\">No primeiro trimestre de 2019, o Produto Interno Bruto registou um aumento hom\u00f3logo real de 1,8%, reflexo do contributo positivo da procura interna e negativo da procura externa l\u00edquida. A taxa de desemprego nacional subiu ligeiramente para os 6,8%. O n\u00edvel de pre\u00e7os aumentou 0,8% face ao trimestre hom\u00f3logo. A confian\u00e7a dos consumidores continuou a diminuir, enquanto o indicador de clima econ\u00f3mico voltou a aumentar.<\/p>\n<p style=\"text-align: justify;\">Relativamente \u00e0 Regi\u00e3o Centro, no mercado de trabalho, neste trimestre, continuou a assistir-se a uma redu\u00e7\u00e3o do desemprego e a um aumento do emprego. Tamb\u00e9m a taxa de atividade cresceu ligeiramente, em termos hom\u00f3logos. J\u00e1 o sal\u00e1rio m\u00e9dio l\u00edquido mensal dos trabalhadores por conta de outrem superou o registado no trimestre hom\u00f3logo.<\/p>\n<p style=\"text-align: justify;\">No setor empresarial da Regi\u00e3o Centro, face ao per\u00edodo hom\u00f3logo, assistiu-se a um aumento significativo das empresas constitu\u00eddas e a uma redu\u00e7\u00e3o das a\u00e7\u00f5es de insolv\u00eancia. O peso do cr\u00e9dito vencido no total do cr\u00e9dito concedido continuou a diminuir, registando o valor mais baixo dos \u00faltimos sete anos. O setor da constru\u00e7\u00e3o apresentou uma evolu\u00e7\u00e3o positiva, evidenciada pelos crescimentos hom\u00f3logos em todos os indicadores regionais do licenciamento. Os edif\u00edcios conclu\u00eddos na regi\u00e3o tamb\u00e9m aumentaram, apesar do contributo negativo dos novos fogos para habita\u00e7\u00e3o familiar.<\/p>\n<p style=\"text-align: justify;\">A atividade tur\u00edstica regional mostrou alguns sinais de melhoria, evidenciada pelos crescimentos hom\u00f3logos nos h\u00f3spedes e nos proveitos dos estabelecimentos de alojamento tur\u00edstico.\u00a0 Nas rela\u00e7\u00f5es comerciais da regi\u00e3o com o mercado externo assistiu-se a um crescimento das sa\u00eddas e das entradas de bens em termos hom\u00f3logos reais. Relativamente ao consumo privado regional, quase todos os indicadores apresentaram, neste trimestre, evolu\u00e7\u00f5es positivas. J\u00e1 a taxa de infla\u00e7\u00e3o regional aumentou 0,9% face a igual per\u00edodo do ano anterior.<\/p>\n<p><img decoding=\"async\" class=\"size-full wp-image-19391\" style=\"display: block; margin-left: auto; margin-right: auto;\" src=\"http:\/\/www.ccdrc.pt\/wp-content\/uploads\/2019\/06\/Portal_Quadro_Conjuntura-631.jpg\" alt=\"\" width=\"650\" height=\"299\" srcset=\"https:\/\/www.ccdrc.pt\/wp-content\/uploads\/2019\/06\/Portal_Quadro_Conjuntura-631-200x92.jpg 200w, https:\/\/www.ccdrc.pt\/wp-content\/uploads\/2019\/06\/Portal_Quadro_Conjuntura-631-400x184.jpg 400w, https:\/\/www.ccdrc.pt\/wp-content\/uploads\/2019\/06\/Portal_Quadro_Conjuntura-631-500x230.jpg 500w, https:\/\/www.ccdrc.pt\/wp-content\/uploads\/2019\/06\/Portal_Quadro_Conjuntura-631-600x276.jpg 600w, https:\/\/www.ccdrc.pt\/wp-content\/uploads\/2019\/06\/Portal_Quadro_Conjuntura-631.jpg 650w\" sizes=\"(max-width: 650px) 100vw, 650px\" \/><\/p>\n<p style=\"text-align: justify;\">No PORTUGAL 2020, at\u00e9 31 de mar\u00e7o de 2019, estavam aprovados 5,2 mil milh\u00f5es de euros de fundos europeus para apoiar 7,8 mil milh\u00f5es de euros de investimentos na Regi\u00e3o Centro. O COMPETE 2020 mantinha-se como o programa operacional com mais relev\u00e2ncia na regi\u00e3o e o FEDER o fundo que cofinanciou a maioria dos apoios aprovados.<\/p>\n<p><strong>Distribui\u00e7\u00e3o do fundo europeu aprovado no PORTUGAL 2020, na Regi\u00e3o Centro, por programa operacional (31 de mar\u00e7o de 2019)<\/strong><br \/><img decoding=\"async\" class=\"size-full wp-image-19392\" style=\"display: block; margin-left: auto; margin-right: auto;\" src=\"http:\/\/www.ccdrc.pt\/wp-content\/uploads\/2019\/06\/Portal_Grafico_PT2020-24c.jpg\" alt=\"\" width=\"650\" height=\"542\" srcset=\"https:\/\/www.ccdrc.pt\/wp-content\/uploads\/2019\/06\/Portal_Grafico_PT2020-24c-200x167.jpg 200w, https:\/\/www.ccdrc.pt\/wp-content\/uploads\/2019\/06\/Portal_Grafico_PT2020-24c-400x334.jpg 400w, https:\/\/www.ccdrc.pt\/wp-content\/uploads\/2019\/06\/Portal_Grafico_PT2020-24c-500x417.jpg 500w, https:\/\/www.ccdrc.pt\/wp-content\/uploads\/2019\/06\/Portal_Grafico_PT2020-24c-600x500.jpg 600w, https:\/\/www.ccdrc.pt\/wp-content\/uploads\/2019\/06\/Portal_Grafico_PT2020-24c.jpg 650w\" sizes=\"(max-width: 650px) 100vw, 650px\" \/>Consulte aqui a vers\u00e3o integral do\u00a0<a class=\"doclink\" href=\"http:\/\/www.ccdrc.pt\/wp-content\/uploads\/2019\/06\/Centro-de-Portugal-Boletim-Trimestral-n42_v2-99d.pdf\"> \u201cCentro de Portugal \u2013 Boletim Trimestral n.\u00ba 42\u201d<\/a>.<\/p>","protected":false},"excerpt":{"rendered":"<p>No primeiro trimestre de 2019, assistiu-se ao significativo aumento da [&hellip;]<\/p>\n","protected":false},"author":1,"featured_media":19390,"comment_status":"open","ping_status":"open","sticky":false,"template":"","format":"standard","meta":{"_acf_changed":false,"_eb_attr":"","inline_featured_image":false,"iawp_total_views":0,"footnotes":""},"categories":[307],"tags":[],"class_list":["post-19393","post","type-post","status-publish","format-standard","has-post-thumbnail","hentry","category-informacao"],"acf":[],"_links":{"self":[{"href":"https:\/\/www.ccdrc.pt\/en\/wp-json\/wp\/v2\/posts\/19393","targetHints":{"allow":["GET"]}}],"collection":[{"href":"https:\/\/www.ccdrc.pt\/en\/wp-json\/wp\/v2\/posts"}],"about":[{"href":"https:\/\/www.ccdrc.pt\/en\/wp-json\/wp\/v2\/types\/post"}],"author":[{"embeddable":true,"href":"https:\/\/www.ccdrc.pt\/en\/wp-json\/wp\/v2\/users\/1"}],"replies":[{"embeddable":true,"href":"https:\/\/www.ccdrc.pt\/en\/wp-json\/wp\/v2\/comments?post=19393"}],"version-history":[{"count":1,"href":"https:\/\/www.ccdrc.pt\/en\/wp-json\/wp\/v2\/posts\/19393\/revisions"}],"predecessor-version":[{"id":28863,"href":"https:\/\/www.ccdrc.pt\/en\/wp-json\/wp\/v2\/posts\/19393\/revisions\/28863"}],"wp:featuredmedia":[{"embeddable":true,"href":"https:\/\/www.ccdrc.pt\/en\/wp-json\/wp\/v2\/media\/19390"}],"wp:attachment":[{"href":"https:\/\/www.ccdrc.pt\/en\/wp-json\/wp\/v2\/media?parent=19393"}],"wp:term":[{"taxonomy":"category","embeddable":true,"href":"https:\/\/www.ccdrc.pt\/en\/wp-json\/wp\/v2\/categories?post=19393"},{"taxonomy":"post_tag","embeddable":true,"href":"https:\/\/www.ccdrc.pt\/en\/wp-json\/wp\/v2\/tags?post=19393"}],"curies":[{"name":"wp","href":"https:\/\/api.w.org\/{rel}","templated":true}]}}