{"id":19063,"date":"2018-02-21T10:32:23","date_gmt":"2018-02-21T10:32:23","guid":{"rendered":"http:\/\/www.ccdrc.pt\/acao-de-formacao-utilizadores-da-plataforma-colaborativa-de-gestao-territorial\/"},"modified":"2018-02-21T10:32:23","modified_gmt":"2018-02-21T10:32:23","slug":"acao-de-formacao-utilizadores-da-plataforma-colaborativa-de-gestao-territorial","status":"publish","type":"post","link":"https:\/\/www.ccdrc.pt\/en\/acao-de-formacao-utilizadores-da-plataforma-colaborativa-de-gestao-territorial\/","title":{"rendered":"A\u00e7\u00e3o de forma\u00e7\u00e3o \u201cUtilizadores da Plataforma Colaborativa de Gest\u00e3o Territorial\u201d"},"content":{"rendered":"<p><img decoding=\"async\" class=\"size-full wp-image-19061\" style=\"display: block; margin-left: auto; margin-right: auto;\" src=\"http:\/\/www.ccdrc.pt\/wp-content\/uploads\/2018\/02\/PCGT2_dentro-f9a.png\" alt=\"\" width=\"650\" height=\"219\" srcset=\"https:\/\/www.ccdrc.pt\/wp-content\/uploads\/2018\/02\/PCGT2_dentro-f9a-200x67.png 200w, https:\/\/www.ccdrc.pt\/wp-content\/uploads\/2018\/02\/PCGT2_dentro-f9a-400x135.png 400w, https:\/\/www.ccdrc.pt\/wp-content\/uploads\/2018\/02\/PCGT2_dentro-f9a-500x168.png 500w, https:\/\/www.ccdrc.pt\/wp-content\/uploads\/2018\/02\/PCGT2_dentro-f9a-600x202.png 600w, https:\/\/www.ccdrc.pt\/wp-content\/uploads\/2018\/02\/PCGT2_dentro-f9a.png 650w\" sizes=\"(max-width: 650px) 100vw, 650px\" \/><\/p>\n<p style=\"text-align: justify;\">No \u00e2mbito da operacionaliza\u00e7\u00e3o da Plataforma Colaborativa de Gest\u00e3o Territorial (PCGT), que se iniciou a partir de 01-07-2017, a Dire\u00e7\u00e3o-Geral do Territ\u00f3rio (DGT), em associa\u00e7\u00e3o com a Comiss\u00e3o de Coordena\u00e7\u00e3o e Desenvolvimento Regional do Centro (CCDRC), promove no dia 9 de mar\u00e7o, em Coimbra, a a\u00e7\u00e3o de forma\u00e7\u00e3o \u201cUtilizadores da Plataforma Colaborativa de Gest\u00e3o Territorial\u201d. Esta forma\u00e7\u00e3o pretende capacitar os seus utilizadores para as funcionalidades dispon\u00edveis, segundo os v\u00e1rios perfis, e agilizar a utiliza\u00e7\u00e3o generalizada desta plataforma nos processos de desenvolvimento dos Instrumentos de Gest\u00e3o Territorial (IGT).<\/p>\n<p style=\"text-align: justify;\">\u00a0<\/p>\n<h4 style=\"text-align: justify;\"><span style=\"color: #705141;\"><strong>Data e hora:<\/strong><\/span><\/h4>\n<p style=\"text-align: justify;\">09 de mar\u00e7o de 2018 (6.\u00aa feira) 10h00\u201313h30<\/p>\n<p style=\"text-align: justify;\">\u00a0<\/p>\n<h4 style=\"text-align: justify;\"><span style=\"color: #705141;\"><strong>Local:<\/strong><\/span><\/h4>\n<p style=\"text-align: justify;\">CCDRC \u2013 Audit\u00f3rio da Comiss\u00e3o de Coordena\u00e7\u00e3o e Desenvolvimento Regional do Centro<\/p>\n<p style=\"text-align: justify;\">Rua Bernardim Ribeiro, 80, 3030-069 Coimbra<\/p>\n<p style=\"text-align: justify;\">\u00a0<\/p>\n<h4 style=\"text-align: justify;\"><span style=\"color: #705141;\"><strong>Destinat\u00e1rios:<\/strong><\/span><\/h4>\n<p style=\"text-align: justify;\">Os utilizadores da PCGT: t\u00e9cnicos dos Munic\u00edpios; t\u00e9cnicos da CCDRC; t\u00e9cnicos dos servi\u00e7os centrais e desconcentrados envolvidos nos processos de forma\u00e7\u00e3o de Instrumentos de Gest\u00e3o Territorial.<\/p>\n<p style=\"text-align: justify;\">\u00a0<\/p>\n<h4 style=\"text-align: justify;\"><span style=\"color: #705141;\"><strong>Programa:<\/strong><\/span><\/h4>\n<p>10h00 &#8211; 11h45:\u00a0\u00a0 \u00a0Apresenta\u00e7\u00e3o da PCGT e demonstra\u00e7\u00e3o da sua utiliza\u00e7\u00e3o<\/p>\n<p>11h45 &#8211; 12h00:\u00a0\u00a0\u00a0 <em>coffee break<\/em><\/p>\n<p>12h00 &#8211; 12h30:\u00a0\u00a0 \u00a0Continua\u00e7\u00e3o da Apresenta\u00e7\u00e3o<\/p>\n<p>12h30 &#8211; 13h30:\u00a0\u00a0 \u00a0Esclarecimento de d\u00favidas em casos pr\u00e1ticos (os participantes devem trazer as suas credenciais de acesso \u00e0 plataforma).<\/p>\n<p style=\"text-align: justify;\">\u00a0<\/p>\n<h4 style=\"text-align: justify;\"><span style=\"color: #705141;\"><strong>Documenta\u00e7\u00e3o:<\/strong><\/span><\/h4>\n<p style=\"text-align: justify;\">Manual do Utilizador:\u00a0 dispon\u00edvel na PCGT da Dire\u00e7\u00e3o-Geral do Territ\u00f3rio <span style=\"color: #3366ff;\"><a style=\"color: #3366ff;\" href=\"http:\/\/pcgt.dgterritorio.pt\/\" target=\"_blank\" rel=\"alternate noopener\">http:\/\/pcgt.dgterritorio.pt\/<\/a> <\/span><\/p>\n<p style=\"text-align: justify;\">A participa\u00e7\u00e3o \u00e9 gratuita, limitada \u00e0 capacidade do Audit\u00f3rio.<\/p>\n<p><span style=\"color: #301f1f;\"><img decoding=\"async\" class=\"pull-right size-full wp-image-19062\" style=\"display: block; margin-left: auto; margin-right: auto;\" src=\"http:\/\/www.ccdrc.pt\/wp-content\/uploads\/2018\/02\/logos_acaoDTCN-5a0.PNG\" alt=\"\" width=\"290\" height=\"94\" srcset=\"https:\/\/www.ccdrc.pt\/wp-content\/uploads\/2018\/02\/logos_acaoDTCN-5a0-200x65.png 200w, https:\/\/www.ccdrc.pt\/wp-content\/uploads\/2018\/02\/logos_acaoDTCN-5a0.PNG 290w\" sizes=\"(max-width: 290px) 100vw, 290px\" \/>\u00a0\u00a0 <\/span><\/p>","protected":false},"excerpt":{"rendered":"<p>No \u00e2mbito da operacionaliza\u00e7\u00e3o da Plataforma Colaborativa de Gest\u00e3o Territorial [&hellip;]<\/p>\n","protected":false},"author":1,"featured_media":19061,"comment_status":"open","ping_status":"open","sticky":false,"template":"","format":"standard","meta":{"_acf_changed":false,"_eb_attr":"","inline_featured_image":false,"iawp_total_views":5,"footnotes":""},"categories":[307],"tags":[],"class_list":["post-19063","post","type-post","status-publish","format-standard","has-post-thumbnail","hentry","category-informacao"],"acf":[],"_links":{"self":[{"href":"https:\/\/www.ccdrc.pt\/en\/wp-json\/wp\/v2\/posts\/19063","targetHints":{"allow":["GET"]}}],"collection":[{"href":"https:\/\/www.ccdrc.pt\/en\/wp-json\/wp\/v2\/posts"}],"about":[{"href":"https:\/\/www.ccdrc.pt\/en\/wp-json\/wp\/v2\/types\/post"}],"author":[{"embeddable":true,"href":"https:\/\/www.ccdrc.pt\/en\/wp-json\/wp\/v2\/users\/1"}],"replies":[{"embeddable":true,"href":"https:\/\/www.ccdrc.pt\/en\/wp-json\/wp\/v2\/comments?post=19063"}],"version-history":[{"count":0,"href":"https:\/\/www.ccdrc.pt\/en\/wp-json\/wp\/v2\/posts\/19063\/revisions"}],"wp:featuredmedia":[{"embeddable":true,"href":"https:\/\/www.ccdrc.pt\/en\/wp-json\/wp\/v2\/media\/19061"}],"wp:attachment":[{"href":"https:\/\/www.ccdrc.pt\/en\/wp-json\/wp\/v2\/media?parent=19063"}],"wp:term":[{"taxonomy":"category","embeddable":true,"href":"https:\/\/www.ccdrc.pt\/en\/wp-json\/wp\/v2\/categories?post=19063"},{"taxonomy":"post_tag","embeddable":true,"href":"https:\/\/www.ccdrc.pt\/en\/wp-json\/wp\/v2\/tags?post=19063"}],"curies":[{"name":"wp","href":"https:\/\/api.w.org\/{rel}","templated":true}]}}