{"id":18936,"date":"2017-09-21T15:05:13","date_gmt":"2017-09-21T15:05:13","guid":{"rendered":"http:\/\/www.ccdrc.pt\/ccdr-centro-celebra-com-a-europa-o-dia-da-cooperacao-europeia\/"},"modified":"2017-09-21T15:05:13","modified_gmt":"2017-09-21T15:05:13","slug":"ccdr-centro-celebra-com-a-europa-o-dia-da-cooperacao-europeia","status":"publish","type":"post","link":"https:\/\/www.ccdrc.pt\/en\/ccdr-centro-celebra-com-a-europa-o-dia-da-cooperacao-europeia\/","title":{"rendered":"CCDR CENTRO CELEBRA COM A EUROPA O DIA DA COOPERA\u00c7\u00c3O EUROPEIA"},"content":{"rendered":"<p>\u00a0<img decoding=\"async\" class=\"size-full wp-image-18933\" style=\"display: block; margin-left: auto; margin-right: auto;\" src=\"http:\/\/www.ccdrc.pt\/wp-content\/uploads\/2017\/09\/banner_Diacooperacaoeuropeia-cce.jpg\" alt=\"\" width=\"627\" height=\"266\" srcset=\"https:\/\/www.ccdrc.pt\/wp-content\/uploads\/2017\/09\/banner_Diacooperacaoeuropeia-cce-200x85.jpg 200w, https:\/\/www.ccdrc.pt\/wp-content\/uploads\/2017\/09\/banner_Diacooperacaoeuropeia-cce-400x170.jpg 400w, https:\/\/www.ccdrc.pt\/wp-content\/uploads\/2017\/09\/banner_Diacooperacaoeuropeia-cce-500x212.jpg 500w, https:\/\/www.ccdrc.pt\/wp-content\/uploads\/2017\/09\/banner_Diacooperacaoeuropeia-cce-600x254.jpg 600w, https:\/\/www.ccdrc.pt\/wp-content\/uploads\/2017\/09\/banner_Diacooperacaoeuropeia-cce-700x297.jpg 700w, https:\/\/www.ccdrc.pt\/wp-content\/uploads\/2017\/09\/banner_Diacooperacaoeuropeia-cce-768x326.jpg 768w, https:\/\/www.ccdrc.pt\/wp-content\/uploads\/2017\/09\/banner_Diacooperacaoeuropeia-cce-800x339.jpg 800w, https:\/\/www.ccdrc.pt\/wp-content\/uploads\/2017\/09\/banner_Diacooperacaoeuropeia-cce.jpg 920w\" sizes=\"(max-width: 627px) 100vw, 627px\" \/><\/p>\n<p style=\"text-align: justify;\">Celebra-se hoje em toda a Europa, pelo sexto ano consecutivo, o <a href=\"https:\/\/www.ecday.eu\/\" target=\"_blank\" rel=\"alternate noopener\"><span style=\"color: #0000ff;\">Dia da Coopera\u00e7\u00e3o Europeia<\/span><\/a>, que tem como finalidade chamar a aten\u00e7\u00e3o para a import\u00e2ncia da coopera\u00e7\u00e3o territorial europeia e para os resultados alcan\u00e7ados nos espa\u00e7os de fronteira pelas regi\u00f5es e pelos Estados europeus, nomeadamente no \u00e2mbito dos projetos INTERREG. Refor\u00e7ando, desta forma, a import\u00e2ncia da coopera\u00e7\u00e3o territorial europeia como instrumento que ajuda a aproximar os europeus, a partilhar ideias e a encontrar solu\u00e7\u00f5es para problemas comuns.<\/p>\n<p style=\"text-align: justify;\">A CCDR Centro, partilhando desta certeza, integra, desde a 1\u00aa metade dos anos noventa, duas comunidades de trabalho transfronteiri\u00e7as CENCYL \u2013 com Castilla y Le\u00f3n e EUROACE com Alentejo e Extremadura. Neste contexto, tem promovido, em conjunto com as regi\u00f5es parceiras, a aproxima\u00e7\u00e3o das respetivas administra\u00e7\u00f5es nos diferentes setores e o envolvimento ativo dos cidad\u00e3os e institui\u00e7\u00f5es da sociedade civil na promo\u00e7\u00e3o conjunta do desenvolvimento econ\u00f3mico, social e cultural destes territ\u00f3rios comuns.<\/p>\n<p style=\"text-align: justify;\">Nesta mesma data cumpre-se o oitavo anivers\u00e1rio da <a href=\"http:\/\/www.euro-ace.eu\/pt-pt\" target=\"_blank\" rel=\"alternate noopener\"><span style=\"color: #0000ff;\">EUROACE<\/span><\/a> que revalidou, em Vila Velha de R\u00f3d\u00e3o, com a constitui\u00e7\u00e3o da Comunidade de Trabalho Alentejo, Centro, Extremadura o importante historial de coopera\u00e7\u00e3o transfronteiri\u00e7a que desde h\u00e1 longos anos se desenvolve entre as tr\u00eas regi\u00f5es e fomentou um novo impulso e uma nova e mais eficaz dimens\u00e3o \u00e0 sua atividade.<\/p>\n<p style=\"text-align: justify;\">Aproveitando esta dupla celebra\u00e7\u00e3o, partilhamos o <a href=\"http:\/\/www.euro-ace.eu\/es\/anuario-2016\" target=\"_blank\" rel=\"alternate noopener\"><span style=\"color: #0000ff;\">Anu\u00e1rio Digital EUROACE 2016<\/span><\/a>, no qual se recolhem as atividades que foram levadas a cabo durante o ano transato pelas tr\u00eas regi\u00f5es e que regista desta forma o dinamismo da coopera\u00e7\u00e3o transfronteiri\u00e7a num per\u00edodo marcado pelo arranque dos novos projetos no Programa INTERREG V-A para o per\u00edodo 2014-2020.<\/p>\n<p style=\"text-align: justify;\">Queremos tamb\u00e9m lembrar que no \u00e2mbito de outros Programas de Coopera\u00e7\u00e3o Territorial Europeia, designadamente Interreg Europe, Interreg SUDOE, Interreg Espa\u00e7o Atl\u00e2ntico e URBACT investimos no apoio e acompanhamento das entidades e projetos da regi\u00e3o Centro promovendo, nomeadamente, a sua divulga\u00e7\u00e3o e a dissemina\u00e7\u00e3o dos resultados.<\/p>\n<p style=\"text-align: justify;\">A CCDR Centro, nos diferentes contextos e cen\u00e1rios, \u201cpartilha as fronteiras e cresce em conjunto\u201d.<\/p>\n<p><img decoding=\"async\" class=\"size-full wp-image-18934\" style=\"display: block; margin-left: auto; margin-right: auto;\" src=\"http:\/\/www.ccdrc.pt\/wp-content\/uploads\/2017\/09\/bicicleta_noticias-180.PNG\" alt=\"\" width=\"450\" height=\"224\" srcset=\"https:\/\/www.ccdrc.pt\/wp-content\/uploads\/2017\/09\/bicicleta_noticias-180-200x100.png 200w, https:\/\/www.ccdrc.pt\/wp-content\/uploads\/2017\/09\/bicicleta_noticias-180-400x199.png 400w, https:\/\/www.ccdrc.pt\/wp-content\/uploads\/2017\/09\/bicicleta_noticias-180.PNG 450w\" sizes=\"(max-width: 450px) 100vw, 450px\" \/><\/p>\n<p style=\"text-align: center;\">Dia da Coopera\u00e7\u00e3o Europeia<br \/>Programa Interreg V-A Espanha-Portugal (POCTEP)<\/p>\n<p style=\"text-align: justify;\">V\u00eddeo promocional do EC DAY2017:\u00a0<span style=\"color: #0000ff;\"><a>https:\/\/www.ecday.eu\/materials-video\/<\/a><\/span><\/p>\n<p><img decoding=\"async\" class=\"size-full wp-image-18935\" style=\"display: block; margin-left: auto; margin-right: auto;\" src=\"http:\/\/www.ccdrc.pt\/wp-content\/uploads\/2017\/09\/Logos_Euroace-ee2.PNG\" alt=\"\" width=\"634\" height=\"146\" srcset=\"https:\/\/www.ccdrc.pt\/wp-content\/uploads\/2017\/09\/Logos_Euroace-ee2-200x46.png 200w, https:\/\/www.ccdrc.pt\/wp-content\/uploads\/2017\/09\/Logos_Euroace-ee2-400x92.png 400w, https:\/\/www.ccdrc.pt\/wp-content\/uploads\/2017\/09\/Logos_Euroace-ee2-500x115.png 500w, https:\/\/www.ccdrc.pt\/wp-content\/uploads\/2017\/09\/Logos_Euroace-ee2-600x138.png 600w, https:\/\/www.ccdrc.pt\/wp-content\/uploads\/2017\/09\/Logos_Euroace-ee2-700x161.png 700w, https:\/\/www.ccdrc.pt\/wp-content\/uploads\/2017\/09\/Logos_Euroace-ee2.PNG 742w\" sizes=\"(max-width: 634px) 100vw, 634px\" \/><\/p>","protected":false},"excerpt":{"rendered":"<p>\u00a0 Celebra-se hoje em toda a Europa, pelo sexto ano [&hellip;]<\/p>\n","protected":false},"author":1,"featured_media":18933,"comment_status":"open","ping_status":"open","sticky":false,"template":"","format":"standard","meta":{"_acf_changed":false,"_eb_attr":"","inline_featured_image":false,"iawp_total_views":2,"footnotes":""},"categories":[307],"tags":[],"class_list":["post-18936","post","type-post","status-publish","format-standard","has-post-thumbnail","hentry","category-informacao"],"acf":[],"_links":{"self":[{"href":"https:\/\/www.ccdrc.pt\/en\/wp-json\/wp\/v2\/posts\/18936","targetHints":{"allow":["GET"]}}],"collection":[{"href":"https:\/\/www.ccdrc.pt\/en\/wp-json\/wp\/v2\/posts"}],"about":[{"href":"https:\/\/www.ccdrc.pt\/en\/wp-json\/wp\/v2\/types\/post"}],"author":[{"embeddable":true,"href":"https:\/\/www.ccdrc.pt\/en\/wp-json\/wp\/v2\/users\/1"}],"replies":[{"embeddable":true,"href":"https:\/\/www.ccdrc.pt\/en\/wp-json\/wp\/v2\/comments?post=18936"}],"version-history":[{"count":0,"href":"https:\/\/www.ccdrc.pt\/en\/wp-json\/wp\/v2\/posts\/18936\/revisions"}],"wp:featuredmedia":[{"embeddable":true,"href":"https:\/\/www.ccdrc.pt\/en\/wp-json\/wp\/v2\/media\/18933"}],"wp:attachment":[{"href":"https:\/\/www.ccdrc.pt\/en\/wp-json\/wp\/v2\/media?parent=18936"}],"wp:term":[{"taxonomy":"category","embeddable":true,"href":"https:\/\/www.ccdrc.pt\/en\/wp-json\/wp\/v2\/categories?post=18936"},{"taxonomy":"post_tag","embeddable":true,"href":"https:\/\/www.ccdrc.pt\/en\/wp-json\/wp\/v2\/tags?post=18936"}],"curies":[{"name":"wp","href":"https:\/\/api.w.org\/{rel}","templated":true}]}}