{"id":18808,"date":"2017-02-02T19:15:00","date_gmt":"2017-02-02T19:15:00","guid":{"rendered":"http:\/\/www.ccdrc.pt\/guia-para-o-descritor-qualidade-ar-ambiente\/"},"modified":"2023-09-13T16:28:09","modified_gmt":"2023-09-13T16:28:09","slug":"guia-para-o-descritor-qualidade-ar-ambiente","status":"publish","type":"post","link":"https:\/\/www.ccdrc.pt\/en\/guia-para-o-descritor-qualidade-ar-ambiente\/","title":{"rendered":"Guia para o descritor qualidade do ar ambiente"},"content":{"rendered":"<div class=\"fusion-fullwidth fullwidth-box fusion-builder-row-1 fusion-flex-container nonhundred-percent-fullwidth non-hundred-percent-height-scrolling\" style=\"--awb-border-radius-top-left:0px;--awb-border-radius-top-right:0px;--awb-border-radius-bottom-right:0px;--awb-border-radius-bottom-left:0px;\" ><div class=\"fusion-builder-row fusion-row fusion-flex-align-items-flex-start\" style=\"max-width:1288px;margin-left: calc(-0% \/ 2 );margin-right: calc(-0% \/ 2 );\"><div class=\"fusion-layout-column fusion_builder_column fusion-builder-column-0 fusion_builder_column_1_1 1_1 fusion-flex-column\" style=\"--awb-bg-size:cover;--awb-width-large:100%;--awb-margin-top-large:0px;--awb-spacing-right-large:0%;--awb-margin-bottom-large:0px;--awb-spacing-left-large:0%;--awb-width-medium:100%;--awb-spacing-right-medium:0%;--awb-spacing-left-medium:0%;--awb-width-small:100%;--awb-spacing-right-small:0%;--awb-spacing-left-small:0%;\"><div class=\"fusion-column-wrapper fusion-flex-justify-content-flex-start fusion-content-layout-column\"><div class=\"fusion-text fusion-text-1\"><p><strong>Guia para o descritor da qualidade do ar ambiente, em pedreiras, no \u00e2mbito do procedimento de avalia\u00e7\u00e3o de impacte ambiental (AIA)<\/strong><\/p>\n<p style=\"text-align: justify;\">&#8211; Para a <span style=\"text-decoration: underline;\">caracteriza\u00e7\u00e3o da situa\u00e7\u00e3o de refer\u00eancia da qualidade do ar da \u00e1rea envolvente da pedreira<\/span>, poder\u00e1 recorrer-se a diferentes m\u00e9todos para a avalia\u00e7\u00e3o da qualidade do ar, nomeadamente: estimativas objetivas, modela\u00e7\u00e3o, medi\u00e7\u00f5es realizadas para o efeito, ou utiliza\u00e7\u00e3o dos dados da monitoriza\u00e7\u00e3o da qualidade do ar dispon\u00edveis, nomeadamente:<\/p>\n<p style=\"text-align: justify;\">\u2022 os dados monitorizados nas esta\u00e7\u00f5es fixas da rede nacional da qualidade do ar, dispon\u00edveis no portal da APA, em&nbsp;<span style=\"color: #3366ff;\"><a style=\"color: #3366ff;\" href=\"http:\/\/www.apambiente.pt\" target=\"_blank\" rel=\"alternate noopener\">www.apambiente.pt<\/a> <\/span>;<\/p>\n<p style=\"text-align: justify;\">\u2022 os relat\u00f3rios anuais da qualidade do ar e os dados de emiss\u00f5es gasosas constantes do invent\u00e1rios regionais de emiss\u00f5es gasosas, dispon\u00edveis no portal da CCDRC em <span style=\"color: #3366ff;\"><a style=\"color: #3366ff;\" href=\"http:\/\/www.ccdrc.pt\/en\/\" target=\"_blank\" rel=\"alternate noopener\">www.ccdrc.pt<\/a><\/span>.<\/p>\n<p style=\"text-align: justify;\">Esta caracteriza\u00e7\u00e3o obriga \u00e0 identifica\u00e7\u00e3o dos recetores sens\u00edveis existentes na envolvente da pedreira e \u00e0 descri\u00e7\u00e3o adequada do local de implementa\u00e7\u00e3o do projeto, acompanhada de fotografias e imagens de sat\u00e9lite.<\/p>\n<p style=\"text-align: justify;\">&#8211; Para a <span style=\"text-decoration: underline;\">avalia\u00e7\u00e3o de impactes<\/span>, poder\u00e1 recorrer-se a diferentes m\u00e9todos, nomeadamente estimativas objetivas, modela\u00e7\u00e3o e medi\u00e7\u00f5es. Dever\u00e1 proceder-se \u00e0 identifica\u00e7\u00e3o dos impactes esperados com a implementa\u00e7\u00e3o do projeto, sua classifica\u00e7\u00e3o e magnitude, para as diferentes fases de explora\u00e7\u00e3o, bem como a identifica\u00e7\u00e3o da origem associada aos impactes negativos considerados.<\/p>\n<p style=\"text-align: justify;\">&#8211; As <span style=\"text-decoration: underline;\">medidas de minimiza\u00e7\u00e3o propostas para os impactes negativos<\/span>, dever\u00e3o ser devidamente identificadas, contemplando os detalhes necess\u00e1rios \u00e0 sua implementa\u00e7\u00e3o, nomeadamente a periodicidade da aplica\u00e7\u00e3o\/concretiza\u00e7\u00e3o, bem como a identifica\u00e7\u00e3o do local e outros considerados relevantes.<\/p>\n<p style=\"text-align: justify;\">&#8211; A implementa\u00e7\u00e3o do <span style=\"text-decoration: underline;\">plano de monitoriza\u00e7\u00e3o da qualidade do ar ambiente<\/span> (quando apresentado ou exigido), pode decorrer da exist\u00eancia de reclama\u00e7\u00f5es sobre polui\u00e7\u00e3o atmosf\u00e9rica resultante da explora\u00e7\u00e3o da pedreira, ou na presen\u00e7a de condi\u00e7\u00f5es sens\u00edveis no local em termos da qualidade do ar com grande signific\u00e2ncia (tais como: proximidade de aglomerados populacionais, tipo de material extra\u00eddo, a exist\u00eancia de opera\u00e7\u00f5es de britagem e tipo de piso dos acessos rodovi\u00e1rios na envolvente e na pr\u00f3pria pedreira). O plano poder\u00e1 passar pela imposi\u00e7\u00e3o de medidas de minimiza\u00e7\u00e3o adicionais e\/ou aplica\u00e7\u00e3o de outras a\u00e7\u00f5es entendidas por convenientes, nomeadamente a realiza\u00e7\u00e3o regular de campanhas de avalia\u00e7\u00e3o da qualidade do ar para acompanhamento das situa\u00e7\u00f5es.&nbsp;&nbsp;&nbsp;<\/p>\n<\/div><\/div><\/div><\/div><\/div>","protected":false},"excerpt":{"rendered":"","protected":false},"author":1,"featured_media":0,"comment_status":"open","ping_status":"open","sticky":false,"template":"","format":"standard","meta":{"_acf_changed":false,"_eb_attr":"","inline_featured_image":false,"iawp_total_views":8,"footnotes":""},"categories":[612],"tags":[187],"class_list":["post-18808","post","type-post","status-publish","format-standard","hentry","category-avaliacao-de-impacte-ambiental","tag-text-layout"],"acf":[],"_links":{"self":[{"href":"https:\/\/www.ccdrc.pt\/en\/wp-json\/wp\/v2\/posts\/18808","targetHints":{"allow":["GET"]}}],"collection":[{"href":"https:\/\/www.ccdrc.pt\/en\/wp-json\/wp\/v2\/posts"}],"about":[{"href":"https:\/\/www.ccdrc.pt\/en\/wp-json\/wp\/v2\/types\/post"}],"author":[{"embeddable":true,"href":"https:\/\/www.ccdrc.pt\/en\/wp-json\/wp\/v2\/users\/1"}],"replies":[{"embeddable":true,"href":"https:\/\/www.ccdrc.pt\/en\/wp-json\/wp\/v2\/comments?post=18808"}],"version-history":[{"count":1,"href":"https:\/\/www.ccdrc.pt\/en\/wp-json\/wp\/v2\/posts\/18808\/revisions"}],"predecessor-version":[{"id":39538,"href":"https:\/\/www.ccdrc.pt\/en\/wp-json\/wp\/v2\/posts\/18808\/revisions\/39538"}],"wp:attachment":[{"href":"https:\/\/www.ccdrc.pt\/en\/wp-json\/wp\/v2\/media?parent=18808"}],"wp:term":[{"taxonomy":"category","embeddable":true,"href":"https:\/\/www.ccdrc.pt\/en\/wp-json\/wp\/v2\/categories?post=18808"},{"taxonomy":"post_tag","embeddable":true,"href":"https:\/\/www.ccdrc.pt\/en\/wp-json\/wp\/v2\/tags?post=18808"}],"curies":[{"name":"wp","href":"https:\/\/api.w.org\/{rel}","templated":true}]}}