{"id":18070,"date":"2013-01-12T19:56:29","date_gmt":"2013-01-12T19:56:29","guid":{"rendered":"http:\/\/www.ccdrc.pt\/reserva-ecologica-nacional\/"},"modified":"2026-08-14T09:05:29","modified_gmt":"2026-08-14T09:05:29","slug":"reserva-ecologica-nacional","status":"publish","type":"post","link":"https:\/\/www.ccdrc.pt\/en\/reserva-ecologica-nacional\/","title":{"rendered":"National Ecological Reserve"},"content":{"rendered":"<div class=\"fusion-fullwidth fullwidth-box fusion-builder-row-1 fusion-flex-container nonhundred-percent-fullwidth non-hundred-percent-height-scrolling\" style=\"--awb-border-radius-top-left:0px;--awb-border-radius-top-right:0px;--awb-border-radius-bottom-right:0px;--awb-border-radius-bottom-left:0px;\" ><div class=\"fusion-builder-row fusion-row fusion-flex-align-items-flex-start\" style=\"max-width:1288px;margin-left: calc(-0% \/ 2 );margin-right: calc(-0% \/ 2 );\"><div class=\"fusion-layout-column fusion_builder_column fusion-builder-column-0 fusion_builder_column_1_1 1_1 fusion-flex-column\" style=\"--awb-bg-size:cover;--awb-width-large:100%;--awb-margin-top-large:0px;--awb-spacing-right-large:0%;--awb-margin-bottom-large:0px;--awb-spacing-left-large:0%;--awb-width-medium:100%;--awb-spacing-right-medium:0%;--awb-spacing-left-medium:0%;--awb-width-small:100%;--awb-spacing-right-small:0%;--awb-spacing-left-small:0%;\"><div class=\"fusion-column-wrapper fusion-flex-justify-content-flex-start fusion-content-layout-column\"><div class=\"fusion-text fusion-text-1\"><p class=\"MsoNormal\" style=\"text-align: justify;\"><span style=\"font-family: Arial;\">Em 09-09-2011, a fiscaliza\u00e7\u00e3o da CCDR Centro com o apoio da Pol\u00edcia Mar\u00edtima detetou a exist\u00eancia de uma edifica\u00e7\u00e3o clandestina situada numa marinha da Ria de Aveiro. A referida edifica\u00e7\u00e3o situava-se em \u00e1rea sujeita \u00e0 servid\u00e3o da Reserva Ecol\u00f3gica Nacional, da Zona de Prote\u00e7\u00e3o Especial da Ria de Aveiro e do Dom\u00ednio P\u00fablico H\u00eddrico\/Mar\u00edtimo.<\/span><\/p>\n<p class=\"MsoNormal\" style=\"text-align: justify;\"><img decoding=\"async\" class=\"size-full wp-image-18068\" src=\"http:\/\/www.ccdrc.pt\/wp-content\/uploads\/2013\/01\/ren-1-antes-fcc.jpg\" width=\"537\" height=\"295\" border=\"0\" srcset=\"https:\/\/www.ccdrc.pt\/wp-content\/uploads\/2013\/01\/ren-1-antes-fcc-200x110.jpg 200w, https:\/\/www.ccdrc.pt\/wp-content\/uploads\/2013\/01\/ren-1-antes-fcc-400x220.jpg 400w, https:\/\/www.ccdrc.pt\/wp-content\/uploads\/2013\/01\/ren-1-antes-fcc-500x275.jpg 500w, https:\/\/www.ccdrc.pt\/wp-content\/uploads\/2013\/01\/ren-1-antes-fcc.jpg 537w\" sizes=\"(max-width: 537px) 100vw, 537px\" \/><\/p>\n<p class=\"MsoNormal\" style=\"text-align: justify;\"><span style=\"font-family: Arial;\">Notificado o respons\u00e1vel pela edifica\u00e7\u00e3o a proceder \u00e0 sua demoli\u00e7\u00e3o tendo em conta que a mesma n\u00e3o era pass\u00edvel de ser licenciada o mesmo deu cumprimento ficando o terreno em estado aceit\u00e1vel, conforme verificado em 22-08-2012. Os Res\u00edduos de constru\u00e7\u00e3o e demoli\u00e7\u00e3o resultantes foram remetidos para operador de gest\u00e3o de res\u00edduos autorizado.<\/span><\/p>\n<p class=\"MsoNormal\" style=\"text-align: justify;\"><img decoding=\"async\" class=\"size-full wp-image-18069\" src=\"http:\/\/www.ccdrc.pt\/wp-content\/uploads\/2013\/01\/ren-1-depois-14e.jpg\" width=\"228\" height=\"555\" border=\"0\" srcset=\"https:\/\/www.ccdrc.pt\/wp-content\/uploads\/2013\/01\/ren-1-depois-14e-200x487.jpg 200w, https:\/\/www.ccdrc.pt\/wp-content\/uploads\/2013\/01\/ren-1-depois-14e.jpg 228w\" sizes=\"(max-width: 228px) 100vw, 228px\" \/><\/p>\n<p class=\"MsoNormal\" style=\"text-align: justify;\">&nbsp;<\/p>\n<\/div><\/div><\/div><\/div><\/div>","protected":false},"excerpt":{"rendered":"","protected":false},"author":1,"featured_media":18068,"comment_status":"open","ping_status":"open","sticky":false,"template":"","format":"standard","meta":{"_acf_changed":false,"_eb_attr":"","inline_featured_image":false,"iawp_total_views":1,"footnotes":""},"categories":[172],"tags":[],"class_list":["post-18070","post","type-post","status-publish","format-standard","has-post-thumbnail","hentry","category-sem-categoria"],"acf":[],"_links":{"self":[{"href":"https:\/\/www.ccdrc.pt\/en\/wp-json\/wp\/v2\/posts\/18070","targetHints":{"allow":["GET"]}}],"collection":[{"href":"https:\/\/www.ccdrc.pt\/en\/wp-json\/wp\/v2\/posts"}],"about":[{"href":"https:\/\/www.ccdrc.pt\/en\/wp-json\/wp\/v2\/types\/post"}],"author":[{"embeddable":true,"href":"https:\/\/www.ccdrc.pt\/en\/wp-json\/wp\/v2\/users\/1"}],"replies":[{"embeddable":true,"href":"https:\/\/www.ccdrc.pt\/en\/wp-json\/wp\/v2\/comments?post=18070"}],"version-history":[{"count":1,"href":"https:\/\/www.ccdrc.pt\/en\/wp-json\/wp\/v2\/posts\/18070\/revisions"}],"predecessor-version":[{"id":92545,"href":"https:\/\/www.ccdrc.pt\/en\/wp-json\/wp\/v2\/posts\/18070\/revisions\/92545"}],"wp:featuredmedia":[{"embeddable":true,"href":"https:\/\/www.ccdrc.pt\/en\/wp-json\/wp\/v2\/media\/18068"}],"wp:attachment":[{"href":"https:\/\/www.ccdrc.pt\/en\/wp-json\/wp\/v2\/media?parent=18070"}],"wp:term":[{"taxonomy":"category","embeddable":true,"href":"https:\/\/www.ccdrc.pt\/en\/wp-json\/wp\/v2\/categories?post=18070"},{"taxonomy":"post_tag","embeddable":true,"href":"https:\/\/www.ccdrc.pt\/en\/wp-json\/wp\/v2\/tags?post=18070"}],"curies":[{"name":"wp","href":"https:\/\/api.w.org\/{rel}","templated":true}]}}