{"id":17894,"date":"2012-08-28T13:51:45","date_gmt":"2012-08-28T13:51:45","guid":{"rendered":"http:\/\/www.ccdrc.pt\/fabrica-de-conservas-em-peniche-abre-100-postos-de-trabalho-ate-2015\/"},"modified":"2012-08-28T13:51:45","modified_gmt":"2012-08-28T13:51:45","slug":"fabrica-de-conservas-em-peniche-abre-100-postos-de-trabalho-ate-2015","status":"publish","type":"post","link":"https:\/\/www.ccdrc.pt\/en\/fabrica-de-conservas-em-peniche-abre-100-postos-de-trabalho-ate-2015\/","title":{"rendered":"F\u00e1brica de conservas em Peniche abre 100 postos de trabalho at\u00e9 2015"},"content":{"rendered":"<p>A diversidade de produtos fabricados tem vindo a aumentar a rentabilidade da ind\u00fastria, o que se tem traduzido no aumento da fatura\u00e7\u00e3o e na cria\u00e7\u00e3o de novos postos de trabalho.<br \/><a class=\"external_link\" href=\"http:\/\/www.asbeiras.pt\/2012\/08\/fabrica-de-conservas-em-peniche-abre-100-postos-de-trabalho-ate-2015\/\" target=\"_blank\" rel=\"noopener\">http:\/\/www.asbeiras.pt\/2012\/08\/fabrica-de-conservas-em-peniche-abre-100-postos-de-trabalho-ate-2015\/<br \/><\/a><br \/>Local: Regi\u00e3o Centro<br \/>Fonte: As Beiras<\/p>","protected":false},"excerpt":{"rendered":"<p>A diversidade de produtos fabricados tem vindo a aumentar a [&hellip;]<\/p>\n","protected":false},"author":1,"featured_media":0,"comment_status":"open","ping_status":"open","sticky":false,"template":"","format":"standard","meta":{"_acf_changed":false,"_eb_attr":"","inline_featured_image":false,"iawp_total_views":0,"footnotes":""},"categories":[172],"tags":[],"class_list":["post-17894","post","type-post","status-publish","format-standard","hentry","category-sem-categoria"],"acf":[],"_links":{"self":[{"href":"https:\/\/www.ccdrc.pt\/en\/wp-json\/wp\/v2\/posts\/17894","targetHints":{"allow":["GET"]}}],"collection":[{"href":"https:\/\/www.ccdrc.pt\/en\/wp-json\/wp\/v2\/posts"}],"about":[{"href":"https:\/\/www.ccdrc.pt\/en\/wp-json\/wp\/v2\/types\/post"}],"author":[{"embeddable":true,"href":"https:\/\/www.ccdrc.pt\/en\/wp-json\/wp\/v2\/users\/1"}],"replies":[{"embeddable":true,"href":"https:\/\/www.ccdrc.pt\/en\/wp-json\/wp\/v2\/comments?post=17894"}],"version-history":[{"count":0,"href":"https:\/\/www.ccdrc.pt\/en\/wp-json\/wp\/v2\/posts\/17894\/revisions"}],"wp:attachment":[{"href":"https:\/\/www.ccdrc.pt\/en\/wp-json\/wp\/v2\/media?parent=17894"}],"wp:term":[{"taxonomy":"category","embeddable":true,"href":"https:\/\/www.ccdrc.pt\/en\/wp-json\/wp\/v2\/categories?post=17894"},{"taxonomy":"post_tag","embeddable":true,"href":"https:\/\/www.ccdrc.pt\/en\/wp-json\/wp\/v2\/tags?post=17894"}],"curies":[{"name":"wp","href":"https:\/\/api.w.org\/{rel}","templated":true}]}}