{"id":17579,"date":"2012-03-22T14:21:15","date_gmt":"2012-03-22T14:21:15","guid":{"rendered":"http:\/\/www.ccdrc.pt\/cidades-juntam-se-contra-a-crise\/"},"modified":"2012-03-22T14:21:15","modified_gmt":"2012-03-22T14:21:15","slug":"cidades-juntam-se-contra-a-crise","status":"publish","type":"post","link":"https:\/\/www.ccdrc.pt\/en\/cidades-juntam-se-contra-a-crise\/","title":{"rendered":"Cidades juntam-se contra a crise"},"content":{"rendered":"<p>A crise econ\u00f3mica em Portugal e Espanha levou um conjunto de cidades portuguesas (Aveiro inclu\u00edda) e espanholas a \u00abcooperem mutuamente para aproveitarem e promoverem projetos conjuntos em diversas \u00e1reas, como o desenvolvimento territorial, a economia, a energia, a efici\u00eancia energ\u00e9tica, o turismo e a cultura\u00bb.<br \/><a class=\"external_link\" href=\"http:\/\/www.oln.pt\/noticias.asp?id=24858&#038;secc=1\" target=\"_blank\" rel=\"noopener\">http:\/\/www.oln.pt\/noticias.asp?id=24858&#038;secc=1<\/a><\/p>\n<p>Local: Regi\u00e3o Centro<br \/>Fonte: Aveiro online<\/p>","protected":false},"excerpt":{"rendered":"<p>A crise econ\u00f3mica em Portugal e Espanha levou um conjunto [&hellip;]<\/p>\n","protected":false},"author":1,"featured_media":0,"comment_status":"open","ping_status":"open","sticky":false,"template":"","format":"standard","meta":{"_acf_changed":false,"_eb_attr":"","inline_featured_image":false,"iawp_total_views":0,"footnotes":""},"categories":[172],"tags":[],"class_list":["post-17579","post","type-post","status-publish","format-standard","hentry","category-sem-categoria"],"acf":[],"_links":{"self":[{"href":"https:\/\/www.ccdrc.pt\/en\/wp-json\/wp\/v2\/posts\/17579","targetHints":{"allow":["GET"]}}],"collection":[{"href":"https:\/\/www.ccdrc.pt\/en\/wp-json\/wp\/v2\/posts"}],"about":[{"href":"https:\/\/www.ccdrc.pt\/en\/wp-json\/wp\/v2\/types\/post"}],"author":[{"embeddable":true,"href":"https:\/\/www.ccdrc.pt\/en\/wp-json\/wp\/v2\/users\/1"}],"replies":[{"embeddable":true,"href":"https:\/\/www.ccdrc.pt\/en\/wp-json\/wp\/v2\/comments?post=17579"}],"version-history":[{"count":0,"href":"https:\/\/www.ccdrc.pt\/en\/wp-json\/wp\/v2\/posts\/17579\/revisions"}],"wp:attachment":[{"href":"https:\/\/www.ccdrc.pt\/en\/wp-json\/wp\/v2\/media?parent=17579"}],"wp:term":[{"taxonomy":"category","embeddable":true,"href":"https:\/\/www.ccdrc.pt\/en\/wp-json\/wp\/v2\/categories?post=17579"},{"taxonomy":"post_tag","embeddable":true,"href":"https:\/\/www.ccdrc.pt\/en\/wp-json\/wp\/v2\/tags?post=17579"}],"curies":[{"name":"wp","href":"https:\/\/api.w.org\/{rel}","templated":true}]}}