{"id":16748,"date":"2011-05-24T14:01:41","date_gmt":"2011-05-24T14:01:41","guid":{"rendered":"http:\/\/www.ccdrc.pt\/campos-e-cunha-belmiro-e-outros-debatem-a-regiao\/"},"modified":"2011-05-24T14:01:41","modified_gmt":"2011-05-24T14:01:41","slug":"campos-e-cunha-belmiro-e-outros-debatem-a-regiao","status":"publish","type":"post","link":"https:\/\/www.ccdrc.pt\/en\/campos-e-cunha-belmiro-e-outros-debatem-a-regiao\/","title":{"rendered":"Campos e Cunha, Belmiro e outros debatem a Regi\u00e3o"},"content":{"rendered":"<p>O pavilh\u00e3o do N\u00facleo Empresarial da Regi\u00e3o de Castelo Branco (NERCAB), um semin\u00e1rio subordinado ao tema Que coes\u00e3o e modelo de desenvolvimento sustent\u00e1vel para a regi\u00e3o da Beira Baixa.<br \/><a class=\"external_link\" href=\"http:\/\/www.gazetadointerior.pt\/seccoes\/index.asp?idn=11678\" target=\"_blank\" rel=\"noopener\">http:\/\/www.gazetadointerior.pt\/seccoes\/index.asp?idn=11678<br \/><\/a><br \/>Local: Castelo Branco<br \/>Fonte: Gazeta do Interior<\/p>","protected":false},"excerpt":{"rendered":"<p>O pavilh\u00e3o do N\u00facleo Empresarial da Regi\u00e3o de Castelo Branco [&hellip;]<\/p>\n","protected":false},"author":1,"featured_media":0,"comment_status":"open","ping_status":"open","sticky":false,"template":"","format":"standard","meta":{"_acf_changed":false,"_eb_attr":"","inline_featured_image":false,"iawp_total_views":0,"footnotes":""},"categories":[172],"tags":[],"class_list":["post-16748","post","type-post","status-publish","format-standard","hentry","category-sem-categoria"],"acf":[],"_links":{"self":[{"href":"https:\/\/www.ccdrc.pt\/en\/wp-json\/wp\/v2\/posts\/16748","targetHints":{"allow":["GET"]}}],"collection":[{"href":"https:\/\/www.ccdrc.pt\/en\/wp-json\/wp\/v2\/posts"}],"about":[{"href":"https:\/\/www.ccdrc.pt\/en\/wp-json\/wp\/v2\/types\/post"}],"author":[{"embeddable":true,"href":"https:\/\/www.ccdrc.pt\/en\/wp-json\/wp\/v2\/users\/1"}],"replies":[{"embeddable":true,"href":"https:\/\/www.ccdrc.pt\/en\/wp-json\/wp\/v2\/comments?post=16748"}],"version-history":[{"count":0,"href":"https:\/\/www.ccdrc.pt\/en\/wp-json\/wp\/v2\/posts\/16748\/revisions"}],"wp:attachment":[{"href":"https:\/\/www.ccdrc.pt\/en\/wp-json\/wp\/v2\/media?parent=16748"}],"wp:term":[{"taxonomy":"category","embeddable":true,"href":"https:\/\/www.ccdrc.pt\/en\/wp-json\/wp\/v2\/categories?post=16748"},{"taxonomy":"post_tag","embeddable":true,"href":"https:\/\/www.ccdrc.pt\/en\/wp-json\/wp\/v2\/tags?post=16748"}],"curies":[{"name":"wp","href":"https:\/\/api.w.org\/{rel}","templated":true}]}}