{"id":15610,"date":"2008-10-14T11:48:00","date_gmt":"2008-10-14T11:48:00","guid":{"rendered":"http:\/\/www.ccdrc.pt\/prevencao-e-controlo-integrados-da-poluicao-pcip\/"},"modified":"2023-07-25T09:09:42","modified_gmt":"2023-07-25T09:09:42","slug":"prevencao-e-controlo-integrados-da-poluicao-pcip","status":"publish","type":"post","link":"https:\/\/www.ccdrc.pt\/en\/prevencao-e-controlo-integrados-da-poluicao-pcip\/","title":{"rendered":"Integrated Pollution Prevention and Control (IPPC)"},"content":{"rendered":"<div class=\"fusion-fullwidth fullwidth-box fusion-builder-row-1 fusion-flex-container nonhundred-percent-fullwidth non-hundred-percent-height-scrolling\" style=\"--awb-border-radius-top-left:0px;--awb-border-radius-top-right:0px;--awb-border-radius-bottom-right:0px;--awb-border-radius-bottom-left:0px;\" ><div class=\"fusion-builder-row fusion-row fusion-flex-align-items-flex-start\" style=\"max-width:1288px;margin-left: calc(-0% \/ 2 );margin-right: calc(-0% \/ 2 );\"><div class=\"fusion-layout-column fusion_builder_column fusion-builder-column-0 fusion_builder_column_1_1 1_1 fusion-flex-column\" style=\"--awb-bg-size:cover;--awb-width-large:100%;--awb-margin-top-large:0px;--awb-spacing-right-large:0%;--awb-margin-bottom-large:0px;--awb-spacing-left-large:0%;--awb-width-medium:100%;--awb-spacing-right-medium:0%;--awb-spacing-left-medium:0%;--awb-width-small:100%;--awb-spacing-right-small:0%;--awb-spacing-left-small:0%;\"><div class=\"fusion-column-wrapper fusion-flex-justify-content-flex-start fusion-content-layout-column\"><div class=\"fusion-text fusion-text-1\"><p style=\"text-align: left;\">No quadro da pol\u00edtica comunit\u00e1ria do ambiente e, designadamente na linha do Quinto Programa Comunit\u00e1rio de Ac\u00e7\u00e3o em Mat\u00e9ria de Ambiente e Desenvolvimento Sustent\u00e1vel, a publica\u00e7\u00e3o da <a class=\"external_link\" title=\"Directiva n.\u00ba96\" href=\"http:\/\/siddamb.apambiente.pt\/publico\/documentoPublico.asp?documento=3568&amp;versao=2\" target=\"_blank\" rel=\"noopener\">Directiva n.\u00ba 96\/61\/CE<\/a>, do Conselho, de 24 de Setembro, relativa \u00e0 preven\u00e7\u00e3o e controlo integrados da polui\u00e7\u00e3o, constitui a concretiza\u00e7\u00e3o de uma nova tend\u00eancia na estrat\u00e9gia de abordagem do combate \u00e0 polui\u00e7\u00e3o.<\/p>\n<p style=\"text-align: left;\">A referida Directiva n.\u00ba 96\/61\/CE, reconhecendo que a exist\u00eancia de abordagens diferentes no controlo da polui\u00e7\u00e3o do ar, das \u00e1guas e do solo pode favorecer a transfer\u00eancia dos problemas de polui\u00e7\u00e3o entre os meios f\u00edsicos, em vez de favorecer a protec\u00e7\u00e3o do ambiente no seu todo, assume, como escopo essencial, o objectivo de uma abordagem integrada do controlo da polui\u00e7\u00e3o, assente prioritariamente na preven\u00e7\u00e3o, sempre que poss\u00edvel, das emiss\u00f5es para o ar, a \u00e1gua e o solo, tendo em conta a gest\u00e3o dos res\u00edduos, ou na correspondente minimiza\u00e7\u00e3o dessas emiss\u00f5es, como meio de alcan\u00e7ar um n\u00edvel elevado de protec\u00e7\u00e3o do ambiente no seu todo.<\/p>\n<p style=\"text-align: left;\">O <a class=\"doclink\" href=\"http:\/\/www.ccdrc.pt\/wp-content\/uploads\/2009\/04\/DL194_2000-10f.pdf\">Decreto-Lei n.\u00ba 194\/2000 <span class=\"small\">(pdf, 199.15 kB)<\/span><\/a>&nbsp; , de 21 de Agosto, transp\u00f4s para a ordem jur\u00eddica interna a Directiva n.\u00ba 96\/61\/CE, tendo por objectivo a preven\u00e7\u00e3o e o controlo integrados da polui\u00e7\u00e3o proveniente de certas actividades e o estabelecimento de medidas destinadas a evitar ou, quando tal n\u00e3o for poss\u00edvel, a reduzir as emiss\u00f5es dessas actividades para o ar, a \u00e1gua ou o solo, a preven\u00e7\u00e3o e controlo do ru\u00eddo e a produ\u00e7\u00e3o de res\u00edduos, tendo em vista alcan\u00e7ar um n\u00edvel elevado de protec\u00e7\u00e3o do ambiente no seu todo.<\/p>\n<p style=\"text-align: left;\">Da experi\u00eancia colhida nos oito anos de vig\u00eancia do Decreto-Lei 194\/2000, resultou a necessidade de se proceder \u00e0 sua actualiza\u00e7\u00e3o, de forma a adequar e tornar mais c\u00e9lere o procedimento de licen\u00e7a ambiental nele previsto, harmonizando-o com outros regimes jur\u00eddicos que prev\u00eaem, igualmente, procedimentos de licenciamento (designadamente o regime de exerc\u00edcio da actividade industrial).<\/p>\n<p style=\"text-align: left;\">Assim, o <a class=\"doclink\" href=\"http:\/\/www.ccdrc.pt\/wp-content\/uploads\/2009\/04\/DL173_08-8bf.pdf\">Decreto Lei n.\u00ba 173\/2008, de 26 de Agosto <span class=\"small\">(pdf, 254.74 kB)<\/span><\/a>&nbsp; , revoga o Decreto Lei n.\u00ba 194\/2000, de 21 de Agosto, estabelecendo o novo regime jur\u00eddico relativo \u00e0 preven\u00e7\u00e3o e controlo integrados da polui\u00e7\u00e3o, transpondo para a ordem jur\u00eddica interna a Directiva n.\u00ba 2008\/1\/CE, do Parlamento Europeu e do Conselho, de 15 de Janeiro.<\/p>\n<p style=\"text-align: left;\">At\u00e9 \u00e0 entrada em vigor das Portarias nele previstas, mant\u00eam-se em vigor as Portarias:<\/p>\n<ul style=\"text-align: left;\">\n<li>1047\/2001, de 1 de Setembro;<\/li>\n<li>1252\/2001, de 20 de Julho;<\/li>\n<li>1057\/2006, de 25 de Setembro;<\/li>\n<li>538\/2007, de 9 de Maio.<\/li>\n<\/ul>\n<p style=\"text-align: left;\">De notar que, nesta fase, a requerimento do operador, as disposi\u00e7\u00f5es constantes do Decreto Lei n.\u00ba 173\/2008, podem ser aplicadas aos procedimentos de licen\u00e7a ambiental em curso (com excep\u00e7\u00e3o dos n\u00bas 1 a 5 do Artigo 16.\u00ba e do Artigo 17.\u00ba).<\/p>\n<p>&nbsp;<\/p>\n<p class=\"subtitulo1\" style=\"text-align: left;\"><strong>Entidades Intervenientes<\/strong><\/p>\n<ul style=\"text-align: left;\">\n<li><strong>Autoridade competente para a licen\u00e7a ambiental:<\/strong><a class=\"external_link\" href=\"http:\/\/www.apambiente.pt\/\/\" target=\"_blank\" rel=\"noopener\"> <span class=\"external_link\">Ag\u00eancia Portuguesa do Ambiente (APA)<\/span>;<\/a><\/li>\n<li><strong>Entidade Coordenadora (EC):<\/strong> entidade a quem compete a coordena\u00e7\u00e3o do processo de licenciamento ou autoriza\u00e7\u00e3o das actividades referidas no Anexo I do DL 173\/2008 e a emiss\u00e3o da autoriza\u00e7\u00e3o ou licen\u00e7a para a instala\u00e7\u00e3o, altera\u00e7\u00e3o e explora\u00e7\u00e3o dessas actividades<\/li>\n<li><strong>Comiss\u00f5es de Coordena\u00e7\u00e3o e Desenvolvimento Regional (CCDR):<\/strong> Colaboram com a APA, sempre que solicitadas. Asseguram que sejam disponibilizados ao p\u00fablico pelo per\u00edodo de 15 dias, os an\u00fancios dos pedidos de licen\u00e7a ambiental para in\u00edcio de explora\u00e7\u00e3o ou altera\u00e7\u00e3o substancial, bem como os de renova\u00e7\u00e3o. No \u00e2mbito das suas compet\u00eancias pr\u00f3prias desenvolvem ac\u00e7\u00f5es de fiscaliza\u00e7\u00e3o.<\/li>\n<\/ul>\n<p style=\"text-align: left;\">O pedido de licen\u00e7a ambiental de uma instala\u00e7\u00e3o PCIP \u00e9 apresentado pelo operador \u00e0 Entidade Coordenadora (EC) da instala\u00e7\u00e3o. O pedido \u00e9 feito em <a class=\"doclink\" href=\"http:\/\/www.ccdrc.pt\/wp-content\/uploads\/2009\/04\/pcip_formulario-4c9.pdf\"><span class=\"doclink\">Formul\u00e1rio <span class=\"small\">(pdf, 1.65 MB)<\/span><\/span><\/a>&nbsp; pr\u00f3prio, em modelo aprovado pela <a class=\"doclink\" href=\"http:\/\/www.ccdrc.pt\/wp-content\/uploads\/2009\/04\/5_modelo_z.prot_.ed_.publico_out2013-29b.doc\"><span class=\"doclink\">Portaria n.\u00ba 1047\/2001 <span class=\"small\">(pdf, 539.74 kB)<\/span><\/span><\/a>&nbsp; , de 1 de Setembro.<\/p>\n<\/div><\/div><\/div><\/div><\/div>","protected":false},"excerpt":{"rendered":"","protected":false},"author":1,"featured_media":0,"comment_status":"open","ping_status":"open","sticky":false,"template":"","format":"standard","meta":{"_acf_changed":false,"_eb_attr":"","inline_featured_image":false,"iawp_total_views":17,"footnotes":""},"categories":[172],"tags":[],"class_list":["post-15610","post","type-post","status-publish","format-standard","hentry","category-sem-categoria"],"acf":[],"_links":{"self":[{"href":"https:\/\/www.ccdrc.pt\/en\/wp-json\/wp\/v2\/posts\/15610","targetHints":{"allow":["GET"]}}],"collection":[{"href":"https:\/\/www.ccdrc.pt\/en\/wp-json\/wp\/v2\/posts"}],"about":[{"href":"https:\/\/www.ccdrc.pt\/en\/wp-json\/wp\/v2\/types\/post"}],"author":[{"embeddable":true,"href":"https:\/\/www.ccdrc.pt\/en\/wp-json\/wp\/v2\/users\/1"}],"replies":[{"embeddable":true,"href":"https:\/\/www.ccdrc.pt\/en\/wp-json\/wp\/v2\/comments?post=15610"}],"version-history":[{"count":5,"href":"https:\/\/www.ccdrc.pt\/en\/wp-json\/wp\/v2\/posts\/15610\/revisions"}],"predecessor-version":[{"id":30752,"href":"https:\/\/www.ccdrc.pt\/en\/wp-json\/wp\/v2\/posts\/15610\/revisions\/30752"}],"wp:attachment":[{"href":"https:\/\/www.ccdrc.pt\/en\/wp-json\/wp\/v2\/media?parent=15610"}],"wp:term":[{"taxonomy":"category","embeddable":true,"href":"https:\/\/www.ccdrc.pt\/en\/wp-json\/wp\/v2\/categories?post=15610"},{"taxonomy":"post_tag","embeddable":true,"href":"https:\/\/www.ccdrc.pt\/en\/wp-json\/wp\/v2\/tags?post=15610"}],"curies":[{"name":"wp","href":"https:\/\/api.w.org\/{rel}","templated":true}]}}