{"id":15481,"date":"2006-12-06T18:50:49","date_gmt":"2006-12-06T18:50:49","guid":{"rendered":"http:\/\/www.ccdrc.pt\/discussao-publica-do-programa-nacional-da-politica-de-ordenamento-do-territorio-sp-31369\/"},"modified":"2006-12-06T18:50:49","modified_gmt":"2006-12-06T18:50:49","slug":"discussao-publica-do-programa-nacional-da-politica-de-ordenamento-do-territorio-sp-31369","status":"publish","type":"post","link":"https:\/\/www.ccdrc.pt\/en\/discussao-publica-do-programa-nacional-da-politica-de-ordenamento-do-territorio-sp-31369\/","title":{"rendered":"Discuss\u00e3o p\u00fablica do programa nacional da pol\u00edtica de ordenamento do territ\u00f3rio"},"content":{"rendered":"<p>O PNPOT constitui um instrumento fundamental para garantir o desenvolvimento e a coes\u00e3o do territ\u00f3rio nacional, atenuando assimetrias regionais e assegurando a igualdade de oportunidade.<\/p>\n<p>A Comiss\u00e3o de Coordena\u00e7\u00e3o e Desenvolvimento Regional do Centro (CCDRC), em colabora\u00e7\u00e3o com a Direc\u00e7\u00e3o Geral do Ordenamento do Territ\u00f3rio e Desenvolvimento Urbano (DGOTDU), organizou dia 22 de Junho, no audit\u00f3rio da CCDRC, uma sess\u00e3o p\u00fablica para discuss\u00e3o PNPOT e das propostas para a Regi\u00e3o Centro. A sess\u00e3o foi aberta pelo presidente da CCDRC, Alfredo Marques, e pelo director-geral da DGOTDU, V\u00edtor Campos. Depois da apresenta\u00e7\u00e3o geral do plano, seguiram-se os coment\u00e1rios de Jorge Gaspar (Coordenador Nacional do PNPOT), Jos\u00e9 Reis (Universidade de Coimbra), Manuel Queir\u00f3 (Universidade de Coimbra) e Teresa Fid\u00e9lis (Universidade de Aveiro). Ap\u00f3s um debate bastante participado, a sess\u00e3o foi encerrada pelo Secret\u00e1rio de Estado do Ordenamento do Territ\u00f3rio e das Cidades, Jo\u00e3o Ferr\u00e3o.<\/p>","protected":false},"excerpt":{"rendered":"<p>O Programa Nacional da Pol\u00edtica de Ordenamento do Territ\u00f3rio (PNPOT), um guia para conhecer e projectar o futuro do territ\u00f3rio de Portugal, encontra-se em fase de discuss\u00e3o p\u00fablica e pode ser consultado em <a class=\"external_link\" href=\"http:\/\/www.territorioportugal.pt\" target=\"_blank\" title=\"DGOTDU\" rel=\"noopener\">www.territorioportugal.pt<\/a>.<\/p>","protected":false},"author":1,"featured_media":0,"comment_status":"open","ping_status":"open","sticky":false,"template":"","format":"standard","meta":{"_acf_changed":false,"_eb_attr":"","inline_featured_image":false,"iawp_total_views":0,"footnotes":""},"categories":[307],"tags":[],"class_list":["post-15481","post","type-post","status-publish","format-standard","hentry","category-informacao"],"acf":[],"_links":{"self":[{"href":"https:\/\/www.ccdrc.pt\/en\/wp-json\/wp\/v2\/posts\/15481","targetHints":{"allow":["GET"]}}],"collection":[{"href":"https:\/\/www.ccdrc.pt\/en\/wp-json\/wp\/v2\/posts"}],"about":[{"href":"https:\/\/www.ccdrc.pt\/en\/wp-json\/wp\/v2\/types\/post"}],"author":[{"embeddable":true,"href":"https:\/\/www.ccdrc.pt\/en\/wp-json\/wp\/v2\/users\/1"}],"replies":[{"embeddable":true,"href":"https:\/\/www.ccdrc.pt\/en\/wp-json\/wp\/v2\/comments?post=15481"}],"version-history":[{"count":0,"href":"https:\/\/www.ccdrc.pt\/en\/wp-json\/wp\/v2\/posts\/15481\/revisions"}],"wp:attachment":[{"href":"https:\/\/www.ccdrc.pt\/en\/wp-json\/wp\/v2\/media?parent=15481"}],"wp:term":[{"taxonomy":"category","embeddable":true,"href":"https:\/\/www.ccdrc.pt\/en\/wp-json\/wp\/v2\/categories?post=15481"},{"taxonomy":"post_tag","embeddable":true,"href":"https:\/\/www.ccdrc.pt\/en\/wp-json\/wp\/v2\/tags?post=15481"}],"curies":[{"name":"wp","href":"https:\/\/api.w.org\/{rel}","templated":true}]}}